{"id":36443,"date":"2022-03-09T04:52:19","date_gmt":"2022-03-09T04:52:19","guid":{"rendered":"http:\/\/elterritorialweb.com.ar\/web\/?p=36443"},"modified":"2022-03-09T04:52:52","modified_gmt":"2022-03-09T04:52:52","slug":"mas-de-2-millones-de-personas-escaparon-dw-ucrania-desde-la-invasion-rusa","status":"publish","type":"post","link":"https:\/\/elterritorialweb.com.ar\/web\/mas-de-2-millones-de-personas-escaparon-dw-ucrania-desde-la-invasion-rusa\/","title":{"rendered":"M\u00c1S DE 2 MILLONES DE PERSONAS ESCAPARON DE UCRANIA DESDE LA INVASI\u00d3N RUSA"},"content":{"rendered":"\n<p>El n\u00famero de personas que escaparon de Ucrania desde el inicio de la invasi\u00f3n rusa&nbsp;<strong>super\u00f3 este martes los 2 millones, una cifra que seguir\u00e1 en aumento a medida que los combates contin\u00faen<\/strong>&nbsp;y que crece a una velocidad que no ocurr\u00eda dentro de Europa desde la Segunda Guerra Mundial, inform\u00f3 la ONU.<\/p>\n\n\n\n<p>De acuerdo al \u00faltimo recuento que realiza el Alto Comisionado para los Refugiados (Acnur),&nbsp;<strong>m\u00e1s de 2.011.312 personas pasaron la frontera desde el 24 de febrero y m\u00e1s de la mitad de ellos se encuentran en Polonia (1.204.403)<\/strong>, de una poblaci\u00f3n total de 44 millones.<\/p>\n\n\n\n<p>Otros pa\u00edses vecinos como Ruman\u00eda, Hungr\u00eda, Eslovaquia y Moldavia tambi\u00e9n se convirtieron en refugios temporales, mientras que unas 153.000 se trasladaron a otras naciones en Europa.<\/p>\n\n\n\n<figure class=\"wp-block-image size-full\"><a href=\"https:\/\/i0.wp.com\/elterritorialweb.com.ar\/web\/wp-content\/uploads\/2022\/03\/jhOnVFS69_720x0__1.jpg\"><img data-recalc-dims=\"1\" decoding=\"async\" width=\"640\" height=\"427\" data-src=\"https:\/\/i0.wp.com\/elterritorialweb.com.ar\/web\/wp-content\/uploads\/2022\/03\/jhOnVFS69_720x0__1.jpg?resize=640%2C427\" alt=\"\" class=\"wp-image-36445 lazyload\" data-srcset=\"https:\/\/i0.wp.com\/elterritorialweb.com.ar\/web\/wp-content\/uploads\/2022\/03\/jhOnVFS69_720x0__1.jpg?w=720&amp;ssl=1 720w, https:\/\/i0.wp.com\/elterritorialweb.com.ar\/web\/wp-content\/uploads\/2022\/03\/jhOnVFS69_720x0__1.jpg?resize=300%2C200&amp;ssl=1 300w\" data-sizes=\"(max-width: 640px) 100vw, 640px\" src=\"data:image\/svg+xml;base64,PHN2ZyB3aWR0aD0iMSIgaGVpZ2h0PSIxIiB4bWxucz0iaHR0cDovL3d3dy53My5vcmcvMjAwMC9zdmciPjwvc3ZnPg==\" style=\"--smush-placeholder-width: 640px; --smush-placeholder-aspect-ratio: 640\/427;\" \/><\/a><\/figure>\n\n\n\n<p>\u00abLa salida de refugiados desde Ucrania alcanz\u00f3 los 2 millones. 2 millones\u00bb, tuite\u00f3 el Alto Comisionado para los Refugiados, Filippo Grandi.<\/p>\n\n\n\n<p>El directivo, que visit\u00f3 la zona en estos d\u00edas, aplaudi\u00f3 la recepci\u00f3n \u00abejemplar\u00bb a los refugiados, la gran mayor\u00eda mujeres y ni\u00f1os ante la prohibici\u00f3n que tienen los hombres de entre 18 y 60 a\u00f1os de salir de Ucrania, una medida decretada por el presidente Volodimir Zelenski para reclutar ciudadanos entre sus fuerzas.<\/p>\n\n\n\n<p>\u00abMuchos llegan en coche y, sobre todo, si tienen conexiones, pueden ir adonde tienen familia, amigos, una comunidad\u00bb, explic\u00f3 e igualmente alert\u00f3 de la necesidad de dotar de fondos a los pa\u00edses que reciben el flujo de personas.<\/p>\n\n\n\n<p>\u00abEs posible que, si la guerra contin\u00faa [&#8230;] empecemos a ver a gente sin recursos ni conexiones y esto ser\u00e1 un problema m\u00e1s dif\u00edcil de gestionar para los pa\u00edses europeos\u00bb, subray\u00f3, citado por la agencia de noticias AFP.<\/p>\n\n\n\n<p>Las guerras de los Balcanes, en Bosnia y en Kosovo, tambi\u00e9n provocaron un enorme flujo de refugiados, \u00abentre dos y tres millones, pero en un periodo de ocho a\u00f1os\u00bb, se\u00f1al\u00f3.<\/p>\n\n\n\n<figure class=\"wp-block-image size-full\"><a href=\"https:\/\/i0.wp.com\/elterritorialweb.com.ar\/web\/wp-content\/uploads\/2022\/03\/Rusia-Ucrania-5.jpg\"><img data-recalc-dims=\"1\" decoding=\"async\" width=\"640\" height=\"425\" data-src=\"https:\/\/i0.wp.com\/elterritorialweb.com.ar\/web\/wp-content\/uploads\/2022\/03\/Rusia-Ucrania-5.jpg?resize=640%2C425\" alt=\"\" class=\"wp-image-36446 lazyload\" data-srcset=\"https:\/\/i0.wp.com\/elterritorialweb.com.ar\/web\/wp-content\/uploads\/2022\/03\/Rusia-Ucrania-5.jpg?w=1024&amp;ssl=1 1024w, https:\/\/i0.wp.com\/elterritorialweb.com.ar\/web\/wp-content\/uploads\/2022\/03\/Rusia-Ucrania-5.jpg?resize=300%2C199&amp;ssl=1 300w, https:\/\/i0.wp.com\/elterritorialweb.com.ar\/web\/wp-content\/uploads\/2022\/03\/Rusia-Ucrania-5.jpg?resize=768%2C510&amp;ssl=1 768w\" data-sizes=\"(max-width: 640px) 100vw, 640px\" src=\"data:image\/svg+xml;base64,PHN2ZyB3aWR0aD0iMSIgaGVpZ2h0PSIxIiB4bWxucz0iaHR0cDovL3d3dy53My5vcmcvMjAwMC9zdmciPjwvc3ZnPg==\" style=\"--smush-placeholder-width: 640px; --smush-placeholder-aspect-ratio: 640\/425;\" \/><\/a><\/figure>\n\n\n\n<p><strong>\u00abEn otras regiones del mundo s\u00ed vimos esto, pero en Europa es la primera vez desde la Segunda Guerra Mundial\u00bb<\/strong>, asegur\u00f3.<\/p>\n\n\n\n<p>Por su parte, la Organizaci\u00f3n Internacional para las Migraciones (OIM), agencia que tambi\u00e9n forma parte del paraguas de la ONU, inform\u00f3 que inici\u00f3 una colaboraci\u00f3n con la plataforma digital de alojamientos Airbnb para conectar a personas que huyeron de Ucrania con posibilidades de hospedaje gratuito y de corto plazo.<\/p>\n\n\n\n<p>La firma ofreci\u00f3 la semana pasada alojamiento para 100.000 refugiados ucranianos y hasta ahora m\u00e1s de 26.000 propietarios se inscribieron para ofrecer sus domicilios gratis o con descuentos en numerosos pa\u00edses del mundo.<\/p>\n\n\n\n<p>\u00abAlojamientos seguros, privados y accesibles son fundamentales en estos momentos\u00bb, coment\u00f3 un portavoz de la OIM en Ginebra.<\/p>\n\n\n\n<p>Despu\u00e9s de varios intentos que no prosperaron, este martes se establecieron los primeros corredores humanitarios en Ucrania para que los civiles abandonen las principales ciudades, castigadas por la guerra desde hace casi dos semanas.<\/p>\n\n\n\n<p>A medida que se lleven a cabo las evacuaciones, como la de Irpin, localidad en el noroeste de Kiev y de casi 43.000 habitantes, se espera que aumente la cifra de desplazados internos y de refugiados en el exterior.<\/p>\n\n\n\n<p>En ese marco, el jefe de la diplomacia de la Uni\u00f3n Europea (UE), Josep Borrell, estim\u00f3 el lunes que\u00a0<strong>la cifra de personas que saldr\u00e1n de Ucrania por la guerra puede llegar a hasta cinco millones si siguen los ataques en las ciudades<\/strong>.<\/p>\n\n\n\n<figure class=\"wp-block-image size-large\"><a href=\"https:\/\/i0.wp.com\/elterritorialweb.com.ar\/web\/wp-content\/uploads\/2022\/03\/ucrania_refugiados_afp.jpg\"><img data-recalc-dims=\"1\" decoding=\"async\" width=\"640\" height=\"394\" data-src=\"https:\/\/i0.wp.com\/elterritorialweb.com.ar\/web\/wp-content\/uploads\/2022\/03\/ucrania_refugiados_afp.jpg?resize=640%2C394\" alt=\"\" class=\"wp-image-36447 lazyload\" data-srcset=\"https:\/\/i0.wp.com\/elterritorialweb.com.ar\/web\/wp-content\/uploads\/2022\/03\/ucrania_refugiados_afp.jpg?resize=1024%2C631&amp;ssl=1 1024w, https:\/\/i0.wp.com\/elterritorialweb.com.ar\/web\/wp-content\/uploads\/2022\/03\/ucrania_refugiados_afp.jpg?resize=300%2C185&amp;ssl=1 300w, https:\/\/i0.wp.com\/elterritorialweb.com.ar\/web\/wp-content\/uploads\/2022\/03\/ucrania_refugiados_afp.jpg?resize=768%2C474&amp;ssl=1 768w, https:\/\/i0.wp.com\/elterritorialweb.com.ar\/web\/wp-content\/uploads\/2022\/03\/ucrania_refugiados_afp.jpg?w=1200&amp;ssl=1 1200w\" data-sizes=\"(max-width: 640px) 100vw, 640px\" src=\"data:image\/svg+xml;base64,PHN2ZyB3aWR0aD0iMSIgaGVpZ2h0PSIxIiB4bWxucz0iaHR0cDovL3d3dy53My5vcmcvMjAwMC9zdmciPjwvc3ZnPg==\" style=\"--smush-placeholder-width: 640px; --smush-placeholder-aspect-ratio: 640\/394;\" \/><\/a><\/figure>\n\n\n\n<p>\u00abSi los bombardeos siguen, si contin\u00faan los bombardeos de las ciudades de manera indiscriminada, se puede esperar hasta cinco millones de exiliados\u00bb, precis\u00f3 el espa\u00f1ol, quien ampli\u00f3 que en ese caso ser\u00e1 necesario un esfuerzo financiero importante para hacer frente a la situaci\u00f3n.<\/p>\n","protected":false},"excerpt":{"rendered":"<p>\u00abEn otras regiones del mundo s\u00ed vimos esto, pero en Europa es la primera vez desde la Segunda Guerra Mundial\u00bb, enfatiz\u00f3 el alto comisionado de la ONU para los Refugiados, Filippo Grandi, al dar detalles del flujo de refugiados.<\/p>\n","protected":false},"author":2,"featured_media":36444,"comment_status":"open","ping_status":"open","sticky":false,"template":"","format":"standard","meta":{"om_disable_all_campaigns":false,"_monsterinsights_skip_tracking":false,"_monsterinsights_sitenote_active":false,"_monsterinsights_sitenote_note":"","_monsterinsights_sitenote_category":0,"_uf_show_specific_survey":0,"_uf_disable_surveys":false,"jetpack_post_was_ever_published":false,"_jetpack_newsletter_access":"","_jetpack_dont_email_post_to_subs":false,"_jetpack_newsletter_tier_id":0,"_jetpack_memberships_contains_paywalled_content":false,"_jetpack_memberships_contains_paid_content":false,"footnotes":"","jetpack_publicize_message":"","jetpack_publicize_feature_enabled":true,"jetpack_social_post_already_shared":false,"jetpack_social_options":{"image_generator_settings":{"template":"highway","default_image_id":0,"font":"","enabled":false},"version":2}},"categories":[10],"tags":[],"class_list":["post-36443","post","type-post","status-publish","format-standard","has-post-thumbnail","hentry","category-internacionales"],"aioseo_notices":[],"views":6,"jetpack_publicize_connections":[],"jetpack_featured_media_url":"https:\/\/i0.wp.com\/elterritorialweb.com.ar\/web\/wp-content\/uploads\/2022\/03\/62180d9ecb6a3.r_d.2794-2524-898.jpeg?fit=449%2C220&ssl=1","jetpack_sharing_enabled":true,"_links":{"self":[{"href":"https:\/\/elterritorialweb.com.ar\/web\/wp-json\/wp\/v2\/posts\/36443","targetHints":{"allow":["GET"]}}],"collection":[{"href":"https:\/\/elterritorialweb.com.ar\/web\/wp-json\/wp\/v2\/posts"}],"about":[{"href":"https:\/\/elterritorialweb.com.ar\/web\/wp-json\/wp\/v2\/types\/post"}],"author":[{"embeddable":true,"href":"https:\/\/elterritorialweb.com.ar\/web\/wp-json\/wp\/v2\/users\/2"}],"replies":[{"embeddable":true,"href":"https:\/\/elterritorialweb.com.ar\/web\/wp-json\/wp\/v2\/comments?post=36443"}],"version-history":[{"count":2,"href":"https:\/\/elterritorialweb.com.ar\/web\/wp-json\/wp\/v2\/posts\/36443\/revisions"}],"predecessor-version":[{"id":36449,"href":"https:\/\/elterritorialweb.com.ar\/web\/wp-json\/wp\/v2\/posts\/36443\/revisions\/36449"}],"wp:featuredmedia":[{"embeddable":true,"href":"https:\/\/elterritorialweb.com.ar\/web\/wp-json\/wp\/v2\/media\/36444"}],"wp:attachment":[{"href":"https:\/\/elterritorialweb.com.ar\/web\/wp-json\/wp\/v2\/media?parent=36443"}],"wp:term":[{"taxonomy":"category","embeddable":true,"href":"https:\/\/elterritorialweb.com.ar\/web\/wp-json\/wp\/v2\/categories?post=36443"},{"taxonomy":"post_tag","embeddable":true,"href":"https:\/\/elterritorialweb.com.ar\/web\/wp-json\/wp\/v2\/tags?post=36443"}],"curies":[{"name":"wp","href":"https:\/\/api.w.org\/{rel}","templated":true}]}}