{"id":36457,"date":"2022-03-09T12:54:24","date_gmt":"2022-03-09T12:54:24","guid":{"rendered":"http:\/\/elterritorialweb.com.ar\/web\/?p=36457"},"modified":"2022-03-09T12:58:19","modified_gmt":"2022-03-09T12:58:19","slug":"preocupante-el-cambio-climatico-esta-avanzando-mucho-mas-rapido-de-lo-esperado","status":"publish","type":"post","link":"https:\/\/elterritorialweb.com.ar\/web\/preocupante-el-cambio-climatico-esta-avanzando-mucho-mas-rapido-de-lo-esperado\/","title":{"rendered":"PREOCUPANTE: EL CAMBIO CLIM\u00c1TICO ESTA AVANZANDO MUCHO M\u00c1S R\u00c1PIDO DE LO ESPERADO"},"content":{"rendered":"\n<p>Entre sus puntos m\u00e1s destacados, el informe advierte que es necesario&nbsp;<strong>conservar y proteger entre un tercio y la mitad del planeta<\/strong>&nbsp;para poder garantizar en el futuro inmediato el suministro de los&nbsp;<strong>alimentos<\/strong>&nbsp;y, fundamentalmente, del&nbsp;<strong>agua dulce<\/strong>.<\/p>\n\n\n\n<p>Adem\u00e1s, los especialistas en materia ambiental destacaron que las ciudades costeras necesitan elaborar urgentemente planes para mantener a salvo a sus habitantes de las cada vez m\u00e1s frecuentes y poderosas\u00a0<strong>tormentas<\/strong>, como tambi\u00e9n de las\u00a0<strong>subidas del mar<\/strong>.<\/p>\n\n\n\n<p>\u201c<strong>La adaptaci\u00f3n salva vidas<\/strong>. A medida que los impactos clim\u00e1ticos empeoren- y lo har\u00e1n<strong>,&nbsp;aumentar las inversiones<\/strong>&nbsp;ser\u00e1 esencial para la supervivencia del hombre.&nbsp;<strong>El retraso significa la muerte<\/strong>\u201d, afirm\u00f3&nbsp;<strong>Ant\u00f3nio Manuel Guterres de Oliveira, secretario general de la&nbsp;ONU<\/strong><\/p>\n\n\n\n<p>\u00a0\u201cLa\u00a0<strong>contaminaci\u00f3n descontrolada por carbono<\/strong>\u00a0est\u00e1 obligando a los m\u00e1s vulnerables del mundo a afrontar una\u00a0<strong>marcha feroz hacia la destrucci\u00f3n,\u00a0<\/strong>Los hechos son innegables\u201d, agreg\u00f3 el ingeniero f\u00edsico portugu\u00e9s.<\/p>\n\n\n\n<figure class=\"wp-block-image size-full is-resized\"><a href=\"https:\/\/i0.wp.com\/elterritorialweb.com.ar\/web\/wp-content\/uploads\/2022\/03\/CAMBIO-CLIMATICO.jpg\"><img data-recalc-dims=\"1\" decoding=\"async\" data-src=\"https:\/\/i0.wp.com\/elterritorialweb.com.ar\/web\/wp-content\/uploads\/2022\/03\/CAMBIO-CLIMATICO.jpg?resize=640%2C439\" alt=\"\" class=\"wp-image-36458 lazyload\" width=\"640\" height=\"439\" data-srcset=\"https:\/\/i0.wp.com\/elterritorialweb.com.ar\/web\/wp-content\/uploads\/2022\/03\/CAMBIO-CLIMATICO.jpg?w=612&amp;ssl=1 612w, https:\/\/i0.wp.com\/elterritorialweb.com.ar\/web\/wp-content\/uploads\/2022\/03\/CAMBIO-CLIMATICO.jpg?resize=300%2C206&amp;ssl=1 300w\" data-sizes=\"(max-width: 640px) 100vw, 640px\" src=\"data:image\/svg+xml;base64,PHN2ZyB3aWR0aD0iMSIgaGVpZ2h0PSIxIiB4bWxucz0iaHR0cDovL3d3dy53My5vcmcvMjAwMC9zdmciPjwvc3ZnPg==\" style=\"--smush-placeholder-width: 640px; --smush-placeholder-aspect-ratio: 640\/439;\" \/><\/a><\/figure>\n\n\n\n<h3 class=\"wp-block-heading\">Cambio clim\u00e1tico: soluciones para combatirlo<\/h3>\n\n\n\n<p id=\"continueReadBreak\">En el informe los especialistas tambi\u00e9n exhortan a los gobiernos de todos los pa\u00edses del mundo a&nbsp;<strong>frenar<\/strong>, de manera inmediata y dr\u00e1stica, sus&nbsp;<strong>emisiones de gas<\/strong>&nbsp;para evitar un&nbsp;<strong>calentamiento global desbocado<\/strong>, y tambi\u00e9n a trabajar mucho m\u00e1s para limitar el sufrimiento adapt\u00e1ndose a las condiciones de un&nbsp;<strong>mundo mucho m\u00e1s c\u00e1lido<\/strong>.&nbsp;<\/p>\n\n\n\n<p>Adem\u00e1s, destaca que mientras las ciudades m\u00e1s pobladas del mundo pueden invertir en&nbsp;<strong>zonas de refrigeraci\u00f3n<\/strong>&nbsp;para ayudar a la gente durante las&nbsp;<strong>olas de calor<\/strong>, en el caso de las&nbsp;<strong>comunidades costeras necesitan nuevas infraestructuras o reubicarse.<\/strong><\/p>\n\n\n\n<p>\u201cEn cuanto a la transformaci\u00f3n, podemos planificarla y aplicarla ahora, o nos la impondr\u00e1 el cambio clim\u00e1tico\u201d, coment\u00f3 Kristina Dahl, experta en clima de la Union of Concerned Scientists.<a href=\"https:\/\/www.msn.com\/es-ar\/viajes\/noticias\/preocupante-el-cambio-clim%C3%A1tico-est%C3%A1-avanzando-mucho-m%C3%A1s-r%C3%A1pido-de-lo-esperado\/ar-AAUJGI2?ocid=winp1taskbar&amp;fullscreen=true#image=3\"><\/a>\u00a9\u00a0Proporcionado por Weekend0703_cambio clim\u00e1tico.<\/p>\n\n\n\n<figure class=\"wp-block-image is-resized\"><img decoding=\"async\" src=\"https:\/\/img-s-msn-com.akamaized.net\/tenant\/amp\/entityid\/AAUJGI0.img?w=728&amp;h=500&amp;m=6\" alt=\"0703_cambio clim\u00e1tico\" width=\"839\" height=\"576\"\/><\/figure>\n\n\n\n<p>Por \u00faltimo, el informe pone de relieve la urgencia de los esfuerzos para&nbsp;<strong>contener el calentamiento global dentro de los 1,5 grados cent\u00edgrados de las temperaturas preindustriales<\/strong>, ya que \u201cromper ese umbral supondr\u00e1 un da\u00f1o irreversible para&nbsp; todo el planeta\u201d.<\/p>\n\n\n\n<p>\u201c<strong>Limitar el calentamiento global a cerca de 1,5 grados no evitar\u00e1 la degradaci\u00f3n de la naturaleza<\/strong>, las sociedades o las econom\u00edas, pero las reducir\u00e1 sustancialmente.\u00a0<strong>El planeta ya se ha calentado 1,1 grados y se espera que alcance el umbral de 1,5 grados dentro de dos d\u00e9cadas<\/strong>. Las sociedades no se adaptar\u00e1n bien a un mundo que se calienta si no son socialmente inclusivas a la hora de abordar la tarea, por lo que las soluciones deben tener en cuenta la justicia social e\u00a0<strong>incluir tanto a las poblaciones ind\u00edgenas, como a las minor\u00edas y a los pobres<\/strong>\u201d, concluye el informe clim\u00e1tico de la ONU.<\/p>\n\n\n\n<p><strong>Fuente: <\/strong>Proporcionado por Weekend<\/p>\n","protected":false},"excerpt":{"rendered":"<p>La mitad de la poblaci\u00f3n mundial ya es altamente vulnerable a las cada vez mayores y graves consecuencias que acarrea el cambio clim\u00e1tico que est\u00e1 avanzando mucho m\u00e1s r\u00e1pido de lo que se esperaba, seg\u00fan afirma el \u00faltimo informe dado a conocer recientemente por el Panel Clim\u00e1tico de las Naciones Unidas.<\/p>\n","protected":false},"author":2,"featured_media":36460,"comment_status":"open","ping_status":"open","sticky":false,"template":"","format":"standard","meta":{"om_disable_all_campaigns":false,"_monsterinsights_skip_tracking":false,"_monsterinsights_sitenote_active":false,"_monsterinsights_sitenote_note":"","_monsterinsights_sitenote_category":0,"_uf_show_specific_survey":0,"_uf_disable_surveys":false,"jetpack_post_was_ever_published":false,"_jetpack_newsletter_access":"","_jetpack_dont_email_post_to_subs":false,"_jetpack_newsletter_tier_id":0,"_jetpack_memberships_contains_paywalled_content":false,"_jetpack_memberships_contains_paid_content":false,"footnotes":"","jetpack_publicize_message":"","jetpack_publicize_feature_enabled":true,"jetpack_social_post_already_shared":false,"jetpack_social_options":{"image_generator_settings":{"template":"highway","default_image_id":0,"font":"","enabled":false},"version":2}},"categories":[30],"tags":[],"class_list":["post-36457","post","type-post","status-publish","format-standard","has-post-thumbnail","hentry","category-informe"],"aioseo_notices":[],"views":27,"jetpack_publicize_connections":[],"jetpack_featured_media_url":"https:\/\/i0.wp.com\/elterritorialweb.com.ar\/web\/wp-content\/uploads\/2022\/03\/cambio-climatico-1.jpg?fit=300%2C225&ssl=1","jetpack_sharing_enabled":true,"_links":{"self":[{"href":"https:\/\/elterritorialweb.com.ar\/web\/wp-json\/wp\/v2\/posts\/36457","targetHints":{"allow":["GET"]}}],"collection":[{"href":"https:\/\/elterritorialweb.com.ar\/web\/wp-json\/wp\/v2\/posts"}],"about":[{"href":"https:\/\/elterritorialweb.com.ar\/web\/wp-json\/wp\/v2\/types\/post"}],"author":[{"embeddable":true,"href":"https:\/\/elterritorialweb.com.ar\/web\/wp-json\/wp\/v2\/users\/2"}],"replies":[{"embeddable":true,"href":"https:\/\/elterritorialweb.com.ar\/web\/wp-json\/wp\/v2\/comments?post=36457"}],"version-history":[{"count":2,"href":"https:\/\/elterritorialweb.com.ar\/web\/wp-json\/wp\/v2\/posts\/36457\/revisions"}],"predecessor-version":[{"id":36462,"href":"https:\/\/elterritorialweb.com.ar\/web\/wp-json\/wp\/v2\/posts\/36457\/revisions\/36462"}],"wp:featuredmedia":[{"embeddable":true,"href":"https:\/\/elterritorialweb.com.ar\/web\/wp-json\/wp\/v2\/media\/36460"}],"wp:attachment":[{"href":"https:\/\/elterritorialweb.com.ar\/web\/wp-json\/wp\/v2\/media?parent=36457"}],"wp:term":[{"taxonomy":"category","embeddable":true,"href":"https:\/\/elterritorialweb.com.ar\/web\/wp-json\/wp\/v2\/categories?post=36457"},{"taxonomy":"post_tag","embeddable":true,"href":"https:\/\/elterritorialweb.com.ar\/web\/wp-json\/wp\/v2\/tags?post=36457"}],"curies":[{"name":"wp","href":"https:\/\/api.w.org\/{rel}","templated":true}]}}