{"id":36530,"date":"2022-03-10T03:02:50","date_gmt":"2022-03-10T03:02:50","guid":{"rendered":"http:\/\/elterritorialweb.com.ar\/web\/?p=36530"},"modified":"2022-03-10T03:02:51","modified_gmt":"2022-03-10T03:02:51","slug":"se-firmo-el-dictamen-del-proyecto-por-el-acuerdo-con-el-fmi","status":"publish","type":"post","link":"https:\/\/elterritorialweb.com.ar\/web\/se-firmo-el-dictamen-del-proyecto-por-el-acuerdo-con-el-fmi\/","title":{"rendered":"SE FIRM\u00d3 EL DICTAMEN DEL PROYECTO POR EL ACUERDO CON EL FMI"},"content":{"rendered":"\n<p><strong>El proyecto de ley que avala el acuerdo con el FMI obtuvo en la noche de este mi\u00e9rcoles un amplio respaldo pol\u00edtico en torno al dictamen que se firm\u00f3 en el plenario de comisiones de la C\u00e1mara de Diputados<\/strong>, por lo que ser\u00e1 puesto a consideraci\u00f3n del cuerpo en una&nbsp;<strong>sesi\u00f3n especial solicitada para este jueves a las 14.<\/strong><\/p>\n\n\n\n<p>Diputados de diferentes bloques de la C\u00e1mara de Diputados&nbsp;<strong>avalaron el acuerdo del Gobierno con el FMI por la deuda contra\u00edda por el expresidente Mauricio Macri<\/strong>.&nbsp;<\/p>\n\n\n\n<p>El consenso fue el resultado de una serie de reuniones que se desarrollaron en varios despachos del Palacio Legislativo entre el presidente de la C\u00e1mara, Sergio Massa, y las autoridades de la mayor\u00eda de los bloques.<\/p>\n\n\n\n<p>El plenario de las comisiones de Presupuesto y Hacienda y de Finanzas, que analizaba el tema desde las 14, pas\u00f3 a un cuarto intermedio hasta las 21.&nbsp;<strong>Y cerca de las 22.30 se conoci\u00f3 la concordancia de los bloques.<\/strong><\/p>\n\n\n\n<p>Cerca de las 20, Massa se hab\u00eda trasladado hacia la Casa de Gobierno para presentarle al presidente Alberto Fern\u00e1ndez el principio de acuerdo al que accedieron en el Parlamento.<\/p>\n\n\n\n<p>Ante el pedido de las bancadas de Juntos por el Cambio, del interbloque Federal y de Provincias Unidas, el oficialismo de Diputados accedi\u00f3 a resumir el texto en un solo articulado centrado en el aval al acuerdo, informaron fuentes parlamentarias.<\/p>\n\n\n\n<p>Se dejar\u00edan as\u00ed, exentas del respaldo legislativo, las metas trazadas por el Ministerio de Econom\u00eda para cumplir con ese acuerdo, ya que primar\u00eda la posici\u00f3n opositora de que esa \u00abno es materia parlamentaria\u00bb.<\/p>\n\n\n\n<p>Durante la jornada del mi\u00e9rcoles, la tercera en el an\u00e1lisis del proyecto, se realiz\u00f3 el debate interno de los diputados, tras haber escuchado entre el lunes y el martes las explicaciones de funcionarios del Poder Ejecutivo y los testimonios de empresarios, sindicalistas y gobernadores.<\/p>\n\n\n\n<p>En el marco de los discursos, el presidente de la comisi\u00f3n de Presupuesto, Carlos Heller, destac\u00f3 la importancia de avanzar en el dictamen favorable al proyecto que avala el acuerdo con el Fondo Monetario Internacional (FMI), aunque admiti\u00f3 que \u00abno tenemos nada que festejar\u00bb.<\/p>\n\n\n\n<p>\u00ab<strong>Nunca dijimos que esto soluciona el problema pero abre una ventana de tiempo en la que no tendremos que hacer ning\u00fan tipo de pago hasta el segundo semestre de 2026<\/strong>, es decir hasta m\u00e1s de la mitad del pr\u00f3ximo gobierno que se elija en 2023&#8243;, dijo Heller, al abrir el plenario de comisiones.<\/p>\n\n\n\n<p>En ese marco, asever\u00f3 que \u00abnos molestan las revisiones que el acuerdo trae aparejado\u00bb, y agreg\u00f3: \u00abSentimos desprecio por lo que representan las pol\u00edticas del Fondo, como dijo el presidente Alberto Fern\u00e1ndez, pero tenemos la responsabilidad de gobernar y esa deuda existe y ese compromiso existe\u00bb.<\/p>\n\n\n\n<p>Como anticipo del clima constructivo, al comienzo de la reuni\u00f3n Germ\u00e1n Mart\u00ednez sostuvo:\u00a0<strong>\u00abVenimos a debatir, no venimos a descalificarlos\u00bb,<\/strong>\u00a0y destac\u00f3 la \u00abdiversidad de las miradas que se expresaron\u00bb en la discusi\u00f3n que se inici\u00f3 el lunes.<\/p>\n\n\n\n<figure class=\"wp-block-image size-full\"><a href=\"https:\/\/i0.wp.com\/elterritorialweb.com.ar\/web\/wp-content\/uploads\/2022\/03\/6228e948b6126_900-850x506-1.jpg\"><img data-recalc-dims=\"1\" decoding=\"async\" width=\"640\" height=\"381\" data-src=\"https:\/\/i0.wp.com\/elterritorialweb.com.ar\/web\/wp-content\/uploads\/2022\/03\/6228e948b6126_900-850x506-1.jpg?resize=640%2C381\" alt=\"\" class=\"wp-image-36533 lazyload\" data-srcset=\"https:\/\/i0.wp.com\/elterritorialweb.com.ar\/web\/wp-content\/uploads\/2022\/03\/6228e948b6126_900-850x506-1.jpg?w=850&amp;ssl=1 850w, https:\/\/i0.wp.com\/elterritorialweb.com.ar\/web\/wp-content\/uploads\/2022\/03\/6228e948b6126_900-850x506-1.jpg?resize=300%2C179&amp;ssl=1 300w, https:\/\/i0.wp.com\/elterritorialweb.com.ar\/web\/wp-content\/uploads\/2022\/03\/6228e948b6126_900-850x506-1.jpg?resize=768%2C457&amp;ssl=1 768w\" data-sizes=\"(max-width: 640px) 100vw, 640px\" src=\"data:image\/svg+xml;base64,PHN2ZyB3aWR0aD0iMSIgaGVpZ2h0PSIxIiB4bWxucz0iaHR0cDovL3d3dy53My5vcmcvMjAwMC9zdmciPjwvc3ZnPg==\" style=\"--smush-placeholder-width: 640px; --smush-placeholder-aspect-ratio: 640\/381;\" \/><\/a><\/figure>\n\n\n\n<h2 class=\"wp-block-heading\">Las posturas opositoras<\/h2>\n\n\n\n<p>Por Evoluci\u00f3n Radical, el diputado Alejandro Cacace se\u00f1al\u00f3 que \u00abel problema de la Argentina es que no genera confianza a nivel internacional ni en los mercados como para poder financiar su propio Gobierno, y esta es una gran diferencia con el resto de los pa\u00edses con d\u00e9ficit fiscal\u00bb.<\/p>\n\n\n\n<p><strong>\u00abAc\u00e1 se aplaudi\u00f3 un default creyendo que hac\u00edamos la gran picard\u00eda<\/strong>&nbsp;y resulta que con eso nos quedamos por a\u00f1os fuera de los mercados internacionales, lo que hizo dif\u00edcil financiar a nuestro Estado\u00bb, agreg\u00f3.<\/p>\n\n\n\n<p>La republicana Laura Rodr\u00edguez Machado, al momento de su discurso en el plenario, asever\u00f3: \u00abNo compartimos este acuerdo, no solamente porque no coincidimos, sino porque nuestra gesti\u00f3n hizo todo lo contrario a los par\u00e1metros que proponen\u00bb.<\/p>\n\n\n\n<p>Desde la Coalici\u00f3n C\u00edvica, Paula Oliveto expres\u00f3 que \u00abla oposici\u00f3n tiene que ser responsable porque lo que hoy hagamos va a repercutir en la vida de muchos argentinos. Somos oposici\u00f3n y no nos pueden pedir que nos hagamos cargo de un programa econ\u00f3mico de un gobierno del que no somos parte, sino que somos opositores\u00bb.<\/p>\n\n\n\n<p>Nicol\u00e1s del Ca\u00f1o, de la izquierda del FIT, asever\u00f3: \u00ab<strong>Esto que fue para la fiesta de los grandes empresarios, para la fuga de capitales, y est\u00e1 el listado de los empresarios que fugaron, lo va a tener que pagar el pueblo<\/strong>. Pero vamos a ser miles para rechazar este acuerdo con una gran movilizaci\u00f3n\u00bb.<\/p>\n\n\n\n<p>Por su parte, los interbloques Federal y Provincias Unidas centraron su actividad de la jornada en presentar sendas iniciativas para proponer que el proyecto se concentre en un solo art\u00edculo, escindiendo el programa econ\u00f3mico del aval al acuerdo.<\/p>\n\n\n\n<p>\u00abEl proyecto que envi\u00f3 el Gobierno nacional no sirve. Ese proyecto no colabora a encontrar los apoyos que el Congreso necesita para que Argentina no entre en default\u00bb, se\u00f1al\u00f3 Alejandro \u00abTopo\u00bb Rodr\u00edguez, presidente del interbloque Federal.<\/p>\n\n\n\n<p>Por su parte, Agust\u00edn Domingo, de Juntos Somos Rio Negro en Provincias Unidas, puso como ejemplo una de sus diferencias con el llamado programa econ\u00f3mico: \u00abLas medidas que prev\u00e9 el Gobierno nacional en materia de subsidios el\u00e9ctricos no corrigen las inequidades existentes\u00bb.<\/p>\n","protected":false},"excerpt":{"rendered":"<p>El dictamen se rubric\u00f3 en el plenario de comisiones de la C\u00e1mara de Diputados, por lo que ser\u00e1 puesto a consideraci\u00f3n del cuerpo en una sesi\u00f3n especial solicitada para este jueves a las 14.<\/p>\n","protected":false},"author":2,"featured_media":36532,"comment_status":"open","ping_status":"open","sticky":false,"template":"","format":"standard","meta":{"om_disable_all_campaigns":false,"_monsterinsights_skip_tracking":false,"_monsterinsights_sitenote_active":false,"_monsterinsights_sitenote_note":"","_monsterinsights_sitenote_category":0,"_uf_show_specific_survey":0,"_uf_disable_surveys":false,"jetpack_post_was_ever_published":false,"_jetpack_newsletter_access":"","_jetpack_dont_email_post_to_subs":false,"_jetpack_newsletter_tier_id":0,"_jetpack_memberships_contains_paywalled_content":false,"_jetpack_memberships_contains_paid_content":false,"footnotes":"","jetpack_publicize_message":"","jetpack_publicize_feature_enabled":true,"jetpack_social_post_already_shared":false,"jetpack_social_options":{"image_generator_settings":{"template":"highway","default_image_id":0,"font":"","enabled":false},"version":2}},"categories":[18],"tags":[],"class_list":["post-36530","post","type-post","status-publish","format-standard","has-post-thumbnail","hentry","category-politica"],"aioseo_notices":[],"views":6,"jetpack_publicize_connections":[],"jetpack_featured_media_url":"https:\/\/i0.wp.com\/elterritorialweb.com.ar\/web\/wp-content\/uploads\/2022\/03\/L3H5IYWHOJHXZPYXXXYO46IKV4.jpg?fit=767%2C430&ssl=1","jetpack_sharing_enabled":true,"_links":{"self":[{"href":"https:\/\/elterritorialweb.com.ar\/web\/wp-json\/wp\/v2\/posts\/36530","targetHints":{"allow":["GET"]}}],"collection":[{"href":"https:\/\/elterritorialweb.com.ar\/web\/wp-json\/wp\/v2\/posts"}],"about":[{"href":"https:\/\/elterritorialweb.com.ar\/web\/wp-json\/wp\/v2\/types\/post"}],"author":[{"embeddable":true,"href":"https:\/\/elterritorialweb.com.ar\/web\/wp-json\/wp\/v2\/users\/2"}],"replies":[{"embeddable":true,"href":"https:\/\/elterritorialweb.com.ar\/web\/wp-json\/wp\/v2\/comments?post=36530"}],"version-history":[{"count":1,"href":"https:\/\/elterritorialweb.com.ar\/web\/wp-json\/wp\/v2\/posts\/36530\/revisions"}],"predecessor-version":[{"id":36534,"href":"https:\/\/elterritorialweb.com.ar\/web\/wp-json\/wp\/v2\/posts\/36530\/revisions\/36534"}],"wp:featuredmedia":[{"embeddable":true,"href":"https:\/\/elterritorialweb.com.ar\/web\/wp-json\/wp\/v2\/media\/36532"}],"wp:attachment":[{"href":"https:\/\/elterritorialweb.com.ar\/web\/wp-json\/wp\/v2\/media?parent=36530"}],"wp:term":[{"taxonomy":"category","embeddable":true,"href":"https:\/\/elterritorialweb.com.ar\/web\/wp-json\/wp\/v2\/categories?post=36530"},{"taxonomy":"post_tag","embeddable":true,"href":"https:\/\/elterritorialweb.com.ar\/web\/wp-json\/wp\/v2\/tags?post=36530"}],"curies":[{"name":"wp","href":"https:\/\/api.w.org\/{rel}","templated":true}]}}