{"id":36535,"date":"2022-03-10T04:04:40","date_gmt":"2022-03-10T04:04:40","guid":{"rendered":"http:\/\/elterritorialweb.com.ar\/web\/?p=36535"},"modified":"2022-03-10T04:04:41","modified_gmt":"2022-03-10T04:04:41","slug":"la-municipalidad-realizara-una-jornada-de-adopcion-de-arboles-en-el-barrio-santa-lucia","status":"publish","type":"post","link":"https:\/\/elterritorialweb.com.ar\/web\/la-municipalidad-realizara-una-jornada-de-adopcion-de-arboles-en-el-barrio-santa-lucia\/","title":{"rendered":"LA MUNICIPALIDAD REALIZAR\u00c1 UNA JORNADA DE ADOPCI\u00d3N DE ARBOLES EN EL BARRIO SANTA LUCIA"},"content":{"rendered":"\n<p>Organizada por las direcciones de Desarrollo Social y de la Juventud, la actividad se realizar\u00e1 en Manzana M Lote 16, de 10:30 a 13 horas. All\u00ed, se otorgar\u00e1n dos ejemplares a cada familia, quienes podr\u00e1n colocarlos en las veredas o patios de sus viviendas.<br>De esta manera, avanza el programa municipal de reforestaci\u00f3n que busca incrementar el patrimonio verde de la ciudad, tal como viene ocurriendo desde hace cuatro a\u00f1os siguiendo la iniciativa de la intendente, Ing. Norma Fuentes.<br>Cabe mencionar que se confeccionar\u00e1 un registro con los datos de las familias beneficiarias a los fines de realizar un seguimiento sobre la evoluci\u00f3n de los \u00e1rboles. Similares acciones ya se efectuaron en el barrio Villa del Carmen, previendo continuar las pr\u00f3ximas semanas en otros sectores de la ciudad.<\/p>\n","protected":false},"excerpt":{"rendered":"<p>El pr\u00f3ximo s\u00e1bado 12, la Municipalidad de la Capital desarrollar\u00e1 una jornada de adopci\u00f3n de \u00e1rboles en el barrio Santa Luc\u00eda, donde habr\u00e1 un contacto directo con los vecinos para entregar los ejemplares y brindarles asesoramiento sobre la forma adecuada de plantarlos y cuidarlos para garantizar su buen crecimiento.<\/p>\n","protected":false},"author":2,"featured_media":36536,"comment_status":"open","ping_status":"open","sticky":false,"template":"","format":"standard","meta":{"om_disable_all_campaigns":false,"_monsterinsights_skip_tracking":false,"_monsterinsights_sitenote_active":false,"_monsterinsights_sitenote_note":"","_monsterinsights_sitenote_category":0,"_uf_show_specific_survey":0,"_uf_disable_surveys":false,"jetpack_post_was_ever_published":false,"_jetpack_newsletter_access":"","_jetpack_dont_email_post_to_subs":false,"_jetpack_newsletter_tier_id":0,"_jetpack_memberships_contains_paywalled_content":false,"_jetpack_memberships_contains_paid_content":false,"footnotes":"","jetpack_publicize_message":"","jetpack_publicize_feature_enabled":true,"jetpack_social_post_already_shared":false,"jetpack_social_options":{"image_generator_settings":{"template":"highway","default_image_id":0,"font":"","enabled":false},"version":2}},"categories":[21],"tags":[],"class_list":["post-36535","post","type-post","status-publish","format-standard","has-post-thumbnail","hentry","category-locales"],"aioseo_notices":[],"views":14,"jetpack_publicize_connections":[],"jetpack_featured_media_url":"https:\/\/i0.wp.com\/elterritorialweb.com.ar\/web\/wp-content\/uploads\/2022\/03\/arboles-entrega.jpeg?fit=1600%2C1067&ssl=1","jetpack_sharing_enabled":true,"_links":{"self":[{"href":"https:\/\/elterritorialweb.com.ar\/web\/wp-json\/wp\/v2\/posts\/36535","targetHints":{"allow":["GET"]}}],"collection":[{"href":"https:\/\/elterritorialweb.com.ar\/web\/wp-json\/wp\/v2\/posts"}],"about":[{"href":"https:\/\/elterritorialweb.com.ar\/web\/wp-json\/wp\/v2\/types\/post"}],"author":[{"embeddable":true,"href":"https:\/\/elterritorialweb.com.ar\/web\/wp-json\/wp\/v2\/users\/2"}],"replies":[{"embeddable":true,"href":"https:\/\/elterritorialweb.com.ar\/web\/wp-json\/wp\/v2\/comments?post=36535"}],"version-history":[{"count":1,"href":"https:\/\/elterritorialweb.com.ar\/web\/wp-json\/wp\/v2\/posts\/36535\/revisions"}],"predecessor-version":[{"id":36537,"href":"https:\/\/elterritorialweb.com.ar\/web\/wp-json\/wp\/v2\/posts\/36535\/revisions\/36537"}],"wp:featuredmedia":[{"embeddable":true,"href":"https:\/\/elterritorialweb.com.ar\/web\/wp-json\/wp\/v2\/media\/36536"}],"wp:attachment":[{"href":"https:\/\/elterritorialweb.com.ar\/web\/wp-json\/wp\/v2\/media?parent=36535"}],"wp:term":[{"taxonomy":"category","embeddable":true,"href":"https:\/\/elterritorialweb.com.ar\/web\/wp-json\/wp\/v2\/categories?post=36535"},{"taxonomy":"post_tag","embeddable":true,"href":"https:\/\/elterritorialweb.com.ar\/web\/wp-json\/wp\/v2\/tags?post=36535"}],"curies":[{"name":"wp","href":"https:\/\/api.w.org\/{rel}","templated":true}]}}