{"id":36538,"date":"2022-03-10T04:15:17","date_gmt":"2022-03-10T04:15:17","guid":{"rendered":"http:\/\/elterritorialweb.com.ar\/web\/?p=36538"},"modified":"2022-03-10T04:15:18","modified_gmt":"2022-03-10T04:15:18","slug":"convocan-a-cubrir-cargos-docentes-en-jardines-de-infantes-municipales","status":"publish","type":"post","link":"https:\/\/elterritorialweb.com.ar\/web\/convocan-a-cubrir-cargos-docentes-en-jardines-de-infantes-municipales\/","title":{"rendered":"CONVOCAN A CUBRIR CARGOS DOCENTES EN JARDINES DE INFANTES MUNICIPALES"},"content":{"rendered":"\n<p>Maestra de secci\u00f3n suplente para el Jard\u00edn de Infantes N\u00ba 4 \u201cEl Principito\u201d (un cargo), Jard\u00edn de Infantes N\u00ba 7 \u201cCaperucita\u201d (un cargo), Jard\u00edn de Infantes N\u00ba 10 \u201cLas Ardillitas\u201d (un cargo), Jard\u00edn N\u00ba 22 \u201cVirgen del Carmen\u201d (un cargo).<br>Maestra de secci\u00f3n interina para el Jard\u00edn de Infantes N\u00ba 6 \u201cPulgarcito\u201d (un cargo), Jard\u00edn de Infantes N\u00ba 8 \u201cNtra. Sra. de la Medalla Milagrosa\u201d (tres cargos), Jard\u00edn de Infantes N\u00ba 15 \u201cMar\u00eda Isabel Rodr\u00edguez de P\u00e1ez\u201d (dos cargos), Jard\u00edn N\u00ba 17 \u201cDivino Ni\u00f1o Jes\u00fas \u201c(un cargo), Jard\u00edn de Infantes N\u00ba 18 \u201cIng. Bruno Alberto Volta\u201d (un cargo), Jard\u00edn de Infantes N\u00ba 22 \u201cVirgen del Carmen\u201d (un cargo).<br>Maestra celadora suplente para el Jard\u00edn de Infantes N\u00ba 10 \u201cLas Ardillitas\u201d (un cargo), Jard\u00edn de Infantes N\u00ba 13 \u201cHormiguita Viajera\u201d (un cargo).<br>Maestra celadora interina para el Jard\u00edn de Infantes N\u00ba 8 \u201cNtra. Sra. de la Medalla Milagrosa\u201d (un cargo), Jard\u00edn de Infantes N\u00ba 17 \u201cDivino Ni\u00f1o Jes\u00fas\u201d (un cargo).<br>Maestro\/a de m\u00fasica suplente para el Jard\u00edn de Infantes N\u00ba 24 \u201cHilda Josefa D\u00edaz de Rocha\u201d (un cargo).<br>El acto de opci\u00f3n de cargos se llevar\u00e1 a cabo el d\u00eda 14 de marzo pr\u00f3ximo a las 8 horas en la sede de la Casa de la Cultura Arga\u00f1araz Alcorta, sito en Libertad N\u00ba179 de esta capital.<br>Las docentes interesadas, en el momento de la opci\u00f3n, deber\u00e1n presentar declaraci\u00f3n jurada de cargos, formulario que deber ser adquirido en la Supervisi\u00f3n General de calle C\u00f3rdoba N\u00ba254. Asimismo, se informa que dicho acto se encuadra en la Reglamentaci\u00f3n vigente, Art\u00edculos 10 inc.), 11,16 ,17 y otros de la Ordenanza N\u00ba 547\u201d.<\/p>\n","protected":false},"excerpt":{"rendered":"<p>La Capital, a trav\u00e9s de la Subsecretaria de Educaci\u00f3n, llam\u00f3 a cubrir vacantes suplentes e interinas para jardines de infantes, en un acto que se desarrollar\u00e1 el 14 de marzo.<\/p>\n","protected":false},"author":2,"featured_media":36539,"comment_status":"open","ping_status":"open","sticky":false,"template":"","format":"standard","meta":{"om_disable_all_campaigns":false,"_monsterinsights_skip_tracking":false,"_monsterinsights_sitenote_active":false,"_monsterinsights_sitenote_note":"","_monsterinsights_sitenote_category":0,"_uf_show_specific_survey":0,"_uf_disable_surveys":false,"jetpack_post_was_ever_published":false,"_jetpack_newsletter_access":"","_jetpack_dont_email_post_to_subs":false,"_jetpack_newsletter_tier_id":0,"_jetpack_memberships_contains_paywalled_content":false,"_jetpack_memberships_contains_paid_content":false,"footnotes":"","jetpack_publicize_message":"","jetpack_publicize_feature_enabled":true,"jetpack_social_post_already_shared":false,"jetpack_social_options":{"image_generator_settings":{"template":"highway","default_image_id":0,"font":"","enabled":false},"version":2}},"categories":[19],"tags":[],"class_list":["post-36538","post","type-post","status-publish","format-standard","has-post-thumbnail","hentry","category-educacion"],"aioseo_notices":[],"views":8,"jetpack_publicize_connections":[],"jetpack_featured_media_url":"https:\/\/i0.wp.com\/elterritorialweb.com.ar\/web\/wp-content\/uploads\/2022\/03\/cargos-jardines-municipales.jpeg?fit=1280%2C853&ssl=1","jetpack_sharing_enabled":true,"_links":{"self":[{"href":"https:\/\/elterritorialweb.com.ar\/web\/wp-json\/wp\/v2\/posts\/36538","targetHints":{"allow":["GET"]}}],"collection":[{"href":"https:\/\/elterritorialweb.com.ar\/web\/wp-json\/wp\/v2\/posts"}],"about":[{"href":"https:\/\/elterritorialweb.com.ar\/web\/wp-json\/wp\/v2\/types\/post"}],"author":[{"embeddable":true,"href":"https:\/\/elterritorialweb.com.ar\/web\/wp-json\/wp\/v2\/users\/2"}],"replies":[{"embeddable":true,"href":"https:\/\/elterritorialweb.com.ar\/web\/wp-json\/wp\/v2\/comments?post=36538"}],"version-history":[{"count":1,"href":"https:\/\/elterritorialweb.com.ar\/web\/wp-json\/wp\/v2\/posts\/36538\/revisions"}],"predecessor-version":[{"id":36540,"href":"https:\/\/elterritorialweb.com.ar\/web\/wp-json\/wp\/v2\/posts\/36538\/revisions\/36540"}],"wp:featuredmedia":[{"embeddable":true,"href":"https:\/\/elterritorialweb.com.ar\/web\/wp-json\/wp\/v2\/media\/36539"}],"wp:attachment":[{"href":"https:\/\/elterritorialweb.com.ar\/web\/wp-json\/wp\/v2\/media?parent=36538"}],"wp:term":[{"taxonomy":"category","embeddable":true,"href":"https:\/\/elterritorialweb.com.ar\/web\/wp-json\/wp\/v2\/categories?post=36538"},{"taxonomy":"post_tag","embeddable":true,"href":"https:\/\/elterritorialweb.com.ar\/web\/wp-json\/wp\/v2\/tags?post=36538"}],"curies":[{"name":"wp","href":"https:\/\/api.w.org\/{rel}","templated":true}]}}