{"id":36541,"date":"2022-03-10T04:30:49","date_gmt":"2022-03-10T04:30:49","guid":{"rendered":"http:\/\/elterritorialweb.com.ar\/web\/?p=36541"},"modified":"2022-03-10T04:30:49","modified_gmt":"2022-03-10T04:30:49","slug":"educacion-de-la-municipalidad-designo-directoras-de-jardines-de-acuerdo-con-el-listado-de-orden-de-merito","status":"publish","type":"post","link":"https:\/\/elterritorialweb.com.ar\/web\/educacion-de-la-municipalidad-designo-directoras-de-jardines-de-acuerdo-con-el-listado-de-orden-de-merito\/","title":{"rendered":"EDUCACI\u00d3N DE LA MUNICIPALIDAD DESIGN\u00d3 DIRECTORAS DE JARDINES DE ACUERDO CON EL LISTADO DE ORDEN DE MERITO"},"content":{"rendered":"\n<p>El \u00e1rea de Supervisi\u00f3n General de los Jardines de Infantes Municipales de la Capital concret\u00f3 la designaci\u00f3n de cuatro cargos directivos para el Servicio Educativo Municipal, seg\u00fan el Listado de Orden de M\u00e9rito 2022 definitivo de maestras de secci\u00f3n titular con m\u00e1s de 5 a\u00f1os en el cargo.<br>Las flamantes directoras son Lic. Lorena G\u00f3mez, en el Jard\u00edn Municipal N\u00ba 10 \u201cLas Ardillitas\u201d; Prof. Florencia Bazzarelli, en el Jard\u00edn Municipal N\u00ba 11 \u201cShunko\u201d; Prof. Silvana Carpio, en el Jard\u00edn Municipal N\u00ba 4 \u201cEl Principito\u201d y Prof. Carolina Medina, en el Jard\u00edn Municipal N\u00ba 7 \u201cCaperucita\u201d.<\/p>\n","protected":false},"excerpt":{"rendered":"<p>El \u00e1rea de Supervisi\u00f3n General de los Jardines de Infantes Municipales de la Capital concret\u00f3&#8230;<\/p>\n","protected":false},"author":2,"featured_media":36542,"comment_status":"open","ping_status":"open","sticky":false,"template":"","format":"standard","meta":{"om_disable_all_campaigns":false,"_monsterinsights_skip_tracking":false,"_monsterinsights_sitenote_active":false,"_monsterinsights_sitenote_note":"","_monsterinsights_sitenote_category":0,"_uf_show_specific_survey":0,"_uf_disable_surveys":false,"jetpack_post_was_ever_published":false,"_jetpack_newsletter_access":"","_jetpack_dont_email_post_to_subs":false,"_jetpack_newsletter_tier_id":0,"_jetpack_memberships_contains_paywalled_content":false,"_jetpack_memberships_contains_paid_content":false,"footnotes":"","jetpack_publicize_message":"","jetpack_publicize_feature_enabled":true,"jetpack_social_post_already_shared":false,"jetpack_social_options":{"image_generator_settings":{"template":"highway","default_image_id":0,"font":"","enabled":false},"version":2}},"categories":[19],"tags":[],"class_list":["post-36541","post","type-post","status-publish","format-standard","has-post-thumbnail","hentry","category-educacion"],"aioseo_notices":[],"views":8,"jetpack_publicize_connections":[],"jetpack_featured_media_url":"https:\/\/i0.wp.com\/elterritorialweb.com.ar\/web\/wp-content\/uploads\/2022\/03\/1646886130761_nuevas-directoras.jpeg?fit=1135%2C1182&ssl=1","jetpack_sharing_enabled":true,"_links":{"self":[{"href":"https:\/\/elterritorialweb.com.ar\/web\/wp-json\/wp\/v2\/posts\/36541","targetHints":{"allow":["GET"]}}],"collection":[{"href":"https:\/\/elterritorialweb.com.ar\/web\/wp-json\/wp\/v2\/posts"}],"about":[{"href":"https:\/\/elterritorialweb.com.ar\/web\/wp-json\/wp\/v2\/types\/post"}],"author":[{"embeddable":true,"href":"https:\/\/elterritorialweb.com.ar\/web\/wp-json\/wp\/v2\/users\/2"}],"replies":[{"embeddable":true,"href":"https:\/\/elterritorialweb.com.ar\/web\/wp-json\/wp\/v2\/comments?post=36541"}],"version-history":[{"count":1,"href":"https:\/\/elterritorialweb.com.ar\/web\/wp-json\/wp\/v2\/posts\/36541\/revisions"}],"predecessor-version":[{"id":36543,"href":"https:\/\/elterritorialweb.com.ar\/web\/wp-json\/wp\/v2\/posts\/36541\/revisions\/36543"}],"wp:featuredmedia":[{"embeddable":true,"href":"https:\/\/elterritorialweb.com.ar\/web\/wp-json\/wp\/v2\/media\/36542"}],"wp:attachment":[{"href":"https:\/\/elterritorialweb.com.ar\/web\/wp-json\/wp\/v2\/media?parent=36541"}],"wp:term":[{"taxonomy":"category","embeddable":true,"href":"https:\/\/elterritorialweb.com.ar\/web\/wp-json\/wp\/v2\/categories?post=36541"},{"taxonomy":"post_tag","embeddable":true,"href":"https:\/\/elterritorialweb.com.ar\/web\/wp-json\/wp\/v2\/tags?post=36541"}],"curies":[{"name":"wp","href":"https:\/\/api.w.org\/{rel}","templated":true}]}}