{"id":36638,"date":"2022-03-12T21:55:35","date_gmt":"2022-03-12T21:55:35","guid":{"rendered":"http:\/\/elterritorialweb.com.ar\/web\/?p=36638"},"modified":"2022-03-12T21:57:12","modified_gmt":"2022-03-12T21:57:12","slug":"autoridades-provinciales-y-representantes-de-la-comision-nacional-reconocen-a-la-comunidad-afro-argentino","status":"publish","type":"post","link":"https:\/\/elterritorialweb.com.ar\/web\/autoridades-provinciales-y-representantes-de-la-comision-nacional-reconocen-a-la-comunidad-afro-argentino\/","title":{"rendered":"AUTORIDADES PROVINCIALES Y REPRESENTANTES DE LA COMISI\u00d3N NACIONAL RECONOCEN A LA COMUNIDAD AFRO ARGENTINO"},"content":{"rendered":"\n<p>Censo Nacional<\/p>\n\n\n\n<p>En el sal\u00f3n de acuerdos de casa de gobierno se llev\u00f3 a cabo una reuni\u00f3n encabezada por la ministra de Justicia y Derechos Humanos, Dra. Matilde O\u00b4Mill y el ministro de Econom\u00eda, CPN. Atilio Chara con representantes nacional de las comunidades Afro \u2013 Argentina para informar acerca de la importancia del Censo Nacional 2022 a realizarse el pr\u00f3ximo 18 de mayo.<br>Acompa\u00f1ando estuvieron: el director de la Comisi\u00f3n para el reconocimiento Hist\u00f3rico de la Comunidad Afro \u2013 Argentina, Federico Pita; secretaria de Derechos Humanos de la Provincia, Prof. Daniela \u00c1guila; director de Estad\u00edsticas y Censos de la Provincia, Lic. Federico Scrimini y la Titular del INADI Santiago del Estero, Luisa Paz, entre otros.<br>El Lic. Scrimini destac\u00f3 la realizaci\u00f3n del censo de manera digital a partir del 16 de marzo, \u201ces de vital importancia la colaboraci\u00f3n de la poblaci\u00f3n. Es un operativo que va a servir a la sociedad, tanto como al estado, y la realizaci\u00f3n de este censo digital aumenta mucho la probabilidad de \u00e9xito y de la calidad de la informaci\u00f3n. Por eso llamamos a la poblaci\u00f3n a realizarlo. A trav\u00e9s de la p\u00e1gina www.censo.gob.ar, lo puede hacer cualquier persona mayor de 18, una por cada hogar, es de mucha m\u00e1s comodidad y f\u00e1cil respuesta\u201d se\u00f1al\u00f3 Scrimini.<br>En tanto, el director de la Comisi\u00f3n para el reconocimiento Hist\u00f3rico de la Comunidad Afro \u2013 Argentina, Federico Pita subray\u00f3 sobre el censo \u201cest\u00e1 la posibilidad de que el n\u00famero de auto reconocimiento de la poblaci\u00f3n afro \u2013 argentina aumente. En el 2010 pasamos de cero, de no existir, a dos mil quinientos santiague\u00f1os que se reconocieron orgullosamente afro argentinos y esperemos, y estamos ansiosos y deseosos y seguramente el fruto de estos doce a\u00f1os de trabajo nos indique que vamos a ser muchos m\u00e1s en la tierra santiague\u00f1a\u201d manifest\u00f3 Pita.<br>A su turno, el ministro de Econom\u00eda, CPN. Atilio Chara agradeci\u00f3 la presencia del director de la Comisi\u00f3n para el reconocimiento Hist\u00f3rico de la Comunidad Afro \u2013 Argentina: \u201cque viene a concientizar, no solo en la importancia del punto de vista econ\u00f3mico y social del censo, sino de la importancia de determinar qui\u00e9nes somos, que somos y a d\u00f3nde queremos ir\u201d, cerr\u00f3.<br>Para finalizar, la ministra de Justicia y Derechos Humanos de la Provincia, Dra. Matilde O\u00b4Mill pidi\u00f3 la participaci\u00f3n de la poblaci\u00f3n \u201ces muy importante. Ese es el mensaje principal que trasmitimos todos, de participaci\u00f3n y de la importancia, en este censo que tiene caracter\u00edsticas distintas. Que tiene la modalidad tradicional el 18 de mayo pero que se inicia ahora el 16 de marzo con una modalidad digital, que va a permitir que las personas puedan ir avanzando en el cargado, en el llenado, de la informaci\u00f3n registral del censo desde su casa, desde la p\u00e1gina oficial\u201d.<br>Continu\u00f3, \u201ctambi\u00e9n algo muy importante que se incorpora al censo este a\u00f1o es dificultades\/discapacidades. Por primera vez un censo de discapacidades y tambi\u00e9n de dificultades, dificultades para o\u00edr, si se usa aud\u00edfono o no, dificultades para ver, para entender o ser entendido, dificultades en cuanto a las accesibilidades o para realizar actividades comunes de la vida diaria. Entonces \u2013resalt\u00f3- por todo esto es muy importante la seriedad con la cual debemos asumir la realizaci\u00f3n de este censo\u201d y destac\u00f3 \u201cresaltamos que se incorpora en este censo el auto reconocimiento de afro descendientes o antepasados negros o africanos\u201d. Finalmente, dijo, \u201cgracias por la visita del INADI y los representantes nacionales para concientizar sobre la importancia de esta nueva caracter\u00edstica del censo con los autoreconocimientos, en este caso, de comunidad afro descendiente\u201d.<\/p>\n","protected":false},"excerpt":{"rendered":"<p>En el sal\u00f3n de acuerdos de casa de gobierno se llev\u00f3 a cabo la reuni\u00f3n.<\/p>\n","protected":false},"author":2,"featured_media":36639,"comment_status":"open","ping_status":"open","sticky":false,"template":"","format":"standard","meta":{"om_disable_all_campaigns":false,"_monsterinsights_skip_tracking":false,"_monsterinsights_sitenote_active":false,"_monsterinsights_sitenote_note":"","_monsterinsights_sitenote_category":0,"_uf_show_specific_survey":0,"_uf_disable_surveys":false,"jetpack_post_was_ever_published":false,"_jetpack_newsletter_access":"","_jetpack_dont_email_post_to_subs":false,"_jetpack_newsletter_tier_id":0,"_jetpack_memberships_contains_paywalled_content":false,"_jetpack_memberships_contains_paid_content":false,"footnotes":"","jetpack_publicize_message":"","jetpack_publicize_feature_enabled":true,"jetpack_social_post_already_shared":false,"jetpack_social_options":{"image_generator_settings":{"template":"highway","default_image_id":0,"font":"","enabled":false},"version":2}},"categories":[31,21],"tags":[],"class_list":["post-36638","post","type-post","status-publish","format-standard","has-post-thumbnail","hentry","category-censo-nacional","category-locales"],"aioseo_notices":[],"views":29,"jetpack_publicize_connections":[],"jetpack_featured_media_url":"https:\/\/i0.wp.com\/elterritorialweb.com.ar\/web\/wp-content\/uploads\/2022\/03\/importancia-censo-.jpg?fit=1889%2C1442&ssl=1","jetpack_sharing_enabled":true,"_links":{"self":[{"href":"https:\/\/elterritorialweb.com.ar\/web\/wp-json\/wp\/v2\/posts\/36638","targetHints":{"allow":["GET"]}}],"collection":[{"href":"https:\/\/elterritorialweb.com.ar\/web\/wp-json\/wp\/v2\/posts"}],"about":[{"href":"https:\/\/elterritorialweb.com.ar\/web\/wp-json\/wp\/v2\/types\/post"}],"author":[{"embeddable":true,"href":"https:\/\/elterritorialweb.com.ar\/web\/wp-json\/wp\/v2\/users\/2"}],"replies":[{"embeddable":true,"href":"https:\/\/elterritorialweb.com.ar\/web\/wp-json\/wp\/v2\/comments?post=36638"}],"version-history":[{"count":1,"href":"https:\/\/elterritorialweb.com.ar\/web\/wp-json\/wp\/v2\/posts\/36638\/revisions"}],"predecessor-version":[{"id":36640,"href":"https:\/\/elterritorialweb.com.ar\/web\/wp-json\/wp\/v2\/posts\/36638\/revisions\/36640"}],"wp:featuredmedia":[{"embeddable":true,"href":"https:\/\/elterritorialweb.com.ar\/web\/wp-json\/wp\/v2\/media\/36639"}],"wp:attachment":[{"href":"https:\/\/elterritorialweb.com.ar\/web\/wp-json\/wp\/v2\/media?parent=36638"}],"wp:term":[{"taxonomy":"category","embeddable":true,"href":"https:\/\/elterritorialweb.com.ar\/web\/wp-json\/wp\/v2\/categories?post=36638"},{"taxonomy":"post_tag","embeddable":true,"href":"https:\/\/elterritorialweb.com.ar\/web\/wp-json\/wp\/v2\/tags?post=36638"}],"curies":[{"name":"wp","href":"https:\/\/api.w.org\/{rel}","templated":true}]}}