{"id":36646,"date":"2022-03-13T00:06:52","date_gmt":"2022-03-13T00:06:52","guid":{"rendered":"http:\/\/elterritorialweb.com.ar\/web\/?p=36646"},"modified":"2022-03-13T00:16:40","modified_gmt":"2022-03-13T00:16:40","slug":"mirolo-recibio-al-presidente-del-centro-de-veteranos-de-malvinas-de-santiago-del-estero","status":"publish","type":"post","link":"https:\/\/elterritorialweb.com.ar\/web\/mirolo-recibio-al-presidente-del-centro-de-veteranos-de-malvinas-de-santiago-del-estero\/","title":{"rendered":"MIROLO RECIBI\u00d3 AL PRESIDENTE DEL CENTRO DE VETERANOS DE MALVINAS DE SANTIAGO DEL ESTERO"},"content":{"rendered":"\n<p>Seg\u00fan explic\u00f3 David D\u00edaz, durante la semana llev\u00f3 otras reuniones con la subsecretaria de Educaci\u00f3n y Cultura, Stella Maris Mirolo, con quien planific\u00f3 una serie de charlas que se dictar\u00e1n durante el a\u00f1o en las escuelas primaria y secundaria municipal.<br>Estas charlas estar\u00e1n sustentadas principalmente por los testimonios de los veteranos de guerra que compartir\u00e1n su experiencia en el conflicto b\u00e9lico que se libr\u00f3 en el Atl\u00e1ntico Sur.<br>Luego el jefe comunal y el veterano de guerra, planificaron que actividades se desarrollar\u00e1n el pr\u00f3ximo 2 de Abril en el marco de la conmemoraci\u00f3n de los 40 a\u00f1os de la Guerra de Malvinas.<\/p>\n\n\n\n<figure class=\"wp-block-image size-large\"><a href=\"https:\/\/i0.wp.com\/elterritorialweb.com.ar\/web\/wp-content\/uploads\/2022\/03\/IMG-20220312-WA0004.jpg\"><img data-recalc-dims=\"1\" decoding=\"async\" width=\"640\" height=\"420\" data-src=\"https:\/\/i0.wp.com\/elterritorialweb.com.ar\/web\/wp-content\/uploads\/2022\/03\/IMG-20220312-WA0004.jpg?resize=640%2C420\" alt=\"\" class=\"wp-image-36653 lazyload\" data-srcset=\"https:\/\/i0.wp.com\/elterritorialweb.com.ar\/web\/wp-content\/uploads\/2022\/03\/IMG-20220312-WA0004.jpg?resize=1024%2C672&amp;ssl=1 1024w, https:\/\/i0.wp.com\/elterritorialweb.com.ar\/web\/wp-content\/uploads\/2022\/03\/IMG-20220312-WA0004.jpg?resize=300%2C197&amp;ssl=1 300w, https:\/\/i0.wp.com\/elterritorialweb.com.ar\/web\/wp-content\/uploads\/2022\/03\/IMG-20220312-WA0004.jpg?resize=768%2C504&amp;ssl=1 768w, https:\/\/i0.wp.com\/elterritorialweb.com.ar\/web\/wp-content\/uploads\/2022\/03\/IMG-20220312-WA0004.jpg?w=1087&amp;ssl=1 1087w\" data-sizes=\"(max-width: 640px) 100vw, 640px\" src=\"data:image\/svg+xml;base64,PHN2ZyB3aWR0aD0iMSIgaGVpZ2h0PSIxIiB4bWxucz0iaHR0cDovL3d3dy53My5vcmcvMjAwMC9zdmciPjwvc3ZnPg==\" style=\"--smush-placeholder-width: 640px; --smush-placeholder-aspect-ratio: 640\/420;\" \/><\/a><\/figure>\n\n\n\n<p>Dichas actividades incluir\u00e1n un acto protocolar y la inauguraci\u00f3n de una obra para homenajear y recordar a los veteranos de la ciudad de La Banda, cuya construcci\u00f3n estar\u00e1 a cargo de la Secretar\u00eda de Obras P\u00fablicas de la Municipalidad, en un espacio estrat\u00e9gico de la ciudad.<\/p>\n","protected":false},"excerpt":{"rendered":"<p>El intendente Pablo Mirolo recibi\u00f3 al presidente del Centro de Veteranos de Guerra de Malvinas de Santiago del Estero, David D\u00edaz, para planificar una serie de actividades para conmemorar los 40 a\u00f1os de la Guerra de Malvinas y diagramar como se trabajar\u00e1 este a\u00f1o con el proyecto de Malvinizaci\u00f3n en la ciudad de La Banda.<\/p>\n","protected":false},"author":2,"featured_media":36647,"comment_status":"open","ping_status":"open","sticky":false,"template":"","format":"standard","meta":{"om_disable_all_campaigns":false,"_monsterinsights_skip_tracking":false,"_monsterinsights_sitenote_active":false,"_monsterinsights_sitenote_note":"","_monsterinsights_sitenote_category":0,"_uf_show_specific_survey":0,"_uf_disable_surveys":false,"jetpack_post_was_ever_published":false,"_jetpack_newsletter_access":"","_jetpack_dont_email_post_to_subs":false,"_jetpack_newsletter_tier_id":0,"_jetpack_memberships_contains_paywalled_content":false,"_jetpack_memberships_contains_paid_content":false,"footnotes":"","jetpack_publicize_message":"","jetpack_publicize_feature_enabled":true,"jetpack_social_post_already_shared":false,"jetpack_social_options":{"image_generator_settings":{"template":"highway","default_image_id":0,"font":"","enabled":false},"version":2}},"categories":[21],"tags":[],"class_list":["post-36646","post","type-post","status-publish","format-standard","has-post-thumbnail","hentry","category-locales"],"aioseo_notices":[],"views":10,"jetpack_publicize_connections":[],"jetpack_featured_media_url":"https:\/\/i0.wp.com\/elterritorialweb.com.ar\/web\/wp-content\/uploads\/2022\/03\/IMG-20220312-WA0007.jpg?fit=1600%2C1600&ssl=1","jetpack_sharing_enabled":true,"_links":{"self":[{"href":"https:\/\/elterritorialweb.com.ar\/web\/wp-json\/wp\/v2\/posts\/36646","targetHints":{"allow":["GET"]}}],"collection":[{"href":"https:\/\/elterritorialweb.com.ar\/web\/wp-json\/wp\/v2\/posts"}],"about":[{"href":"https:\/\/elterritorialweb.com.ar\/web\/wp-json\/wp\/v2\/types\/post"}],"author":[{"embeddable":true,"href":"https:\/\/elterritorialweb.com.ar\/web\/wp-json\/wp\/v2\/users\/2"}],"replies":[{"embeddable":true,"href":"https:\/\/elterritorialweb.com.ar\/web\/wp-json\/wp\/v2\/comments?post=36646"}],"version-history":[{"count":2,"href":"https:\/\/elterritorialweb.com.ar\/web\/wp-json\/wp\/v2\/posts\/36646\/revisions"}],"predecessor-version":[{"id":36655,"href":"https:\/\/elterritorialweb.com.ar\/web\/wp-json\/wp\/v2\/posts\/36646\/revisions\/36655"}],"wp:featuredmedia":[{"embeddable":true,"href":"https:\/\/elterritorialweb.com.ar\/web\/wp-json\/wp\/v2\/media\/36647"}],"wp:attachment":[{"href":"https:\/\/elterritorialweb.com.ar\/web\/wp-json\/wp\/v2\/media?parent=36646"}],"wp:term":[{"taxonomy":"category","embeddable":true,"href":"https:\/\/elterritorialweb.com.ar\/web\/wp-json\/wp\/v2\/categories?post=36646"},{"taxonomy":"post_tag","embeddable":true,"href":"https:\/\/elterritorialweb.com.ar\/web\/wp-json\/wp\/v2\/tags?post=36646"}],"curies":[{"name":"wp","href":"https:\/\/api.w.org\/{rel}","templated":true}]}}