{"id":36656,"date":"2022-03-13T00:31:42","date_gmt":"2022-03-13T00:31:42","guid":{"rendered":"http:\/\/elterritorialweb.com.ar\/web\/?p=36656"},"modified":"2022-03-13T00:31:43","modified_gmt":"2022-03-13T00:31:43","slug":"mirolo-continua-realizando-entrega-de-herramientas-a-emprendedores","status":"publish","type":"post","link":"https:\/\/elterritorialweb.com.ar\/web\/mirolo-continua-realizando-entrega-de-herramientas-a-emprendedores\/","title":{"rendered":"MIROLO CONTIN\u00daA REALIZANDO ENTREGA DE HERRAMIENTAS A EMPRENDEDORES"},"content":{"rendered":"\n<p>En este sentido, el jefe comunal estuvo acompa\u00f1ado por el viceintendente, Roger Nediani; el secretario de Desarrollo Humano, Ramiro Barrera y el encargado de Oficina de Emprendedores, Marcelo Abraham.<br>Asimismo, Aldana Ortega de 23 a\u00f1os, es una joven vecina del barrio Villa Rojas, que se capacit\u00f3 fuera la provincia y trabaj\u00f3 en centros est\u00e9ticos. Hoy, tiene objetivo comenzar su propio sal\u00f3n en sociedad con una amiga, para lo que confi\u00f3 en el programa municipal, del cual realiz\u00f3 los tr\u00e1mites correspondientes en la oficina mencionada, sita en S\u00e1enz Pe\u00f1a 54, por la que recibi\u00f3 herramientas para realizar diferentes trabajos de belleza capilar y cuidado est\u00e9tico, correspondiente a insumos para pesta\u00f1as, u\u00f1as, depilaci\u00f3n, cabellos, y dem\u00e1s.<br>Por su parte, Mirolo dijo: \u201cYa son muchos las ayudas a emprendedores que venimos brindando en nuestros 7 a\u00f1os de trabajo, siempre con el objetivo de buscar la inclusi\u00f3n laboral de nuestros j\u00f3venes emprendedores, por lo que cada herramienta que entregamos es la posibilidad de cumplir con eso y todo lo que implica\u201d.<br><\/p>\n","protected":false},"excerpt":{"rendered":"<p>El intendente de la ciudad de La Banda, Pablo Mirolo realiz\u00f3 la entrega de herramientas e insumos para impulsar el negocio de una vecina bande\u00f1a, en el marco del Programa Municipal \u2018Emprendiendo Sue\u00f1os\u2019.<\/p>\n","protected":false},"author":2,"featured_media":36657,"comment_status":"open","ping_status":"open","sticky":false,"template":"","format":"standard","meta":{"om_disable_all_campaigns":false,"_monsterinsights_skip_tracking":false,"_monsterinsights_sitenote_active":false,"_monsterinsights_sitenote_note":"","_monsterinsights_sitenote_category":0,"_uf_show_specific_survey":0,"_uf_disable_surveys":false,"jetpack_post_was_ever_published":false,"_jetpack_newsletter_access":"","_jetpack_dont_email_post_to_subs":false,"_jetpack_newsletter_tier_id":0,"_jetpack_memberships_contains_paywalled_content":false,"_jetpack_memberships_contains_paid_content":false,"footnotes":"","jetpack_publicize_message":"","jetpack_publicize_feature_enabled":true,"jetpack_social_post_already_shared":false,"jetpack_social_options":{"image_generator_settings":{"template":"highway","default_image_id":0,"font":"","enabled":false},"version":2}},"categories":[21],"tags":[],"class_list":["post-36656","post","type-post","status-publish","format-standard","has-post-thumbnail","hentry","category-locales"],"aioseo_notices":[],"views":13,"jetpack_publicize_connections":[],"jetpack_featured_media_url":"https:\/\/i0.wp.com\/elterritorialweb.com.ar\/web\/wp-content\/uploads\/2022\/03\/IMG-20220312-WA0003.jpg?fit=1280%2C853&ssl=1","jetpack_sharing_enabled":true,"_links":{"self":[{"href":"https:\/\/elterritorialweb.com.ar\/web\/wp-json\/wp\/v2\/posts\/36656","targetHints":{"allow":["GET"]}}],"collection":[{"href":"https:\/\/elterritorialweb.com.ar\/web\/wp-json\/wp\/v2\/posts"}],"about":[{"href":"https:\/\/elterritorialweb.com.ar\/web\/wp-json\/wp\/v2\/types\/post"}],"author":[{"embeddable":true,"href":"https:\/\/elterritorialweb.com.ar\/web\/wp-json\/wp\/v2\/users\/2"}],"replies":[{"embeddable":true,"href":"https:\/\/elterritorialweb.com.ar\/web\/wp-json\/wp\/v2\/comments?post=36656"}],"version-history":[{"count":1,"href":"https:\/\/elterritorialweb.com.ar\/web\/wp-json\/wp\/v2\/posts\/36656\/revisions"}],"predecessor-version":[{"id":36658,"href":"https:\/\/elterritorialweb.com.ar\/web\/wp-json\/wp\/v2\/posts\/36656\/revisions\/36658"}],"wp:featuredmedia":[{"embeddable":true,"href":"https:\/\/elterritorialweb.com.ar\/web\/wp-json\/wp\/v2\/media\/36657"}],"wp:attachment":[{"href":"https:\/\/elterritorialweb.com.ar\/web\/wp-json\/wp\/v2\/media?parent=36656"}],"wp:term":[{"taxonomy":"category","embeddable":true,"href":"https:\/\/elterritorialweb.com.ar\/web\/wp-json\/wp\/v2\/categories?post=36656"},{"taxonomy":"post_tag","embeddable":true,"href":"https:\/\/elterritorialweb.com.ar\/web\/wp-json\/wp\/v2\/tags?post=36656"}],"curies":[{"name":"wp","href":"https:\/\/api.w.org\/{rel}","templated":true}]}}