{"id":36659,"date":"2022-03-13T04:52:03","date_gmt":"2022-03-13T04:52:03","guid":{"rendered":"http:\/\/elterritorialweb.com.ar\/web\/?p=36659"},"modified":"2022-03-13T04:52:03","modified_gmt":"2022-03-13T04:52:03","slug":"fuentes-encabezo-una-nueva-jornada-de-adopcion-de-arboles-en-el-barrio-santa-lucia","status":"publish","type":"post","link":"https:\/\/elterritorialweb.com.ar\/web\/fuentes-encabezo-una-nueva-jornada-de-adopcion-de-arboles-en-el-barrio-santa-lucia\/","title":{"rendered":"FUENTES ENCABEZ\u00d3 UNA NUEVA JORNADA DE ADOPCI\u00d3N DE ARBOLES EN EL BARRIO SANTA LUCIA"},"content":{"rendered":"\n<p>La jefa comunal estuvo acompa\u00f1ada por la secretaria de Coordinaci\u00f3n de Gabinete, Alejandra Yoshitake; el secretario de Gobierno, N\u00e9stor Machado; el subsecretario de Desarrollo Comunitario, Mauro Kalinski y el director de la Juventud, Luis Llanos.<br>En la oportunidad, la intendente tom\u00f3 contacto con los habitantes del barrio para hacer la entrega y explicar la importancia de contar con un patrimonio forestal que permita contribuir al medio ambiente.<br>Durante la entrega, los vecinos recibieron dos ejemplares arb\u00f3reos, adem\u00e1s de asesoramiento t\u00e9cnico para la plantaci\u00f3n y el mantenimiento de los mismos.<br>Cabe recordar que, durante estas jornadas, el Municipio registra a los vecinos para realizar un seguimiento de los \u00e1rboles entregados para ser colocados en veredas o patios, con el objetivo de avanzar en el plan de reforestaci\u00f3n de la ciudad Capital.<\/p>\n","protected":false},"excerpt":{"rendered":"<p>Ante una importante cantidad de vecinos, la Intendente Ing. Norma Fuentes encabez\u00f3 la entrega de plantas en el marco de una nueva jornada de adopci\u00f3n de \u00e1rboles que se llev\u00f3 a cabo en el barrio Santa Luc\u00eda ampliaci\u00f3n .<\/p>\n","protected":false},"author":2,"featured_media":36660,"comment_status":"open","ping_status":"open","sticky":false,"template":"","format":"standard","meta":{"om_disable_all_campaigns":false,"_monsterinsights_skip_tracking":false,"_monsterinsights_sitenote_active":false,"_monsterinsights_sitenote_note":"","_monsterinsights_sitenote_category":0,"_uf_show_specific_survey":0,"_uf_disable_surveys":false,"jetpack_post_was_ever_published":false,"_jetpack_newsletter_access":"","_jetpack_dont_email_post_to_subs":false,"_jetpack_newsletter_tier_id":0,"_jetpack_memberships_contains_paywalled_content":false,"_jetpack_memberships_contains_paid_content":false,"footnotes":"","jetpack_publicize_message":"","jetpack_publicize_feature_enabled":true,"jetpack_social_post_already_shared":false,"jetpack_social_options":{"image_generator_settings":{"template":"highway","default_image_id":0,"font":"","enabled":false},"version":2}},"categories":[21],"tags":[],"class_list":["post-36659","post","type-post","status-publish","format-standard","has-post-thumbnail","hentry","category-locales"],"aioseo_notices":[],"views":9,"jetpack_publicize_connections":[],"jetpack_featured_media_url":"https:\/\/i0.wp.com\/elterritorialweb.com.ar\/web\/wp-content\/uploads\/2022\/03\/adopcion-arboles-fuentes.jpeg?fit=1280%2C785&ssl=1","jetpack_sharing_enabled":true,"_links":{"self":[{"href":"https:\/\/elterritorialweb.com.ar\/web\/wp-json\/wp\/v2\/posts\/36659","targetHints":{"allow":["GET"]}}],"collection":[{"href":"https:\/\/elterritorialweb.com.ar\/web\/wp-json\/wp\/v2\/posts"}],"about":[{"href":"https:\/\/elterritorialweb.com.ar\/web\/wp-json\/wp\/v2\/types\/post"}],"author":[{"embeddable":true,"href":"https:\/\/elterritorialweb.com.ar\/web\/wp-json\/wp\/v2\/users\/2"}],"replies":[{"embeddable":true,"href":"https:\/\/elterritorialweb.com.ar\/web\/wp-json\/wp\/v2\/comments?post=36659"}],"version-history":[{"count":1,"href":"https:\/\/elterritorialweb.com.ar\/web\/wp-json\/wp\/v2\/posts\/36659\/revisions"}],"predecessor-version":[{"id":36661,"href":"https:\/\/elterritorialweb.com.ar\/web\/wp-json\/wp\/v2\/posts\/36659\/revisions\/36661"}],"wp:featuredmedia":[{"embeddable":true,"href":"https:\/\/elterritorialweb.com.ar\/web\/wp-json\/wp\/v2\/media\/36660"}],"wp:attachment":[{"href":"https:\/\/elterritorialweb.com.ar\/web\/wp-json\/wp\/v2\/media?parent=36659"}],"wp:term":[{"taxonomy":"category","embeddable":true,"href":"https:\/\/elterritorialweb.com.ar\/web\/wp-json\/wp\/v2\/categories?post=36659"},{"taxonomy":"post_tag","embeddable":true,"href":"https:\/\/elterritorialweb.com.ar\/web\/wp-json\/wp\/v2\/tags?post=36659"}],"curies":[{"name":"wp","href":"https:\/\/api.w.org\/{rel}","templated":true}]}}