{"id":36662,"date":"2022-03-13T15:34:12","date_gmt":"2022-03-13T15:34:12","guid":{"rendered":"http:\/\/elterritorialweb.com.ar\/web\/?p=36662"},"modified":"2022-03-13T16:01:31","modified_gmt":"2022-03-13T16:01:31","slug":"dura-derrota-de-guemes-de-local-ante-san-telmo","status":"publish","type":"post","link":"https:\/\/elterritorialweb.com.ar\/web\/dura-derrota-de-guemes-de-local-ante-san-telmo\/","title":{"rendered":"DURA DERROTA DE G\u00dcEMES DE LOCAL ANTE SAN TELMO"},"content":{"rendered":"\n<p><strong>G\u00fcemes&nbsp;<\/strong>dio otro paso en falso en la&nbsp;<strong>Primera Nacional&nbsp;<\/strong>al caer este s\u00e1bado por la noche como local por 1-0 ante&nbsp;<strong>San Telmo<\/strong>&nbsp;en el marco de la quinta fecha.<\/p>\n\n\n\n<p>El elenco azulgrana no tuvo una buena noche y nunca le encontr\u00f3 la vuelta a un rival ordenado que peg\u00f3 en el momento justo para llevarse tres puntos de oro de&nbsp;<strong>Santiago del Estero.<\/strong><\/p>\n\n\n\n<p>El&nbsp;<strong>Gaucho&nbsp;<\/strong>comenz\u00f3 el juego avisando con una chance de&nbsp;<strong>Lentini&nbsp;<\/strong>que no pudo conectar bien dentro del \u00e1rea, pero luego la visita se acomod\u00f3 en el partido y le complic\u00f3 el tr\u00e1mite del partido a un&nbsp;<strong>G\u00fcemes&nbsp;<\/strong>impreciso.&nbsp;<\/p>\n\n\n\n<p><strong>Ca\u00f1ete&nbsp;<\/strong>tuvo una chance clar\u00edsima para poner al&nbsp;<strong>Candombero<\/strong>&nbsp;en ventaja, pero&nbsp;<strong>Papaleo&nbsp;<\/strong>despej\u00f3 de manera providencial con su pierna derecha.<\/p>\n\n\n\n<p>En el segundo tiempo se mantuvo la misma tesitura del juego, con un&nbsp;<strong>San Telmo&nbsp;<\/strong>mucho m\u00e1s compacto y con mejores ideas.<\/p>\n\n\n\n<p>A los 24 minutos lleg\u00f3 el quiebre del partido. Una mala salida de&nbsp;<strong>Gabriel Fern\u00e1ndez&nbsp;<\/strong>del fondo y un quedo de&nbsp;<strong>Andr\u00e9s Zanini&nbsp;<\/strong>dejaron mano a mano a&nbsp;<strong>Ca\u00f1ete&nbsp;<\/strong>con&nbsp;<strong>Papaleo<\/strong>. El volante visitante defini\u00f3 por encima del golero azulgrana que tuvo que tapar fuera del \u00e1rea, por lo que se fue expulsado.<\/p>\n\n\n\n<p><strong>G\u00fcemes&nbsp;<\/strong>sum\u00f3 confusi\u00f3n y el&nbsp;<strong>Candombero&nbsp;<\/strong>se anim\u00f3. Fue as\u00ed que a los 30 minutos el ex&nbsp;<strong>Mitre Gianluca Pugliese<\/strong>&nbsp;sac\u00f3 un derechazo que dej\u00f3 sin chances al ingresado<strong>&nbsp;Luis Rodr\u00edguez,&nbsp;<\/strong>desatando el festejo visitante.<\/p>\n\n\n\n<p>El equipo de&nbsp;<strong>Martel&nbsp;<\/strong>fue un c\u00famulo de nervios, buscando el empate como pod\u00eda. Pero los minutos se consumieron y el pitazo final de&nbsp;<strong>Ejarque&nbsp;<\/strong>sentenci\u00f3 otra dura derrota del&nbsp;<strong>Gaucho<\/strong>&nbsp;en el torneo.<\/p>\n\n\n\n<p>Ahora el elenco santiague\u00f1o deber\u00e1 enfrentar su compromiso por&nbsp;<strong>Copa Argentina el mi\u00e9rcoles ante Talleres de C\u00f3rdoba en Salta<\/strong>. La delegaci\u00f3n azulgrana partir\u00e1 el lunes hacia&nbsp;<strong>\u201cLa Linda\u201d<\/strong>&nbsp;y tras el juego ante la T viajar\u00e1 directamente a&nbsp;<strong>Mendoza&nbsp;<\/strong>para afrontar el compromiso ante Gimnasia por la sexta fecha de la&nbsp;<strong>Primera Nacional.<\/strong><\/p>\n\n\n\n<figure class=\"wp-block-embed is-type-video is-provider-youtube wp-block-embed-youtube wp-embed-aspect-16-9 wp-has-aspect-ratio\"><div class=\"wp-block-embed__wrapper\">\n<iframe title=\"G\u00fcemes 0 \/\/ San Telmo 1 (Primera Nacional)\" width=\"640\" height=\"360\" data-src=\"https:\/\/www.youtube.com\/embed\/HoJsTkoGPeA?feature=oembed\" frameborder=\"0\" allow=\"accelerometer; autoplay; clipboard-write; encrypted-media; gyroscope; picture-in-picture; web-share\" referrerpolicy=\"strict-origin-when-cross-origin\" allowfullscreen src=\"data:image\/svg+xml;base64,PHN2ZyB3aWR0aD0iMSIgaGVpZ2h0PSIxIiB4bWxucz0iaHR0cDovL3d3dy53My5vcmcvMjAwMC9zdmciPjwvc3ZnPg==\" class=\"lazyload\" data-load-mode=\"1\"><\/iframe>\n<\/div><\/figure>\n","protected":false},"excerpt":{"rendered":"<p>El Gaucho perdi\u00f3 por 1-0 como local y sigue sin poder ganar en la Primera Nacional.<\/p>\n","protected":false},"author":2,"featured_media":36663,"comment_status":"open","ping_status":"open","sticky":false,"template":"","format":"standard","meta":{"om_disable_all_campaigns":false,"_monsterinsights_skip_tracking":false,"_monsterinsights_sitenote_active":false,"_monsterinsights_sitenote_note":"","_monsterinsights_sitenote_category":0,"_uf_show_specific_survey":0,"_uf_disable_surveys":false,"jetpack_post_was_ever_published":false,"_jetpack_newsletter_access":"","_jetpack_dont_email_post_to_subs":false,"_jetpack_newsletter_tier_id":0,"_jetpack_memberships_contains_paywalled_content":false,"_jetpack_memberships_contains_paid_content":false,"footnotes":"","jetpack_publicize_message":"","jetpack_publicize_feature_enabled":true,"jetpack_social_post_already_shared":false,"jetpack_social_options":{"image_generator_settings":{"template":"highway","default_image_id":0,"font":"","enabled":false},"version":2}},"categories":[6],"tags":[],"class_list":["post-36662","post","type-post","status-publish","format-standard","has-post-thumbnail","hentry","category-deportes"],"aioseo_notices":[],"views":8,"jetpack_publicize_connections":[],"jetpack_featured_media_url":"https:\/\/i0.wp.com\/elterritorialweb.com.ar\/web\/wp-content\/uploads\/2022\/03\/Screenshot_20220313-1231492.png?fit=1055%2C474&ssl=1","jetpack_sharing_enabled":true,"_links":{"self":[{"href":"https:\/\/elterritorialweb.com.ar\/web\/wp-json\/wp\/v2\/posts\/36662","targetHints":{"allow":["GET"]}}],"collection":[{"href":"https:\/\/elterritorialweb.com.ar\/web\/wp-json\/wp\/v2\/posts"}],"about":[{"href":"https:\/\/elterritorialweb.com.ar\/web\/wp-json\/wp\/v2\/types\/post"}],"author":[{"embeddable":true,"href":"https:\/\/elterritorialweb.com.ar\/web\/wp-json\/wp\/v2\/users\/2"}],"replies":[{"embeddable":true,"href":"https:\/\/elterritorialweb.com.ar\/web\/wp-json\/wp\/v2\/comments?post=36662"}],"version-history":[{"count":1,"href":"https:\/\/elterritorialweb.com.ar\/web\/wp-json\/wp\/v2\/posts\/36662\/revisions"}],"predecessor-version":[{"id":36664,"href":"https:\/\/elterritorialweb.com.ar\/web\/wp-json\/wp\/v2\/posts\/36662\/revisions\/36664"}],"wp:featuredmedia":[{"embeddable":true,"href":"https:\/\/elterritorialweb.com.ar\/web\/wp-json\/wp\/v2\/media\/36663"}],"wp:attachment":[{"href":"https:\/\/elterritorialweb.com.ar\/web\/wp-json\/wp\/v2\/media?parent=36662"}],"wp:term":[{"taxonomy":"category","embeddable":true,"href":"https:\/\/elterritorialweb.com.ar\/web\/wp-json\/wp\/v2\/categories?post=36662"},{"taxonomy":"post_tag","embeddable":true,"href":"https:\/\/elterritorialweb.com.ar\/web\/wp-json\/wp\/v2\/tags?post=36662"}],"curies":[{"name":"wp","href":"https:\/\/api.w.org\/{rel}","templated":true}]}}