{"id":36665,"date":"2022-03-13T18:14:13","date_gmt":"2022-03-13T18:14:13","guid":{"rendered":"http:\/\/elterritorialweb.com.ar\/web\/?p=36665"},"modified":"2022-03-13T18:28:10","modified_gmt":"2022-03-13T18:28:10","slug":"ivana-herrera-loto-se-prepara-en-salta-para-competencias-nacionales-el-internacionales","status":"publish","type":"post","link":"https:\/\/elterritorialweb.com.ar\/web\/ivana-herrera-loto-se-prepara-en-salta-para-competencias-nacionales-el-internacionales\/","title":{"rendered":"IVANA HERRERA LOTO SE PREPARA EN SALTA PARA COMPETENCIAS NACIONALES EL INTERNACIONALES"},"content":{"rendered":"\n<p>Con un entrenamiento espec\u00edfico en altura, a 2.500 metros sobre el nivel de mar, la pretemporada la lleva a cabo en Cachi, provincia de Salta.<\/p>\n\n\n\n<p>El objetivo es potenciar el rendimiento con vistas al Grand Prix Sudamericano a realizarse los d\u00edas 1, 2 y 3 de abril en Concepci\u00f3n del Uruguay (Entre R\u00edos). Las distancias a competir son 5.000 y 3.000 mtrs llanos, anhelando realizar la marca m\u00ednima para el Campeonato Iberoamericano que se realizar\u00e1 en Alicante, Espa\u00f1a.<\/p>\n\n\n\n<p>As\u00ed tambi\u00e9n, confirm\u00f3 su participaci\u00f3n en el 102\u00b0 Campeonato Nacional de Atletismo en distancias de 1.500 y 5.000 mts los d\u00edas 8, 9 y 10 de abri, en aquella ciudad misma ciudad.<\/p>\n\n\n\n<p>Cabe destacar que la bande\u00f1a participar\u00e1 por segundo a\u00f1o consecutivo en el Sudamericano, siendo la \u00fanica atleta de la provincia poseedora de las marcas m\u00ednimas establecidas por la Confederaci\u00f3n Argentina de Atletismo.<\/p>\n","protected":false},"excerpt":{"rendered":"<p>La maratonista santiague\u00f1a, se encuentra realizando su preparaci\u00f3n para el ciclo de competencias 2022. <\/p>\n","protected":false},"author":2,"featured_media":36668,"comment_status":"open","ping_status":"open","sticky":false,"template":"","format":"standard","meta":{"om_disable_all_campaigns":false,"_monsterinsights_skip_tracking":false,"_monsterinsights_sitenote_active":false,"_monsterinsights_sitenote_note":"","_monsterinsights_sitenote_category":0,"_uf_show_specific_survey":0,"_uf_disable_surveys":false,"jetpack_post_was_ever_published":false,"_jetpack_newsletter_access":"","_jetpack_dont_email_post_to_subs":false,"_jetpack_newsletter_tier_id":0,"_jetpack_memberships_contains_paywalled_content":false,"_jetpack_memberships_contains_paid_content":false,"footnotes":"","jetpack_publicize_message":"","jetpack_publicize_feature_enabled":true,"jetpack_social_post_already_shared":false,"jetpack_social_options":{"image_generator_settings":{"template":"highway","default_image_id":0,"font":"","enabled":false},"version":2}},"categories":[6],"tags":[],"class_list":["post-36665","post","type-post","status-publish","format-standard","has-post-thumbnail","hentry","category-deportes"],"aioseo_notices":[],"views":102,"jetpack_publicize_connections":[],"jetpack_featured_media_url":"https:\/\/i0.wp.com\/elterritorialweb.com.ar\/web\/wp-content\/uploads\/2022\/03\/IMG-20220313-WA00102.jpg?fit=1511%2C1167&ssl=1","jetpack_sharing_enabled":true,"_links":{"self":[{"href":"https:\/\/elterritorialweb.com.ar\/web\/wp-json\/wp\/v2\/posts\/36665","targetHints":{"allow":["GET"]}}],"collection":[{"href":"https:\/\/elterritorialweb.com.ar\/web\/wp-json\/wp\/v2\/posts"}],"about":[{"href":"https:\/\/elterritorialweb.com.ar\/web\/wp-json\/wp\/v2\/types\/post"}],"author":[{"embeddable":true,"href":"https:\/\/elterritorialweb.com.ar\/web\/wp-json\/wp\/v2\/users\/2"}],"replies":[{"embeddable":true,"href":"https:\/\/elterritorialweb.com.ar\/web\/wp-json\/wp\/v2\/comments?post=36665"}],"version-history":[{"count":1,"href":"https:\/\/elterritorialweb.com.ar\/web\/wp-json\/wp\/v2\/posts\/36665\/revisions"}],"predecessor-version":[{"id":36667,"href":"https:\/\/elterritorialweb.com.ar\/web\/wp-json\/wp\/v2\/posts\/36665\/revisions\/36667"}],"wp:featuredmedia":[{"embeddable":true,"href":"https:\/\/elterritorialweb.com.ar\/web\/wp-json\/wp\/v2\/media\/36668"}],"wp:attachment":[{"href":"https:\/\/elterritorialweb.com.ar\/web\/wp-json\/wp\/v2\/media?parent=36665"}],"wp:term":[{"taxonomy":"category","embeddable":true,"href":"https:\/\/elterritorialweb.com.ar\/web\/wp-json\/wp\/v2\/categories?post=36665"},{"taxonomy":"post_tag","embeddable":true,"href":"https:\/\/elterritorialweb.com.ar\/web\/wp-json\/wp\/v2\/tags?post=36665"}],"curies":[{"name":"wp","href":"https:\/\/api.w.org\/{rel}","templated":true}]}}