{"id":36670,"date":"2022-03-13T19:24:22","date_gmt":"2022-03-13T19:24:22","guid":{"rendered":"http:\/\/elterritorialweb.com.ar\/web\/?p=36670"},"modified":"2022-03-13T19:24:32","modified_gmt":"2022-03-13T19:24:32","slug":"seminario-sobre-educacion-digital-y-robotica-para-maestras-jardineras","status":"publish","type":"post","link":"https:\/\/elterritorialweb.com.ar\/web\/seminario-sobre-educacion-digital-y-robotica-para-maestras-jardineras\/","title":{"rendered":"SEMINARIO SOBRE EDUCACI\u00d3N DIGITAL Y ROB\u00d3TICA PARA MAESTRAS JARDINERAS"},"content":{"rendered":"\n<p>Desde el \u00d3valo del Parque Sur, la Intendente de la Capital, Ing. Norma Fuentes y la Ministra de Educaci\u00f3n de la provincia, Dra. Mariela Nassif dieron inicio al Seminario-Taller sobre Educaci\u00f3n digital, Programaci\u00f3n y Rob\u00f3tica en el nivel inicial, destinada a docentes de los jardines de infantes municipales.<br>Dicha capacitaci\u00f3n se da en el marco del convenio celebrado entre la Municipalidad de la Capital y el Ministerio de Educaci\u00f3n , Ciencia y Tecnolog\u00eda el pasado 23 de febrero y tendr\u00e1 una duraci\u00f3n de 20 horas reloj y su objetivo es identificar y utilizar recursos digitales b\u00e1sicos para la producci\u00f3n, recuperaci\u00f3n, transformaci\u00f3n y representaci\u00f3n de informaci\u00f3n en el contexto del juego y la creatividad con los ni\u00f1os.<br>De la ceremonia tambi\u00e9n participaron el Subsecretario de Educaci\u00f3n de la provincia, Alejandro Piccoli, funcionarios municipales y docentes asistentes a la capacitaci\u00f3n.<br>En la apertura, la Intendente Fuentes indic\u00f3 que: \u201c Hoy estamos dando inicio a un punto de inflexi\u00f3n, ante presencialidad plena en los jardines, con aulas cuidadas tenemos el desaf\u00edo de la innovaci\u00f3n y cuando se habla de ni\u00f1os se habla de la digitalizaci\u00f3n que ellos manejan\u201d.<br>En ese sentido, dijo que el Gobernador Gerardo Zamora es un visionario de esto porque, siempre habla de dar oportunidad a todos a trav\u00e9s de la capacitaci\u00f3n y romper as\u00ed las asimetr\u00edas.<br>Tambi\u00e9n pidi\u00f3 a los docentes que sean instrumentos de formaci\u00f3n, para preparar a los ni\u00f1os al mundo que viene donde el conocimiento es un pilar fundamental.<br>Por su parte, la Ministra Nassif felicit\u00f3 a la Intendente por el nivel educativo y formativo que tienen los jardines de infantes municipales y por la visi\u00f3n estrat\u00e9gica para mantener la Capital con una mirada hacia el futuro.<br>Asimismo subray\u00f3: \u201c Sabemos que el nivel inicial es la base de la formaci\u00f3n de los ciudadanos y cuando ponemos \u00e9nfasis en los procesos de ense\u00f1anza aprendizaje, las personas pueden adquirir mayor competencia a lo largo de su vida\u00bb.<br>A su turno, la Directora de Educaci\u00f3n del Municipio, Cecilia Marozzi dio la bienvenida a las docentes y les dijo que este espacio de capacitaci\u00f3n les permite trasladar a sus alumnos conocimientos y despertar esta inteligencia en muchos de ellos que, en la vida diaria no tienen acceso, pero que desde el jardin si les puede brindar\u00bb.<\/p>\n","protected":false},"excerpt":{"rendered":"<p>La intendente Fuentes y la ministra Nassif dieron apertura al seminario desde el \u00f3valo del Parque Sur<\/p>\n","protected":false},"author":2,"featured_media":36671,"comment_status":"open","ping_status":"open","sticky":false,"template":"","format":"standard","meta":{"om_disable_all_campaigns":false,"_monsterinsights_skip_tracking":false,"_monsterinsights_sitenote_active":false,"_monsterinsights_sitenote_note":"","_monsterinsights_sitenote_category":0,"_uf_show_specific_survey":0,"_uf_disable_surveys":false,"jetpack_post_was_ever_published":false,"_jetpack_newsletter_access":"","_jetpack_dont_email_post_to_subs":false,"_jetpack_newsletter_tier_id":0,"_jetpack_memberships_contains_paywalled_content":false,"_jetpack_memberships_contains_paid_content":false,"footnotes":"","jetpack_publicize_message":"","jetpack_publicize_feature_enabled":true,"jetpack_social_post_already_shared":false,"jetpack_social_options":{"image_generator_settings":{"template":"highway","default_image_id":0,"font":"","enabled":false},"version":2}},"categories":[19],"tags":[],"class_list":["post-36670","post","type-post","status-publish","format-standard","has-post-thumbnail","hentry","category-educacion"],"aioseo_notices":[],"views":6,"jetpack_publicize_connections":[],"jetpack_featured_media_url":"https:\/\/i0.wp.com\/elterritorialweb.com.ar\/web\/wp-content\/uploads\/2022\/03\/presentacion-curso-robotica.jpeg?fit=1280%2C725&ssl=1","jetpack_sharing_enabled":true,"_links":{"self":[{"href":"https:\/\/elterritorialweb.com.ar\/web\/wp-json\/wp\/v2\/posts\/36670","targetHints":{"allow":["GET"]}}],"collection":[{"href":"https:\/\/elterritorialweb.com.ar\/web\/wp-json\/wp\/v2\/posts"}],"about":[{"href":"https:\/\/elterritorialweb.com.ar\/web\/wp-json\/wp\/v2\/types\/post"}],"author":[{"embeddable":true,"href":"https:\/\/elterritorialweb.com.ar\/web\/wp-json\/wp\/v2\/users\/2"}],"replies":[{"embeddable":true,"href":"https:\/\/elterritorialweb.com.ar\/web\/wp-json\/wp\/v2\/comments?post=36670"}],"version-history":[{"count":1,"href":"https:\/\/elterritorialweb.com.ar\/web\/wp-json\/wp\/v2\/posts\/36670\/revisions"}],"predecessor-version":[{"id":36672,"href":"https:\/\/elterritorialweb.com.ar\/web\/wp-json\/wp\/v2\/posts\/36670\/revisions\/36672"}],"wp:featuredmedia":[{"embeddable":true,"href":"https:\/\/elterritorialweb.com.ar\/web\/wp-json\/wp\/v2\/media\/36671"}],"wp:attachment":[{"href":"https:\/\/elterritorialweb.com.ar\/web\/wp-json\/wp\/v2\/media?parent=36670"}],"wp:term":[{"taxonomy":"category","embeddable":true,"href":"https:\/\/elterritorialweb.com.ar\/web\/wp-json\/wp\/v2\/categories?post=36670"},{"taxonomy":"post_tag","embeddable":true,"href":"https:\/\/elterritorialweb.com.ar\/web\/wp-json\/wp\/v2\/tags?post=36670"}],"curies":[{"name":"wp","href":"https:\/\/api.w.org\/{rel}","templated":true}]}}