{"id":36701,"date":"2022-03-14T03:49:10","date_gmt":"2022-03-14T03:49:10","guid":{"rendered":"http:\/\/elterritorialweb.com.ar\/web\/?p=36701"},"modified":"2022-03-14T03:49:10","modified_gmt":"2022-03-14T03:49:10","slug":"este-lunes-el-senado-comenzara-a-tratar-el-acuerdo-con-el-fmi","status":"publish","type":"post","link":"https:\/\/elterritorialweb.com.ar\/web\/este-lunes-el-senado-comenzara-a-tratar-el-acuerdo-con-el-fmi\/","title":{"rendered":"ESTE LUNES, EL SENADO COMENZAR\u00c1 A TRATAR EL ACUERDO CON EL FMI"},"content":{"rendered":"\n<p>El\u00a0<strong>Senado comenzar\u00e1 este lunes el debate<\/strong>\u00a0en comisi\u00f3n del proyecto que avala el acuerdo que el Gobierno nacional alcanz\u00f3 con el Fondo Monetario Internacional (FMI),\u00a0<a href=\"http:\/\/elterritorialweb.com.ar\/web\/diputados-aprobo-el-acuerdo-con-el-fmi\/\">aprobado en la madrugada del viernes por la C\u00e1mara de Diputados<\/a>, durante una audiencia en la que expondr\u00e1 el ministro de Econom\u00eda,\u00a0<strong>Mart\u00edn Guzm\u00e1n<\/strong>, y otros funcionarios, y el oficialismo espera sancionarlo en la misma semana.<\/p>\n\n\n\n<p>El jefe de Gabinete,&nbsp;<strong>Juan Manzur<\/strong>, y el ministro Guzm\u00e1n se presentar\u00e1n a las 15 ante la Comisi\u00f3n de Presupuesto que preside el senador del Frente de Todos (FdT) por La Rioja&nbsp;<strong>Ricardo Guerra<\/strong>, y que se reunir\u00e1 en el sal\u00f3n Azul del Congreso.<\/p>\n\n\n\n<p>El jefe del bloque oficialista,&nbsp;<strong>Jos\u00e9 Mayans<\/strong>, confirm\u00f3 el pasado viernes que se reuni\u00f3 con la vicepresidenta&nbsp;<strong>Cristina Fern\u00e1ndez de Kirchner<\/strong>&nbsp;y que recibi\u00f3 instrucciones para dar \u00ab<strong>r\u00e1pido tratamiento<\/strong>\u00bb al texto aprobado por la C\u00e1mara baja.<\/p>\n\n\n\n<p>A esta reuni\u00f3n est\u00e1n invitados, adem\u00e1s de Manzur y Guzm\u00e1n, el director el Banco Central,&nbsp;<strong>Miguel Pesce,<\/strong>&nbsp;y la directora de la Administraci\u00f3n General de Ingresos P\u00fablicos (AFIP),&nbsp;<strong>Mercedes Marc\u00f3 del Pont<\/strong>.<\/p>\n\n\n\n<figure class=\"wp-block-image\"><a href=\"javascript:void(0);\"><img data-recalc-dims=\"1\" decoding=\"async\" data-src=\"https:\/\/i0.wp.com\/www.telam.com.ar\/thumbs\/bluesteel\/advf\/imagenes\/2020\/02\/5e4464da3296d_900.jpg?w=640&#038;ssl=1\" alt=\"En la audiencia expondr el ministro de Economa Martn Guzmn\" src=\"data:image\/svg+xml;base64,PHN2ZyB3aWR0aD0iMSIgaGVpZ2h0PSIxIiB4bWxucz0iaHR0cDovL3d3dy53My5vcmcvMjAwMC9zdmciPjwvc3ZnPg==\" class=\"lazyload\" \/><\/a><figcaption>En la audiencia expondr\u00e1 el ministro de Econom\u00eda, Mart\u00edn Guzm\u00e1n.<\/figcaption><\/figure>\n\n\n\n<p>El senador por el FdT&nbsp;<strong>Pablo Yedlin<\/strong>&nbsp;estim\u00f3 que para el \u00abfinal de la semana\u00bb entrante \u00abla gran mayor\u00eda\u00bb de los integrantes de la C\u00e1mara alta aprobar\u00e1n el proyecto de ley que avala el acuerdo con el FMI.<\/p>\n\n\n\n<p>\u00abLa verdad es que&nbsp;<strong>no tenemos otra alternativa que llegar a un acuerdo con el FMI<\/strong>. La gran mayor\u00eda vamos a acompa\u00f1ar al Presidente (Alberto Fern\u00e1ndez), no vamos a tener grandes problemas\u00bb, estim\u00f3 Yedlin el viernes \u00faltimo en declaraciones a FM Milenium.<\/p>\n\n\n\n<p>Para el legislador tucumano, el debate se dar\u00e1 \u00abcon normalidad\u00bb y estim\u00f3 que no cree que vaya a ser necesario \u00abmodificar el texto\u00bb porque, si se lo cambia, deber\u00eda volver a Diputados.<\/p>\n\n\n\n<p>En ese sentido, consider\u00f3 que \u00abel nuevo acuerdo permite poder respirar y sostener en la pospandemia el crecimiento del pa\u00eds y fortalecer la macroeconom\u00eda\u00bb.<\/p>\n\n\n\n<p>Asimismo, el senador reconoci\u00f3 que la divisi\u00f3n del voto en el bloque \u00abes un riesgo que corre el FdT, luego de la votaci\u00f3n en Diputados\u00bb, donde consider\u00f3 que \u00abfalt\u00f3 di\u00e1logo\u00bb al interior de la bancada.<\/p>\n\n\n\n<figure class=\"wp-block-image\"><a href=\"javascript:void(0);\"><img data-recalc-dims=\"1\" decoding=\"async\" data-src=\"https:\/\/i0.wp.com\/www.telam.com.ar\/thumbs\/bluesteel\/advf\/imagenes\/2020\/05\/5ec6f87b5b338_900.jpg?w=640&#038;ssl=1\" alt=\"Telam SE\" src=\"data:image\/svg+xml;base64,PHN2ZyB3aWR0aD0iMSIgaGVpZ2h0PSIxIiB4bWxucz0iaHR0cDovL3d3dy53My5vcmcvMjAwMC9zdmciPjwvc3ZnPg==\" class=\"lazyload\" \/><\/a><\/figure>\n\n\n\n<p>\u00abEs un gran desaf\u00edo para el bloque superar estas diferencias\u00bb, apunt\u00f3 Yedlin y advirti\u00f3 a aquellos senadores indecisos que, de no votarse el acuerdo, la Argentina entrar\u00e1 \u00aben cesaci\u00f3n de pagos\u00bb.<\/p>\n\n\n\n<p>Tras la aprobaci\u00f3n en Diputados, Mayans explic\u00f3 que de acuerdo al reglamento del Senado y tras la emisi\u00f3n de un dictamen, se deber\u00edan aguardar siete d\u00edas para el llamado a sesi\u00f3n, pero la intenci\u00f3n es consensuar entre los bloques que el debate se produzca antes del viernes.<\/p>\n\n\n\n<p>El jefe de los senadores del FdT explic\u00f3 que el escenario en la C\u00e1mara alta para la discusi\u00f3n del acuerdo con FMI \u00abes muy parecido\u00bb al de Diputados, pero sostuvo que<strong>&nbsp;la posici\u00f3n del oficialismo es \u00abrespetar la decisi\u00f3n\u00bb que tome cada legislador<\/strong>.<\/p>\n\n\n\n<p>Mayans asegur\u00f3 que el tratamiento en el Senado \u00ab<strong>se va a dar de manera inmediata<\/strong>\u00bb y que su posici\u00f3n es que el martes se emita dictamen en comisi\u00f3n para \u00abtratar de&nbsp;<strong>darle tratamiento esa misma semana en el recinto<\/strong>\u00ab.<\/p>\n\n\n\n<p>En tanto, el jefe de los senadores del PRO,&nbsp;<strong>Humberto Schiavoni<\/strong>, dijo que \u00abha habido muy poca comunicaci\u00f3n\u00bb y \u00abmucho hermetismo\u00bb en torno a la discusi\u00f3n y se\u00f1al\u00f3 que cuando quisieron dialogar sobre el tema con sus pares del FdT han \u00abtenido poco eco\u00bb.<\/p>\n\n\n\n<p>Schiavoni afirm\u00f3 que ya tienen mandato de la mesa de JxC para votar positivamente y precis\u00f3 que en la Comisi\u00f3n de Presupuesto el oficialismo tiene mayor\u00eda para \u00absacar despacho el mismo martes\u00bb.<\/p>\n\n\n\n<p>El senador misionero expres\u00f3 su apoyo a que el pa\u00eds no ingrese en default con el organismo internacional, pero anticip\u00f3 su voto negativo a iniciativas que impliquen suba de impuestos.<\/p>\n\n\n\n<p>La C\u00e1mara de Diputados aprob\u00f3 en la madrugada del viernes pasado el proyecto que avala el acuerdo con el FMI para la reestructuraci\u00f3n de la deuda que contrajo el expresidente Mauricio Macri, tras m\u00e1s de 13 horas de debate que terminaron con el voto positivo de 202 legisladores, contra 37 negativos y 13 abstenciones.<\/p>\n\n\n\n<p>La mayor\u00eda de los votos positivos fueron aportados por las bancadas del FdT y JxC, a los que sumaron los legisladores de los interbloques Federal, Provincias Unidas y Ser.<\/p>\n\n\n\n<p>Entre los negativos hubo tambi\u00e9n votos del FdT, la izquierda y de los legisladores autodenominados como libertarios.<\/p>\n","protected":false},"excerpt":{"rendered":"<p>El objetivo del oficialismo es contar el martes con un dictamen y convertir en ley antes del viernes la iniciativa que autoriza al Poder Ejecutivo a suscribir un nuevo entendimiento con el organismo monetario.<\/p>\n","protected":false},"author":2,"featured_media":36702,"comment_status":"open","ping_status":"open","sticky":false,"template":"","format":"standard","meta":{"om_disable_all_campaigns":false,"_monsterinsights_skip_tracking":false,"_monsterinsights_sitenote_active":false,"_monsterinsights_sitenote_note":"","_monsterinsights_sitenote_category":0,"_uf_show_specific_survey":0,"_uf_disable_surveys":false,"jetpack_post_was_ever_published":false,"_jetpack_newsletter_access":"","_jetpack_dont_email_post_to_subs":false,"_jetpack_newsletter_tier_id":0,"_jetpack_memberships_contains_paywalled_content":false,"_jetpack_memberships_contains_paid_content":false,"footnotes":"","jetpack_publicize_message":"","jetpack_publicize_feature_enabled":true,"jetpack_social_post_already_shared":false,"jetpack_social_options":{"image_generator_settings":{"template":"highway","default_image_id":0,"font":"","enabled":false},"version":2}},"categories":[18],"tags":[],"class_list":["post-36701","post","type-post","status-publish","format-standard","has-post-thumbnail","hentry","category-politica"],"aioseo_notices":[],"views":3,"jetpack_publicize_connections":[],"jetpack_featured_media_url":"https:\/\/i0.wp.com\/elterritorialweb.com.ar\/web\/wp-content\/uploads\/2022\/03\/SENADO-DE-LA-NACION-scaled.jpg?fit=2560%2C1707&ssl=1","jetpack_sharing_enabled":true,"_links":{"self":[{"href":"https:\/\/elterritorialweb.com.ar\/web\/wp-json\/wp\/v2\/posts\/36701","targetHints":{"allow":["GET"]}}],"collection":[{"href":"https:\/\/elterritorialweb.com.ar\/web\/wp-json\/wp\/v2\/posts"}],"about":[{"href":"https:\/\/elterritorialweb.com.ar\/web\/wp-json\/wp\/v2\/types\/post"}],"author":[{"embeddable":true,"href":"https:\/\/elterritorialweb.com.ar\/web\/wp-json\/wp\/v2\/users\/2"}],"replies":[{"embeddable":true,"href":"https:\/\/elterritorialweb.com.ar\/web\/wp-json\/wp\/v2\/comments?post=36701"}],"version-history":[{"count":1,"href":"https:\/\/elterritorialweb.com.ar\/web\/wp-json\/wp\/v2\/posts\/36701\/revisions"}],"predecessor-version":[{"id":36703,"href":"https:\/\/elterritorialweb.com.ar\/web\/wp-json\/wp\/v2\/posts\/36701\/revisions\/36703"}],"wp:featuredmedia":[{"embeddable":true,"href":"https:\/\/elterritorialweb.com.ar\/web\/wp-json\/wp\/v2\/media\/36702"}],"wp:attachment":[{"href":"https:\/\/elterritorialweb.com.ar\/web\/wp-json\/wp\/v2\/media?parent=36701"}],"wp:term":[{"taxonomy":"category","embeddable":true,"href":"https:\/\/elterritorialweb.com.ar\/web\/wp-json\/wp\/v2\/categories?post=36701"},{"taxonomy":"post_tag","embeddable":true,"href":"https:\/\/elterritorialweb.com.ar\/web\/wp-json\/wp\/v2\/tags?post=36701"}],"curies":[{"name":"wp","href":"https:\/\/api.w.org\/{rel}","templated":true}]}}