{"id":36704,"date":"2022-03-14T03:57:35","date_gmt":"2022-03-14T03:57:35","guid":{"rendered":"http:\/\/elterritorialweb.com.ar\/web\/?p=36704"},"modified":"2022-03-14T03:57:36","modified_gmt":"2022-03-14T03:57:36","slug":"el-gobierno-nacional-suspendio-las-exportaciones-de-harina-y-de-soja","status":"publish","type":"post","link":"https:\/\/elterritorialweb.com.ar\/web\/el-gobierno-nacional-suspendio-las-exportaciones-de-harina-y-de-soja\/","title":{"rendered":"EL GOBIERNO NACIONAL SUSPENDI\u00d3 LAS EXPORTACIONES DE HARINA Y DE SOJA"},"content":{"rendered":"\n<p>El Gobierno nacional decidi\u00f3 este domingo&nbsp;<strong>suspender&nbsp;<\/strong>el Registro de Declaraciones Juradas de Venta al Exterior (DJVE) para las exportaciones de&nbsp;<strong>harina y aceite de soja<\/strong>, entre otras posiciones arancelarias de la oleaginosa, seg\u00fan inform\u00f3 la Subsecretar\u00eda de Mercados Agropecuarios.<\/p>\n\n\n\n<p>La subsecretaria, que depende del Ministerio de Agricultura, Ganader\u00eda y Pesca, comunic\u00f3 este domingo al sector exportador que \u201ca partir de la fecha y hasta nuevo aviso el Registro de Declaraciones Juradas de Ventas al Exterior que involucre las exportaciones de las siguientes posiciones arancelarias quedar\u00e1 suspendido a todos sus efectos\u201d.<\/p>\n\n\n\n<p>Los productos identificados con las posiciones arancelarias NCM 1507-10-00 y NCM 1507-90-19 (aceite de soja a granel y en tambores de 200 litros) y NCM 2304-00-10, (Pellets\u00bb y Harina de soja, \u00abPellets\u00bb, de harina de extracci\u00f3n y \u00abPellets\u00bb, harina de tortas) NCM 2304-00-90, (Residuos y desperdicios de la industria alimentaria, alimentos para animales. Pasteles y dem\u00e1s residuos s\u00f3lidos de la extracci\u00f3n del aceite de soja, molidos o en pellets), comprenden a las exportaciones que quedan suspendidas.<\/p>\n\n\n\n<p>El comunicado, que lleva la firma del subsecretario de Mercados Agropecuarios,&nbsp;<strong>Javier Preciado Pati\u00f1o<\/strong>, se\u00f1ala que la medida fue tomada \u00abde conformidad con los t\u00e9rminos del art\u00edculo 18 de la resoluci\u00f3n 2019-128\u00bb dispuesta el 14 de noviembre de 2019 por el Ministerio de Agricultura, Ganader\u00eda y Pesca.<\/p>\n","protected":false},"excerpt":{"rendered":"<p>A trav\u00e9s de un comunicado, el Gobierno inform\u00f3 que interrumpi\u00f3 el Registro de Declaraciones Juradas de Venta al Exterior (DJVE) para las mencionadas posiciones arancelarias de la oleaginosa.<\/p>\n","protected":false},"author":2,"featured_media":36705,"comment_status":"open","ping_status":"open","sticky":false,"template":"","format":"standard","meta":{"om_disable_all_campaigns":false,"_monsterinsights_skip_tracking":false,"_monsterinsights_sitenote_active":false,"_monsterinsights_sitenote_note":"","_monsterinsights_sitenote_category":0,"_uf_show_specific_survey":0,"_uf_disable_surveys":false,"jetpack_post_was_ever_published":false,"_jetpack_newsletter_access":"","_jetpack_dont_email_post_to_subs":false,"_jetpack_newsletter_tier_id":0,"_jetpack_memberships_contains_paywalled_content":false,"_jetpack_memberships_contains_paid_content":false,"footnotes":"","jetpack_publicize_message":"","jetpack_publicize_feature_enabled":true,"jetpack_social_post_already_shared":false,"jetpack_social_options":{"image_generator_settings":{"template":"highway","default_image_id":0,"font":"","enabled":false},"version":2}},"categories":[2],"tags":[],"class_list":["post-36704","post","type-post","status-publish","format-standard","has-post-thumbnail","hentry","category-economia"],"aioseo_notices":[],"views":12,"jetpack_publicize_connections":[],"jetpack_featured_media_url":"https:\/\/i0.wp.com\/elterritorialweb.com.ar\/web\/wp-content\/uploads\/2022\/03\/SOJA.jpg?fit=1023%2C682&ssl=1","jetpack_sharing_enabled":true,"_links":{"self":[{"href":"https:\/\/elterritorialweb.com.ar\/web\/wp-json\/wp\/v2\/posts\/36704","targetHints":{"allow":["GET"]}}],"collection":[{"href":"https:\/\/elterritorialweb.com.ar\/web\/wp-json\/wp\/v2\/posts"}],"about":[{"href":"https:\/\/elterritorialweb.com.ar\/web\/wp-json\/wp\/v2\/types\/post"}],"author":[{"embeddable":true,"href":"https:\/\/elterritorialweb.com.ar\/web\/wp-json\/wp\/v2\/users\/2"}],"replies":[{"embeddable":true,"href":"https:\/\/elterritorialweb.com.ar\/web\/wp-json\/wp\/v2\/comments?post=36704"}],"version-history":[{"count":1,"href":"https:\/\/elterritorialweb.com.ar\/web\/wp-json\/wp\/v2\/posts\/36704\/revisions"}],"predecessor-version":[{"id":36706,"href":"https:\/\/elterritorialweb.com.ar\/web\/wp-json\/wp\/v2\/posts\/36704\/revisions\/36706"}],"wp:featuredmedia":[{"embeddable":true,"href":"https:\/\/elterritorialweb.com.ar\/web\/wp-json\/wp\/v2\/media\/36705"}],"wp:attachment":[{"href":"https:\/\/elterritorialweb.com.ar\/web\/wp-json\/wp\/v2\/media?parent=36704"}],"wp:term":[{"taxonomy":"category","embeddable":true,"href":"https:\/\/elterritorialweb.com.ar\/web\/wp-json\/wp\/v2\/categories?post=36704"},{"taxonomy":"post_tag","embeddable":true,"href":"https:\/\/elterritorialweb.com.ar\/web\/wp-json\/wp\/v2\/tags?post=36704"}],"curies":[{"name":"wp","href":"https:\/\/api.w.org\/{rel}","templated":true}]}}