{"id":36707,"date":"2022-03-14T04:18:34","date_gmt":"2022-03-14T04:18:34","guid":{"rendered":"http:\/\/elterritorialweb.com.ar\/web\/?p=36707"},"modified":"2022-03-14T04:18:34","modified_gmt":"2022-03-14T04:18:34","slug":"regresaron-a-la-argentina-tras-viajar-por-el-mundo-en-auto-por-22-anos","status":"publish","type":"post","link":"https:\/\/elterritorialweb.com.ar\/web\/regresaron-a-la-argentina-tras-viajar-por-el-mundo-en-auto-por-22-anos\/","title":{"rendered":"REGRESARON A LA ARGENTINA TRAS VIAJAR POR EL MUNDO EN AUTO POR 22 A\u00d1OS"},"content":{"rendered":"\n<p>La familia&nbsp;<strong>Zapp<\/strong>&nbsp;regres\u00f3 esta ma\u00f1ana al Obelisco de Buenos Aires, desde donde hace 22 a\u00f1os hab\u00eda partido con el sue\u00f1o de recorrer el mundo. Tras visitar m\u00e1s de&nbsp;<strong>100 pa\u00edses<\/strong>&nbsp;en&nbsp;<strong>cinco continentes<\/strong>&nbsp;a bordo de un&nbsp;<strong>Graham Paige<\/strong>&nbsp;de 1928, la familia Zapp regres\u00f3 hoy al punto de partida.&nbsp;<\/p>\n\n\n\n<p><em>\u201cSentimos el coraz\u00f3n lleno, tenemos un sue\u00f1o cumplido y la fortuna de compartirlo\u201d<\/em>, manifest\u00f3\u00a0<strong>Herman Zapp,<\/strong>\u00a0que hab\u00eda iniciado la traves\u00eda junto con\u00a0<strong>Candelaria<\/strong>\u00a0el 25 de enero de 2000 y ahora volvieron con cuatro hijos adolescentes, nacidos en distintos pa\u00edses.<\/p>\n\n\n\n<figure class=\"wp-block-image size-full\"><a href=\"https:\/\/i0.wp.com\/elterritorialweb.com.ar\/web\/wp-content\/uploads\/2022\/03\/FAMILIA-ZAPP-1-1.jpg\"><img data-recalc-dims=\"1\" decoding=\"async\" width=\"640\" height=\"384\" data-src=\"https:\/\/i0.wp.com\/elterritorialweb.com.ar\/web\/wp-content\/uploads\/2022\/03\/FAMILIA-ZAPP-1-1.jpg?resize=640%2C384\" alt=\"\" class=\"wp-image-36710 lazyload\" data-srcset=\"https:\/\/i0.wp.com\/elterritorialweb.com.ar\/web\/wp-content\/uploads\/2022\/03\/FAMILIA-ZAPP-1-1.jpg?w=800&amp;ssl=1 800w, https:\/\/i0.wp.com\/elterritorialweb.com.ar\/web\/wp-content\/uploads\/2022\/03\/FAMILIA-ZAPP-1-1.jpg?resize=300%2C180&amp;ssl=1 300w, https:\/\/i0.wp.com\/elterritorialweb.com.ar\/web\/wp-content\/uploads\/2022\/03\/FAMILIA-ZAPP-1-1.jpg?resize=768%2C461&amp;ssl=1 768w\" data-sizes=\"(max-width: 640px) 100vw, 640px\" src=\"data:image\/svg+xml;base64,PHN2ZyB3aWR0aD0iMSIgaGVpZ2h0PSIxIiB4bWxucz0iaHR0cDovL3d3dy53My5vcmcvMjAwMC9zdmciPjwvc3ZnPg==\" style=\"--smush-placeholder-width: 640px; --smush-placeholder-aspect-ratio: 640\/384;\" \/><\/a><\/figure>\n\n\n\n<p>La familia viajera fue recibida cerca del mediod\u00eda por decenas de personas en el Obelisco, en un domingo soleado, con banderas argentinas y aplausos.\u00a0Los seis integrantes de la familia arribaron al centro porte\u00f1o\u00a0a bordo del Graham Paige con que realizaron el viaje que se extendi\u00f3\u00a0por m\u00e1s de\u00a0<strong>300.000<\/strong>\u00a0kil\u00f3metros.<\/p>\n\n\n\n<p>Minutos despu\u00e9s del arribo, Candelaria declar\u00f3 ante los medios:&nbsp;<em>\u201cNunca hubi\u00e9ramos imaginado, cuando salimos de ac\u00e1, volver 22 a\u00f1os despu\u00e9s con hijos y con todo lo vivido\u201d<\/em>.&nbsp;Y su marido agreg\u00f3:&nbsp;<em>\u201cCuando salimos \u00e9ramos dos porque nadie nos cre\u00eda, pero qu\u00e9 lindo es que podamos compartir todo esto. Nos cobijaron en todas partes del mundo como si fu\u00e9ramos familia\u201d<\/em>.<\/p>\n\n\n\n<p><em>\u201cTenemos un mundo maravilloso, hay que ir a conocerlo\u201d<\/em>, subray\u00f3 Herman.<\/p>\n\n\n\n<figure class=\"wp-block-image size-large\"><a href=\"https:\/\/i0.wp.com\/elterritorialweb.com.ar\/web\/wp-content\/uploads\/2022\/03\/FAMILIA-ZAPP-2.jpg\"><img data-recalc-dims=\"1\" decoding=\"async\" width=\"640\" height=\"360\" data-src=\"https:\/\/i0.wp.com\/elterritorialweb.com.ar\/web\/wp-content\/uploads\/2022\/03\/FAMILIA-ZAPP-2.jpg?resize=640%2C360\" alt=\"\" class=\"wp-image-36711 lazyload\" data-srcset=\"https:\/\/i0.wp.com\/elterritorialweb.com.ar\/web\/wp-content\/uploads\/2022\/03\/FAMILIA-ZAPP-2.jpg?resize=1024%2C576&amp;ssl=1 1024w, https:\/\/i0.wp.com\/elterritorialweb.com.ar\/web\/wp-content\/uploads\/2022\/03\/FAMILIA-ZAPP-2.jpg?resize=300%2C169&amp;ssl=1 300w, https:\/\/i0.wp.com\/elterritorialweb.com.ar\/web\/wp-content\/uploads\/2022\/03\/FAMILIA-ZAPP-2.jpg?resize=768%2C432&amp;ssl=1 768w, https:\/\/i0.wp.com\/elterritorialweb.com.ar\/web\/wp-content\/uploads\/2022\/03\/FAMILIA-ZAPP-2.jpg?w=1280&amp;ssl=1 1280w\" data-sizes=\"(max-width: 640px) 100vw, 640px\" src=\"data:image\/svg+xml;base64,PHN2ZyB3aWR0aD0iMSIgaGVpZ2h0PSIxIiB4bWxucz0iaHR0cDovL3d3dy53My5vcmcvMjAwMC9zdmciPjwvc3ZnPg==\" style=\"--smush-placeholder-width: 640px; --smush-placeholder-aspect-ratio: 640\/360;\" \/><\/a><\/figure>\n\n\n\n<p>Herman y Candelaria iniciaron el viaje cuando llevaban seis a\u00f1os de casados, con la intenci\u00f3n inicial de llegar hasta Alaska, pero luego continuaron por el resto del mundo y fueron cumpliendo en el trayecto el deseo de tener hijos.&nbsp;Los Zapp&nbsp;se hospedaron en m\u00e1s de 2.000 hogares que los recibieron&nbsp;y Candelaria destac\u00f3 que&nbsp;<em>\u00abes incre\u00edble la humanidad\u00bb<\/em>&nbsp;y que&nbsp;<em>\u00abmuchos nos ayudaron solo por ser parte de un sue\u00f1o\u00bb<\/em>.<\/p>\n\n\n\n<p>Durante la traves\u00eda Herman contrajo malaria; tambi\u00e9n atravesaron Asia cuando hab\u00eda gripe aviar, \u00c1frica con el \u00e9bola y Centroam\u00e9rica con dengue.\u00a0Durante su traves\u00eda, los Zapp tambi\u00e9n\u00a0fueron recibidos por personalidades argentinas como\u00a0<strong>Lionel Messi<\/strong>\u00a0o el\u00a0<strong>Papa Francisco<\/strong>,\u00a0a quienes les entregaron su libro\u00a0<strong><em>\u201cAtrapa tus sue\u00f1os\u201d<\/em><\/strong>.<\/p>\n\n\n\n<figure class=\"wp-block-image size-full is-resized\"><a href=\"https:\/\/i0.wp.com\/elterritorialweb.com.ar\/web\/wp-content\/uploads\/2022\/03\/FAMILIA-ZAPP-4.jpg\"><img data-recalc-dims=\"1\" decoding=\"async\" data-src=\"https:\/\/i0.wp.com\/elterritorialweb.com.ar\/web\/wp-content\/uploads\/2022\/03\/FAMILIA-ZAPP-4.jpg?resize=640%2C360\" alt=\"\" class=\"wp-image-36712 lazyload\" width=\"640\" height=\"360\" data-srcset=\"https:\/\/i0.wp.com\/elterritorialweb.com.ar\/web\/wp-content\/uploads\/2022\/03\/FAMILIA-ZAPP-4.jpg?w=608&amp;ssl=1 608w, https:\/\/i0.wp.com\/elterritorialweb.com.ar\/web\/wp-content\/uploads\/2022\/03\/FAMILIA-ZAPP-4.jpg?resize=300%2C169&amp;ssl=1 300w\" data-sizes=\"(max-width: 640px) 100vw, 640px\" src=\"data:image\/svg+xml;base64,PHN2ZyB3aWR0aD0iMSIgaGVpZ2h0PSIxIiB4bWxucz0iaHR0cDovL3d3dy53My5vcmcvMjAwMC9zdmciPjwvc3ZnPg==\" style=\"--smush-placeholder-width: 640px; --smush-placeholder-aspect-ratio: 640\/360;\" \/><\/a><\/figure>\n\n\n\n<p><em>\u00abLa idea era recorrer 20 pa\u00edses y terminamos recorriendo m\u00e1s de 100. Cumplimos dos sue\u00f1os: el de conocer el mundo que Dios nos dio y poder formar una familia\u00bb<\/em>, dijo emocionado Herman.<\/p>\n\n\n\n<p>Candelaria dijo que, durante la traves\u00eda, fue una&nbsp;<em>\u201cmaestra estricta de sus hijos\u201d<\/em>&nbsp;y que, con la conclusi\u00f3n del viaje, ingresar\u00e1n a una instituci\u00f3n educativa para continuar su formaci\u00f3n.<\/p>\n\n\n\n<p><em>\u00abA los chicos les encanta viajar, la pasaban super y en esta nueva etapa tambi\u00e9n la van a pasar genial. En el Obelisco termina una etapa y comienza otra. Sigue la aventura de vivir en Argentina, una linda aventura\u00bb<\/em>, remarc\u00f3 Candelaria.<\/p>\n","protected":false},"excerpt":{"rendered":"<p>Salieron del Obelisco en enero del 2000 y hoy volvieron al punto de partida. Recorrieron 100 pa\u00edses y 300 mil kil\u00f3metros en su Graham Paige de 1928.<\/p>\n","protected":false},"author":2,"featured_media":36708,"comment_status":"open","ping_status":"open","sticky":false,"template":"","format":"standard","meta":{"om_disable_all_campaigns":false,"_monsterinsights_skip_tracking":false,"_monsterinsights_sitenote_active":false,"_monsterinsights_sitenote_note":"","_monsterinsights_sitenote_category":0,"_uf_show_specific_survey":0,"_uf_disable_surveys":false,"jetpack_post_was_ever_published":false,"_jetpack_newsletter_access":"","_jetpack_dont_email_post_to_subs":false,"_jetpack_newsletter_tier_id":0,"_jetpack_memberships_contains_paywalled_content":false,"_jetpack_memberships_contains_paid_content":false,"footnotes":"","jetpack_publicize_message":"","jetpack_publicize_feature_enabled":true,"jetpack_social_post_already_shared":false,"jetpack_social_options":{"image_generator_settings":{"template":"highway","default_image_id":0,"font":"","enabled":false},"version":2}},"categories":[7],"tags":[],"class_list":["post-36707","post","type-post","status-publish","format-standard","has-post-thumbnail","hentry","category-nacionales"],"aioseo_notices":[],"views":7,"jetpack_publicize_connections":[],"jetpack_featured_media_url":"https:\/\/i0.wp.com\/elterritorialweb.com.ar\/web\/wp-content\/uploads\/2022\/03\/FAMILIA-ZAPP.jpg?fit=1280%2C720&ssl=1","jetpack_sharing_enabled":true,"_links":{"self":[{"href":"https:\/\/elterritorialweb.com.ar\/web\/wp-json\/wp\/v2\/posts\/36707","targetHints":{"allow":["GET"]}}],"collection":[{"href":"https:\/\/elterritorialweb.com.ar\/web\/wp-json\/wp\/v2\/posts"}],"about":[{"href":"https:\/\/elterritorialweb.com.ar\/web\/wp-json\/wp\/v2\/types\/post"}],"author":[{"embeddable":true,"href":"https:\/\/elterritorialweb.com.ar\/web\/wp-json\/wp\/v2\/users\/2"}],"replies":[{"embeddable":true,"href":"https:\/\/elterritorialweb.com.ar\/web\/wp-json\/wp\/v2\/comments?post=36707"}],"version-history":[{"count":1,"href":"https:\/\/elterritorialweb.com.ar\/web\/wp-json\/wp\/v2\/posts\/36707\/revisions"}],"predecessor-version":[{"id":36713,"href":"https:\/\/elterritorialweb.com.ar\/web\/wp-json\/wp\/v2\/posts\/36707\/revisions\/36713"}],"wp:featuredmedia":[{"embeddable":true,"href":"https:\/\/elterritorialweb.com.ar\/web\/wp-json\/wp\/v2\/media\/36708"}],"wp:attachment":[{"href":"https:\/\/elterritorialweb.com.ar\/web\/wp-json\/wp\/v2\/media?parent=36707"}],"wp:term":[{"taxonomy":"category","embeddable":true,"href":"https:\/\/elterritorialweb.com.ar\/web\/wp-json\/wp\/v2\/categories?post=36707"},{"taxonomy":"post_tag","embeddable":true,"href":"https:\/\/elterritorialweb.com.ar\/web\/wp-json\/wp\/v2\/tags?post=36707"}],"curies":[{"name":"wp","href":"https:\/\/api.w.org\/{rel}","templated":true}]}}