{"id":36716,"date":"2022-03-14T05:26:21","date_gmt":"2022-03-14T05:26:21","guid":{"rendered":"http:\/\/elterritorialweb.com.ar\/web\/?p=36716"},"modified":"2022-03-14T05:26:21","modified_gmt":"2022-03-14T05:26:21","slug":"el-programa-de-fumigaciones-de-la-municipalidad-avanzara-esta-semana-en-distintos-barrios","status":"publish","type":"post","link":"https:\/\/elterritorialweb.com.ar\/web\/el-programa-de-fumigaciones-de-la-municipalidad-avanzara-esta-semana-en-distintos-barrios\/","title":{"rendered":"EL PROGRAMA DE FUMIGACIONES DE LA MUNICIPALIDAD AVANZAR\u00c1 ESTA SEMANA EN DISTINTOS BARRIOS"},"content":{"rendered":"\n<p><br>Este lunes, el ciclo de pulverizaciones dar\u00e1 inicio en los barrios Siglo XIX, Siglo XX, Siglo XXI, 750 viviendas y Saint Germ\u00e9s, Ejercito Argentino, Mosconi y Jhon Kennedy. El martes en Am\u00e9rica del Sur, Juan Diaz de Sol\u00eds, Campo Contreras, Libertad e Industria.<br>El mi\u00e9rcoles seguir\u00e1n las pulverizaciones en los barrios Almirante Brown, Islas Malvinas, Jerarquizado Municipal, Jard\u00edn, Los Flores 40, Virgen de Guadalupe, Autonom\u00eda, Santa Rosa de Lima, Villa del Carmen y San Jos\u00e9 de Flores. El jueves se intervendr\u00e1 en Cabildo, Belgrano, Ciudad del Ni\u00f1o, Palomar, Independencia, Telef\u00f3nicos, San Mart\u00edn, Primera Junta y Francisco de Aguirre.<br>El viernes pr\u00f3ximo los trabajos se desarrollar\u00e1n en los barrios Reconquista, 8 de Abril, C\u00e1ceres, La Cat\u00f3lica, Tradici\u00f3n, Inmigrantes, Primera Junta (de Alsina a Lavalle), Centenario, Sargento Cabral, Juan XXIII, San Francisco y Parque.<br>Las tareas de fumigaci\u00f3n se realizan con cuatro equipos compuestos por personal especializado, equipamiento y veh\u00edculos, que operan en forma simult\u00e1nea para abarcar un mayor n\u00famero de sectores, de manera m\u00e1s r\u00e1pida.<\/p>\n","protected":false},"excerpt":{"rendered":"<p>La Capital continuar\u00e1 esta semana con el refuerzo de las fumigaciones contra mosquitos y otros insectos, cumpliendo con el cronograma establecido en su plan anual de prevenci\u00f3n.<\/p>\n","protected":false},"author":2,"featured_media":36717,"comment_status":"open","ping_status":"open","sticky":false,"template":"","format":"standard","meta":{"om_disable_all_campaigns":false,"_monsterinsights_skip_tracking":false,"_monsterinsights_sitenote_active":false,"_monsterinsights_sitenote_note":"","_monsterinsights_sitenote_category":0,"_uf_show_specific_survey":0,"_uf_disable_surveys":false,"jetpack_post_was_ever_published":false,"_jetpack_newsletter_access":"","_jetpack_dont_email_post_to_subs":false,"_jetpack_newsletter_tier_id":0,"_jetpack_memberships_contains_paywalled_content":false,"_jetpack_memberships_contains_paid_content":false,"footnotes":"","jetpack_publicize_message":"","jetpack_publicize_feature_enabled":true,"jetpack_social_post_already_shared":false,"jetpack_social_options":{"image_generator_settings":{"template":"highway","default_image_id":0,"font":"","enabled":false},"version":2}},"categories":[21],"tags":[],"class_list":["post-36716","post","type-post","status-publish","format-standard","has-post-thumbnail","hentry","category-locales"],"aioseo_notices":[],"views":6,"jetpack_publicize_connections":[],"jetpack_featured_media_url":"https:\/\/i0.wp.com\/elterritorialweb.com.ar\/web\/wp-content\/uploads\/2022\/03\/fumiga-55.jpeg?fit=1600%2C1200&ssl=1","jetpack_sharing_enabled":true,"_links":{"self":[{"href":"https:\/\/elterritorialweb.com.ar\/web\/wp-json\/wp\/v2\/posts\/36716","targetHints":{"allow":["GET"]}}],"collection":[{"href":"https:\/\/elterritorialweb.com.ar\/web\/wp-json\/wp\/v2\/posts"}],"about":[{"href":"https:\/\/elterritorialweb.com.ar\/web\/wp-json\/wp\/v2\/types\/post"}],"author":[{"embeddable":true,"href":"https:\/\/elterritorialweb.com.ar\/web\/wp-json\/wp\/v2\/users\/2"}],"replies":[{"embeddable":true,"href":"https:\/\/elterritorialweb.com.ar\/web\/wp-json\/wp\/v2\/comments?post=36716"}],"version-history":[{"count":1,"href":"https:\/\/elterritorialweb.com.ar\/web\/wp-json\/wp\/v2\/posts\/36716\/revisions"}],"predecessor-version":[{"id":36718,"href":"https:\/\/elterritorialweb.com.ar\/web\/wp-json\/wp\/v2\/posts\/36716\/revisions\/36718"}],"wp:featuredmedia":[{"embeddable":true,"href":"https:\/\/elterritorialweb.com.ar\/web\/wp-json\/wp\/v2\/media\/36717"}],"wp:attachment":[{"href":"https:\/\/elterritorialweb.com.ar\/web\/wp-json\/wp\/v2\/media?parent=36716"}],"wp:term":[{"taxonomy":"category","embeddable":true,"href":"https:\/\/elterritorialweb.com.ar\/web\/wp-json\/wp\/v2\/categories?post=36716"},{"taxonomy":"post_tag","embeddable":true,"href":"https:\/\/elterritorialweb.com.ar\/web\/wp-json\/wp\/v2\/tags?post=36716"}],"curies":[{"name":"wp","href":"https:\/\/api.w.org\/{rel}","templated":true}]}}