{"id":36719,"date":"2022-03-14T05:31:19","date_gmt":"2022-03-14T05:31:19","guid":{"rendered":"http:\/\/elterritorialweb.com.ar\/web\/?p=36719"},"modified":"2022-03-14T05:31:19","modified_gmt":"2022-03-14T05:31:19","slug":"la-comuna-capitalina-realiza-trabajos-de-desmalezamiento-en-distintos-sectores-de-la-ciudad","status":"publish","type":"post","link":"https:\/\/elterritorialweb.com.ar\/web\/la-comuna-capitalina-realiza-trabajos-de-desmalezamiento-en-distintos-sectores-de-la-ciudad\/","title":{"rendered":"LA COMUNA CAPITALINA REALIZA TRABAJOS DE DESMALEZAMIENTO EN DISTINTOS SECTORES DE LA CIUDAD"},"content":{"rendered":"\n<p>Las cuadrillas de operarios realizaron tareas de cortes y retiro de los restos en una amplia superficie del acceso oeste a la ciudad, en las proximidades del barrio Autonom\u00eda. Del mismo modo, se procedi\u00f3 en otra extensa franja en los m\u00e1rgenes de la Costanera Diego Maradona entre el barrio Lomas del Golf y el puente del Tren Al Desarrollo, adem\u00e1s de abarcar la avenida Lugones.<br>Las tareas mantenimiento de la ciudad tambi\u00e9n se localizaron en el trayecto de avenidas de la zona centro. Durante los pr\u00f3ximos d\u00edas, se avanzar\u00e1 en otros barrios y accesos norte y sur a la Capital.<\/p>\n","protected":false},"excerpt":{"rendered":"<p>Personal de la Direcci\u00f3n de Servicios Urbanos de la Capital intensific\u00f3 los trabajos de desmalezamientos en la ciudad, ante el clima h\u00famedo debido a las lluvias registradas d\u00edas pasados que provocaron un crecimiento extraordinario de pastizales.<\/p>\n","protected":false},"author":2,"featured_media":36720,"comment_status":"open","ping_status":"open","sticky":false,"template":"","format":"standard","meta":{"om_disable_all_campaigns":false,"_monsterinsights_skip_tracking":false,"_monsterinsights_sitenote_active":false,"_monsterinsights_sitenote_note":"","_monsterinsights_sitenote_category":0,"_uf_show_specific_survey":0,"_uf_disable_surveys":false,"jetpack_post_was_ever_published":false,"_jetpack_newsletter_access":"","_jetpack_dont_email_post_to_subs":false,"_jetpack_newsletter_tier_id":0,"_jetpack_memberships_contains_paywalled_content":false,"_jetpack_memberships_contains_paid_content":false,"footnotes":"","jetpack_publicize_message":"","jetpack_publicize_feature_enabled":true,"jetpack_social_post_already_shared":false,"jetpack_social_options":{"image_generator_settings":{"template":"highway","default_image_id":0,"font":"","enabled":false},"version":2}},"categories":[21],"tags":[],"class_list":["post-36719","post","type-post","status-publish","format-standard","has-post-thumbnail","hentry","category-locales"],"aioseo_notices":[],"views":5,"jetpack_publicize_connections":[],"jetpack_featured_media_url":"https:\/\/i0.wp.com\/elterritorialweb.com.ar\/web\/wp-content\/uploads\/2022\/03\/desmalezado-barrrios.jpeg?fit=1600%2C900&ssl=1","jetpack_sharing_enabled":true,"_links":{"self":[{"href":"https:\/\/elterritorialweb.com.ar\/web\/wp-json\/wp\/v2\/posts\/36719","targetHints":{"allow":["GET"]}}],"collection":[{"href":"https:\/\/elterritorialweb.com.ar\/web\/wp-json\/wp\/v2\/posts"}],"about":[{"href":"https:\/\/elterritorialweb.com.ar\/web\/wp-json\/wp\/v2\/types\/post"}],"author":[{"embeddable":true,"href":"https:\/\/elterritorialweb.com.ar\/web\/wp-json\/wp\/v2\/users\/2"}],"replies":[{"embeddable":true,"href":"https:\/\/elterritorialweb.com.ar\/web\/wp-json\/wp\/v2\/comments?post=36719"}],"version-history":[{"count":1,"href":"https:\/\/elterritorialweb.com.ar\/web\/wp-json\/wp\/v2\/posts\/36719\/revisions"}],"predecessor-version":[{"id":36721,"href":"https:\/\/elterritorialweb.com.ar\/web\/wp-json\/wp\/v2\/posts\/36719\/revisions\/36721"}],"wp:featuredmedia":[{"embeddable":true,"href":"https:\/\/elterritorialweb.com.ar\/web\/wp-json\/wp\/v2\/media\/36720"}],"wp:attachment":[{"href":"https:\/\/elterritorialweb.com.ar\/web\/wp-json\/wp\/v2\/media?parent=36719"}],"wp:term":[{"taxonomy":"category","embeddable":true,"href":"https:\/\/elterritorialweb.com.ar\/web\/wp-json\/wp\/v2\/categories?post=36719"},{"taxonomy":"post_tag","embeddable":true,"href":"https:\/\/elterritorialweb.com.ar\/web\/wp-json\/wp\/v2\/tags?post=36719"}],"curies":[{"name":"wp","href":"https:\/\/api.w.org\/{rel}","templated":true}]}}