{"id":36732,"date":"2022-03-14T06:17:05","date_gmt":"2022-03-14T06:17:05","guid":{"rendered":"http:\/\/elterritorialweb.com.ar\/web\/?p=36732"},"modified":"2022-03-14T06:17:53","modified_gmt":"2022-03-14T06:17:53","slug":"comienza-el-censo-digital-2022","status":"publish","type":"post","link":"https:\/\/elterritorialweb.com.ar\/web\/comienza-el-censo-digital-2022\/","title":{"rendered":"COMIENZA EL CENSO DIGITAL 2022"},"content":{"rendered":"\n<p>Desde el pr\u00f3ximo mi\u00e9rcoles 16 de marzo se podr\u00e1 completar el cuestionario digital del\u00a0Censo 2022\u00a0del INDEC y habr\u00e1 tiempo hasta el 18 de mayo, d\u00eda en que se har\u00e1 el tradicional relevamiento casa por casa para realizar la encuesta en forma presencial o pedir el comprobante de finalizaci\u00f3n a quienes la hayan completado a trav\u00e9s de cualquier dispositivo electr\u00f3nico con acceso a internet.<\/p>\n\n\n\n<p>El\u00a0<strong>Censo Nacional de Poblaci\u00f3n, Hogares y Vivienda<\/strong>\u00a0por primera vez en la historia tendr\u00e1 una modalidad mixta que combinar\u00e1 una etapa virtual con cuestionario digital para contestar de forma anticipada y una instancia presencial, donde los censistas recorrer\u00e1n m\u00e1s de 15 millones de viviendas y se estima contabilizar\u00a0<strong>m\u00e1s de<\/strong>\u00a0<strong>45 millones de personas en todo el pa\u00eds.<\/strong><\/p>\n\n\n\n<p>Desde el pr\u00f3ximo mi\u00e9rcoles, quienes quieran censarse de modo anticipado podr\u00e1n hacerlo a trav\u00e9s del cuestionario digital que dispondr\u00e1 el&nbsp;<a href=\"https:\/\/www.ambito.com\/indec-a5123226\">INDEC<\/a>, al que se podr\u00e1 acceder desde un m\u00f3vil, computadora u otro tipo de dispositivo electr\u00f3nico y cuyo comprobante de realizaci\u00f3n deber\u00e1 mostrarse al censista que concurra al domicilio el 18 de mayo, cuando se realice el registro estad\u00edstico de modo presencial en simult\u00e1neo en todo el pa\u00eds.<\/p>\n\n\n\n<figure class=\"wp-block-image\"><img data-recalc-dims=\"1\" decoding=\"async\" data-src=\"https:\/\/i0.wp.com\/media-ambito-com.cdn.ampproject.org\/ii\/AW\/s\/media.ambito.com\/p\/6a044a991086c294fda8aa7597666436\/adjuntos\/239\/imagenes\/039\/706\/0039706334\/censo-2022-digitaljpg.jpg?w=640&#038;ssl=1\" alt=\"\" src=\"data:image\/svg+xml;base64,PHN2ZyB3aWR0aD0iMSIgaGVpZ2h0PSIxIiB4bWxucz0iaHR0cDovL3d3dy53My5vcmcvMjAwMC9zdmciPjwvc3ZnPg==\" class=\"lazyload\" \/><\/figure>\n\n\n\n<p>El objetivo del Censo Digital es ahorrar tiempo a la poblaci\u00f3n y a los censistas, al tiempo que las innovaciones metodol\u00f3gicas y tecnol\u00f3gicas permitir\u00e1n obtener&nbsp;<strong>\u00abuna foto m\u00e1s exacta\u00bb<\/strong>&nbsp;de la poblaci\u00f3n, informaron desde el Instituto Nacional de Estad\u00edstica y Censos (Indec).<\/p>\n\n\n\n<p>Las personas que completen el formulario de manera virtual en el sitio oficial https:\/\/censo.gob.ar recibir\u00e1n en su casilla de correo electr\u00f3nico un comprobante con un c\u00f3digo alfanum\u00e9rico de seis d\u00edgitos que deber\u00e1 ser presentado el pr\u00f3ximo 18 de mayo, decretado feriado nacional.<\/p>\n\n\n\n<p>El cuestionario online deber\u00e1 ser respondido por una persona en nombre de todos los habitantes de la vivienda, por lo que se recomienda&nbsp;<strong>\u00abcongregar a todo el conjunto familiar\u00bb<\/strong>&nbsp;al momento de completar los datos para que se cumpla el objetivo de<strong>&nbsp;\u00abcontar, sin omitir ni duplicar, a todas y a cada una de las personas\u00bb,<\/strong>&nbsp;explic\u00f3 el Indec.<\/p>\n\n\n\n<p>En esta edici\u00f3n que fue aplazada dos a\u00f1os por la pandemia del coronavirus, el formulario est\u00e1 compuesto por 61 preguntas, 24 relacionadas con las caracter\u00edsticas de las viviendas y los hogares, y 37 sobre la estructura de la poblaci\u00f3n.<\/p>\n\n\n\n<p>Con eje en el reconocimiento de la diversidad de la poblaci\u00f3n argentina, se incorpor\u00f3 una pregunta sobre la autopercepci\u00f3n de identidad de g\u00e9nero y se ampli\u00f3 el alcance de la pregunta sobre autorreconocimiento \u00e9tnico (pueblos ind\u00edgenas y afrodescendientes) a toda la poblaci\u00f3n.<\/p>\n\n\n\n<p>Sobre sexo e identidad de g\u00e9nero, se consultar\u00e1 a todas las personas el sexo registrado al nacer (incluyendo la categor\u00eda \u00abX\u00bb) y c\u00f3mo se considera\/autopercibe (\u00abmujer\u00bb, \u00abmujer trans\/travesti\u00bb, \u00abvar\u00f3n\u00bb, \u00abvar\u00f3n trans\/masculinidad trans\u00bb, \u00abno binario\u00bb, \u00abotra identidad\/ninguna de las anteriores\u00bb).<\/p>\n\n\n\n<p>En cuanto al autorreconocimiento \u00e9tnico, se interrogar\u00e1 a toda la poblaci\u00f3n si se reconocen ind\u00edgenas o descendientes de pueblos ind\u00edgenas u originarios, aclarando el pueblo y, adem\u00e1s, si habla y\/o entiende la lengua de ese pueblo declarado.<\/p>\n\n\n\n<p>Bajo el lema<strong>\u00a0\u00abReconocernos\u00bb<\/strong>, estas nuevas variables se sumar\u00e1n a las consultas b\u00e1sicas sobre educaci\u00f3n, migraci\u00f3n, ocupaci\u00f3n, cobertura de salud, situaci\u00f3n del hogar y la vivienda.<\/p>\n\n\n\n<figure class=\"wp-block-video\"><video height=\"352\" style=\"aspect-ratio: 640 \/ 352;\" width=\"640\" controls src=\"http:\/\/elterritorialweb.com.ar\/web\/wp-content\/uploads\/2022\/03\/VID-20220313-WA0011-1.mp4\"><\/video><\/figure>\n","protected":false},"excerpt":{"rendered":"<p>Arranca el pr\u00f3ximo mi\u00e9rcoles y habr\u00e1 tiempo hasta el 18 de mayo, d\u00eda en que se har\u00e1 el tradicional relevamiento casa por casa. Los que completan los datos de forma virtual solo deben entregar comprobante.<\/p>\n","protected":false},"author":2,"featured_media":36736,"comment_status":"open","ping_status":"open","sticky":false,"template":"","format":"standard","meta":{"om_disable_all_campaigns":false,"_monsterinsights_skip_tracking":false,"_monsterinsights_sitenote_active":false,"_monsterinsights_sitenote_note":"","_monsterinsights_sitenote_category":0,"_uf_show_specific_survey":0,"_uf_disable_surveys":false,"jetpack_post_was_ever_published":false,"_jetpack_newsletter_access":"","_jetpack_dont_email_post_to_subs":false,"_jetpack_newsletter_tier_id":0,"_jetpack_memberships_contains_paywalled_content":false,"_jetpack_memberships_contains_paid_content":false,"footnotes":"","jetpack_publicize_message":"","jetpack_publicize_feature_enabled":true,"jetpack_social_post_already_shared":false,"jetpack_social_options":{"image_generator_settings":{"template":"highway","default_image_id":0,"font":"","enabled":false},"version":2}},"categories":[31],"tags":[],"class_list":["post-36732","post","type-post","status-publish","format-standard","has-post-thumbnail","hentry","category-censo-nacional"],"aioseo_notices":[],"views":89,"jetpack_publicize_connections":[],"jetpack_featured_media_url":"https:\/\/i0.wp.com\/elterritorialweb.com.ar\/web\/wp-content\/uploads\/2022\/03\/7FDV6OAV4RDKXJ2QRDRDXGVHKI.jpg?fit=850%2C550&ssl=1","jetpack_sharing_enabled":true,"_links":{"self":[{"href":"https:\/\/elterritorialweb.com.ar\/web\/wp-json\/wp\/v2\/posts\/36732","targetHints":{"allow":["GET"]}}],"collection":[{"href":"https:\/\/elterritorialweb.com.ar\/web\/wp-json\/wp\/v2\/posts"}],"about":[{"href":"https:\/\/elterritorialweb.com.ar\/web\/wp-json\/wp\/v2\/types\/post"}],"author":[{"embeddable":true,"href":"https:\/\/elterritorialweb.com.ar\/web\/wp-json\/wp\/v2\/users\/2"}],"replies":[{"embeddable":true,"href":"https:\/\/elterritorialweb.com.ar\/web\/wp-json\/wp\/v2\/comments?post=36732"}],"version-history":[{"count":3,"href":"https:\/\/elterritorialweb.com.ar\/web\/wp-json\/wp\/v2\/posts\/36732\/revisions"}],"predecessor-version":[{"id":36739,"href":"https:\/\/elterritorialweb.com.ar\/web\/wp-json\/wp\/v2\/posts\/36732\/revisions\/36739"}],"wp:featuredmedia":[{"embeddable":true,"href":"https:\/\/elterritorialweb.com.ar\/web\/wp-json\/wp\/v2\/media\/36736"}],"wp:attachment":[{"href":"https:\/\/elterritorialweb.com.ar\/web\/wp-json\/wp\/v2\/media?parent=36732"}],"wp:term":[{"taxonomy":"category","embeddable":true,"href":"https:\/\/elterritorialweb.com.ar\/web\/wp-json\/wp\/v2\/categories?post=36732"},{"taxonomy":"post_tag","embeddable":true,"href":"https:\/\/elterritorialweb.com.ar\/web\/wp-json\/wp\/v2\/tags?post=36732"}],"curies":[{"name":"wp","href":"https:\/\/api.w.org\/{rel}","templated":true}]}}