{"id":36745,"date":"2022-03-14T15:34:11","date_gmt":"2022-03-14T15:34:11","guid":{"rendered":"http:\/\/elterritorialweb.com.ar\/web\/?p=36745"},"modified":"2022-03-14T15:37:36","modified_gmt":"2022-03-14T15:37:36","slug":"la-obra-teatral-dos-picaras-jubiladas-se-presento-en-el-paseo-de-la-ciudad-de-pinto","status":"publish","type":"post","link":"https:\/\/elterritorialweb.com.ar\/web\/la-obra-teatral-dos-picaras-jubiladas-se-presento-en-el-paseo-de-la-ciudad-de-pinto\/","title":{"rendered":"LA OBRA TEATRAL \u00abDOS PICARAS JUBILADAS\u00bb SE PRESENT\u00d3 EN EL PASEO DE LA CIUDAD DE PINTO"},"content":{"rendered":"\n<p>La pieza teatral que por primera vez se presenta en Pinto, tiene como protagonistas a dos reconocidos actores santiague\u00f1os: Mar\u00eda Celeste Patamia y Pablo Herrera, quienes ya se presentaron en distintos escenarios de la provincia.<\/p>\n\n\n\n<figure class=\"wp-block-image size-full\"><a href=\"https:\/\/i0.wp.com\/elterritorialweb.com.ar\/web\/wp-content\/uploads\/2022\/03\/FB_IMG_1647271724203.jpg\"><img data-recalc-dims=\"1\" decoding=\"async\" width=\"640\" height=\"335\" data-src=\"https:\/\/i0.wp.com\/elterritorialweb.com.ar\/web\/wp-content\/uploads\/2022\/03\/FB_IMG_1647271724203.jpg?resize=640%2C335\" alt=\"\" class=\"wp-image-36747 lazyload\" data-srcset=\"https:\/\/i0.wp.com\/elterritorialweb.com.ar\/web\/wp-content\/uploads\/2022\/03\/FB_IMG_1647271724203.jpg?w=720&amp;ssl=1 720w, https:\/\/i0.wp.com\/elterritorialweb.com.ar\/web\/wp-content\/uploads\/2022\/03\/FB_IMG_1647271724203.jpg?resize=300%2C157&amp;ssl=1 300w\" data-sizes=\"(max-width: 640px) 100vw, 640px\" src=\"data:image\/svg+xml;base64,PHN2ZyB3aWR0aD0iMSIgaGVpZ2h0PSIxIiB4bWxucz0iaHR0cDovL3d3dy53My5vcmcvMjAwMC9zdmciPjwvc3ZnPg==\" style=\"--smush-placeholder-width: 640px; --smush-placeholder-aspect-ratio: 640\/335;\" \/><\/a><\/figure>\n\n\n\n<p>La velada cont\u00f3 con la presencia del intendente Jorge Leguizam\u00f3n, el presidente del Concejo Deliberante Edgardo \u00c1lvarez y la secretaria de Cultura Ramona Ant\u00f3n.<\/p>\n\n\n\n<figure class=\"wp-block-image size-full\"><a href=\"https:\/\/i0.wp.com\/elterritorialweb.com.ar\/web\/wp-content\/uploads\/2022\/03\/FB_IMG_1647271729097.jpg\"><img data-recalc-dims=\"1\" decoding=\"async\" width=\"640\" height=\"335\" data-src=\"https:\/\/i0.wp.com\/elterritorialweb.com.ar\/web\/wp-content\/uploads\/2022\/03\/FB_IMG_1647271729097.jpg?resize=640%2C335\" alt=\"\" class=\"wp-image-36748 lazyload\" data-srcset=\"https:\/\/i0.wp.com\/elterritorialweb.com.ar\/web\/wp-content\/uploads\/2022\/03\/FB_IMG_1647271729097.jpg?w=720&amp;ssl=1 720w, https:\/\/i0.wp.com\/elterritorialweb.com.ar\/web\/wp-content\/uploads\/2022\/03\/FB_IMG_1647271729097.jpg?resize=300%2C157&amp;ssl=1 300w\" data-sizes=\"(max-width: 640px) 100vw, 640px\" src=\"data:image\/svg+xml;base64,PHN2ZyB3aWR0aD0iMSIgaGVpZ2h0PSIxIiB4bWxucz0iaHR0cDovL3d3dy53My5vcmcvMjAwMC9zdmciPjwvc3ZnPg==\" style=\"--smush-placeholder-width: 640px; --smush-placeholder-aspect-ratio: 640\/335;\" \/><\/a><\/figure>\n\n\n\n<p>Al finalizar la presentaci\u00f3n, los integrantes del elenco \u201cSomos Tres\u201d, agradecieron a la Municipalidad de Pinto por contratarlos y al p\u00fablico que los premi\u00f3 con risas y aplausos.<\/p>\n\n\n\n<figure class=\"wp-block-image size-full\"><a href=\"https:\/\/i0.wp.com\/elterritorialweb.com.ar\/web\/wp-content\/uploads\/2022\/03\/FB_IMG_1647271731252.jpg\"><img data-recalc-dims=\"1\" decoding=\"async\" width=\"640\" height=\"335\" data-src=\"https:\/\/i0.wp.com\/elterritorialweb.com.ar\/web\/wp-content\/uploads\/2022\/03\/FB_IMG_1647271731252.jpg?resize=640%2C335\" alt=\"\" class=\"wp-image-36749 lazyload\" data-srcset=\"https:\/\/i0.wp.com\/elterritorialweb.com.ar\/web\/wp-content\/uploads\/2022\/03\/FB_IMG_1647271731252.jpg?w=720&amp;ssl=1 720w, https:\/\/i0.wp.com\/elterritorialweb.com.ar\/web\/wp-content\/uploads\/2022\/03\/FB_IMG_1647271731252.jpg?resize=300%2C157&amp;ssl=1 300w\" data-sizes=\"(max-width: 640px) 100vw, 640px\" src=\"data:image\/svg+xml;base64,PHN2ZyB3aWR0aD0iMSIgaGVpZ2h0PSIxIiB4bWxucz0iaHR0cDovL3d3dy53My5vcmcvMjAwMC9zdmciPjwvc3ZnPg==\" style=\"--smush-placeholder-width: 640px; --smush-placeholder-aspect-ratio: 640\/335;\" \/><\/a><\/figure>\n\n\n\n<p>El cierre la noche estuvo a cargo de la academia municipal, Encuentro Pinte\u00f1o que pusieron en escena un cuadro con lenguaje de se\u00f1as.<\/p>\n","protected":false},"excerpt":{"rendered":"<p>El Paseo Ferroviario recibi\u00f3 en la fresca noche del s\u00e1bado a la desopilante obra teatral \u201cDos Picaras Jubiladas\u201d, como parte de las actividades por la Semana de la Mujer.<\/p>\n","protected":false},"author":2,"featured_media":36746,"comment_status":"open","ping_status":"open","sticky":false,"template":"","format":"standard","meta":{"om_disable_all_campaigns":false,"_monsterinsights_skip_tracking":false,"_monsterinsights_sitenote_active":false,"_monsterinsights_sitenote_note":"","_monsterinsights_sitenote_category":0,"_uf_show_specific_survey":0,"_uf_disable_surveys":false,"jetpack_post_was_ever_published":false,"_jetpack_newsletter_access":"","_jetpack_dont_email_post_to_subs":false,"_jetpack_newsletter_tier_id":0,"_jetpack_memberships_contains_paywalled_content":false,"_jetpack_memberships_contains_paid_content":false,"footnotes":"","jetpack_publicize_message":"","jetpack_publicize_feature_enabled":true,"jetpack_social_post_already_shared":false,"jetpack_social_options":{"image_generator_settings":{"template":"highway","default_image_id":0,"font":"","enabled":false},"version":2}},"categories":[19],"tags":[],"class_list":["post-36745","post","type-post","status-publish","format-standard","has-post-thumbnail","hentry","category-educacion"],"aioseo_notices":[],"views":50,"jetpack_publicize_connections":[],"jetpack_featured_media_url":"https:\/\/i0.wp.com\/elterritorialweb.com.ar\/web\/wp-content\/uploads\/2022\/03\/FB_IMG_1647271721729.jpg?fit=720%2C377&ssl=1","jetpack_sharing_enabled":true,"_links":{"self":[{"href":"https:\/\/elterritorialweb.com.ar\/web\/wp-json\/wp\/v2\/posts\/36745","targetHints":{"allow":["GET"]}}],"collection":[{"href":"https:\/\/elterritorialweb.com.ar\/web\/wp-json\/wp\/v2\/posts"}],"about":[{"href":"https:\/\/elterritorialweb.com.ar\/web\/wp-json\/wp\/v2\/types\/post"}],"author":[{"embeddable":true,"href":"https:\/\/elterritorialweb.com.ar\/web\/wp-json\/wp\/v2\/users\/2"}],"replies":[{"embeddable":true,"href":"https:\/\/elterritorialweb.com.ar\/web\/wp-json\/wp\/v2\/comments?post=36745"}],"version-history":[{"count":1,"href":"https:\/\/elterritorialweb.com.ar\/web\/wp-json\/wp\/v2\/posts\/36745\/revisions"}],"predecessor-version":[{"id":36750,"href":"https:\/\/elterritorialweb.com.ar\/web\/wp-json\/wp\/v2\/posts\/36745\/revisions\/36750"}],"wp:featuredmedia":[{"embeddable":true,"href":"https:\/\/elterritorialweb.com.ar\/web\/wp-json\/wp\/v2\/media\/36746"}],"wp:attachment":[{"href":"https:\/\/elterritorialweb.com.ar\/web\/wp-json\/wp\/v2\/media?parent=36745"}],"wp:term":[{"taxonomy":"category","embeddable":true,"href":"https:\/\/elterritorialweb.com.ar\/web\/wp-json\/wp\/v2\/categories?post=36745"},{"taxonomy":"post_tag","embeddable":true,"href":"https:\/\/elterritorialweb.com.ar\/web\/wp-json\/wp\/v2\/tags?post=36745"}],"curies":[{"name":"wp","href":"https:\/\/api.w.org\/{rel}","templated":true}]}}