{"id":36757,"date":"2022-03-14T17:54:58","date_gmt":"2022-03-14T17:54:58","guid":{"rendered":"http:\/\/elterritorialweb.com.ar\/web\/?p=36757"},"modified":"2022-03-14T17:54:59","modified_gmt":"2022-03-14T17:54:59","slug":"emprendiendo-suenos-beneficio-a-emprendedores-del-barrio-juan-peron","status":"publish","type":"post","link":"https:\/\/elterritorialweb.com.ar\/web\/emprendiendo-suenos-beneficio-a-emprendedores-del-barrio-juan-peron\/","title":{"rendered":"\u00abEMPRENDIENDO SUE\u00d1OS\u00bb BENEFICI\u00d3 A EMPRENDEDORES DEL BARRIO JUAN PER\u00d3N"},"content":{"rendered":"\n<p>En la oportunidad, el jefe comunal bande\u00f1o se reuni\u00f3 con Carlos Ayusa y Cintia Lizondo quienes iniciaron su emprendimiento de impresiones y sublimaciones hace m\u00e1s de cinco a\u00f1os. Esta familia comenz\u00f3 ofreciendo sus servicios en los jardines de infantes de la ciudad de La Banda con la impresi\u00f3n de remeras, gorras y diferentes elementos de uso cotidiano para los ni\u00f1os y las docentes.<br>Fue as\u00ed como su negocio comenz\u00f3 a incrementar su n\u00famero de clientes y aument\u00f3 sus servicios continuando con la impresi\u00f3n de tazas y almohadones. Hasta que tomaron conocimiento del programa \u201cEmprendiendo Sue\u00f1os\u201d y solicitaron una impresora de sistema continuo y una guillotina para comenzar con la impresi\u00f3n de tarjetas y folletos.<br>\u201cEstamos recibiendo a Cintia y a Carlos que se dedican a realizar trabajos de sublimaci\u00f3n y dise\u00f1o gr\u00e1fico y el municipio est\u00e1 ayud\u00e1ndolos a potenciar su emprendimiento y aumentar la cantidad de clientes que han ido consiguiendo hasta ahora\u201d, indic\u00f3 Mirolo.<\/p>\n\n\n\n<figure class=\"wp-block-image size-large\"><a href=\"https:\/\/i0.wp.com\/elterritorialweb.com.ar\/web\/wp-content\/uploads\/2022\/03\/IMG-20220314-WA0014.jpg\"><img data-recalc-dims=\"1\" decoding=\"async\" width=\"640\" height=\"420\" data-src=\"https:\/\/i0.wp.com\/elterritorialweb.com.ar\/web\/wp-content\/uploads\/2022\/03\/IMG-20220314-WA0014.jpg?resize=640%2C420\" alt=\"\" class=\"wp-image-36759 lazyload\" data-srcset=\"https:\/\/i0.wp.com\/elterritorialweb.com.ar\/web\/wp-content\/uploads\/2022\/03\/IMG-20220314-WA0014.jpg?resize=1024%2C672&amp;ssl=1 1024w, https:\/\/i0.wp.com\/elterritorialweb.com.ar\/web\/wp-content\/uploads\/2022\/03\/IMG-20220314-WA0014.jpg?resize=300%2C197&amp;ssl=1 300w, https:\/\/i0.wp.com\/elterritorialweb.com.ar\/web\/wp-content\/uploads\/2022\/03\/IMG-20220314-WA0014.jpg?resize=768%2C504&amp;ssl=1 768w, https:\/\/i0.wp.com\/elterritorialweb.com.ar\/web\/wp-content\/uploads\/2022\/03\/IMG-20220314-WA0014.jpg?w=1087&amp;ssl=1 1087w\" data-sizes=\"(max-width: 640px) 100vw, 640px\" src=\"data:image\/svg+xml;base64,PHN2ZyB3aWR0aD0iMSIgaGVpZ2h0PSIxIiB4bWxucz0iaHR0cDovL3d3dy53My5vcmcvMjAwMC9zdmciPjwvc3ZnPg==\" style=\"--smush-placeholder-width: 640px; --smush-placeholder-aspect-ratio: 640\/420;\" \/><\/a><\/figure>\n\n\n\n<p>Por su parte, Carlos, manifest\u00f3: \u201cAgradecemos al municipio por darnos este apoyo en nuestro negocio familiar despu\u00e9s de que pasamos momentos dif\u00edciles durante la pandemia en los que se redujeron mucho la cantidad de pedidos. Ahora con el levantamiento de las restricciones empezamos a reactivar nuestro trabajo con los jardines de infantes y comerciantes\u201d.<br>Quienes deseen contratar los servicios que ofrecen de esta familia de emprendedores pueden comunicarse al 3856156106; por Instagram @cintializondo o por Facebook Cintia Lizondo.<\/p>\n","protected":false},"excerpt":{"rendered":"<p>En el marco del programa municipal \u201cEmprendiendo Sue\u00f1os\u201d, el intendente Pablo Mirolo entreg\u00f3 una impresora de sistema contin\u00fao, tintas y una guillotina a una familia del barrio Juan Per\u00f3n que tiene un negocio de sublimaciones en su propio domicilio.<\/p>\n","protected":false},"author":2,"featured_media":36758,"comment_status":"open","ping_status":"open","sticky":false,"template":"","format":"standard","meta":{"om_disable_all_campaigns":false,"_monsterinsights_skip_tracking":false,"_monsterinsights_sitenote_active":false,"_monsterinsights_sitenote_note":"","_monsterinsights_sitenote_category":0,"_uf_show_specific_survey":0,"_uf_disable_surveys":false,"jetpack_post_was_ever_published":false,"_jetpack_newsletter_access":"","_jetpack_dont_email_post_to_subs":false,"_jetpack_newsletter_tier_id":0,"_jetpack_memberships_contains_paywalled_content":false,"_jetpack_memberships_contains_paid_content":false,"footnotes":"","jetpack_publicize_message":"","jetpack_publicize_feature_enabled":true,"jetpack_social_post_already_shared":false,"jetpack_social_options":{"image_generator_settings":{"template":"highway","default_image_id":0,"font":"","enabled":false},"version":2}},"categories":[21],"tags":[],"class_list":["post-36757","post","type-post","status-publish","format-standard","has-post-thumbnail","hentry","category-locales"],"aioseo_notices":[],"views":8,"jetpack_publicize_connections":[],"jetpack_featured_media_url":"https:\/\/i0.wp.com\/elterritorialweb.com.ar\/web\/wp-content\/uploads\/2022\/03\/IMG-20220314-WA0011.jpg?fit=1001%2C713&ssl=1","jetpack_sharing_enabled":true,"_links":{"self":[{"href":"https:\/\/elterritorialweb.com.ar\/web\/wp-json\/wp\/v2\/posts\/36757","targetHints":{"allow":["GET"]}}],"collection":[{"href":"https:\/\/elterritorialweb.com.ar\/web\/wp-json\/wp\/v2\/posts"}],"about":[{"href":"https:\/\/elterritorialweb.com.ar\/web\/wp-json\/wp\/v2\/types\/post"}],"author":[{"embeddable":true,"href":"https:\/\/elterritorialweb.com.ar\/web\/wp-json\/wp\/v2\/users\/2"}],"replies":[{"embeddable":true,"href":"https:\/\/elterritorialweb.com.ar\/web\/wp-json\/wp\/v2\/comments?post=36757"}],"version-history":[{"count":1,"href":"https:\/\/elterritorialweb.com.ar\/web\/wp-json\/wp\/v2\/posts\/36757\/revisions"}],"predecessor-version":[{"id":36760,"href":"https:\/\/elterritorialweb.com.ar\/web\/wp-json\/wp\/v2\/posts\/36757\/revisions\/36760"}],"wp:featuredmedia":[{"embeddable":true,"href":"https:\/\/elterritorialweb.com.ar\/web\/wp-json\/wp\/v2\/media\/36758"}],"wp:attachment":[{"href":"https:\/\/elterritorialweb.com.ar\/web\/wp-json\/wp\/v2\/media?parent=36757"}],"wp:term":[{"taxonomy":"category","embeddable":true,"href":"https:\/\/elterritorialweb.com.ar\/web\/wp-json\/wp\/v2\/categories?post=36757"},{"taxonomy":"post_tag","embeddable":true,"href":"https:\/\/elterritorialweb.com.ar\/web\/wp-json\/wp\/v2\/tags?post=36757"}],"curies":[{"name":"wp","href":"https:\/\/api.w.org\/{rel}","templated":true}]}}