{"id":36761,"date":"2022-03-14T18:02:18","date_gmt":"2022-03-14T18:02:18","guid":{"rendered":"http:\/\/elterritorialweb.com.ar\/web\/?p=36761"},"modified":"2022-03-14T18:02:19","modified_gmt":"2022-03-14T18:02:19","slug":"se-realizo-la-cobertura-de-cargos-para-la-escuela-de-robotica-y-programacion","status":"publish","type":"post","link":"https:\/\/elterritorialweb.com.ar\/web\/se-realizo-la-cobertura-de-cargos-para-la-escuela-de-robotica-y-programacion\/","title":{"rendered":"SE REALIZ\u00d3 LA COBERTURA DE CARGOS PARA LA ESCUELA DE ROB\u00d3TICA Y PROGRAMACI\u00d3N"},"content":{"rendered":"\n<p>El proceso de evaluaci\u00f3n de la documentaci\u00f3n pertinente estuvo a cargo de los miembros de la Junta de Calificaciones y Clasificaciones de la ciudad de La Banda en las instalaciones de la Escuela de Artes Pl\u00e1sticas \u201cJuanita Briones\u201d.<br>Al respecto, la subsecretar\u00eda de Educaci\u00f3n y Cultura, Stella Maris Mirolo, indic\u00f3: \u201cEs un hecho hist\u00f3rico en el que estamos un paso m\u00e1s delante de la organizaci\u00f3n de la Escuela Municipal de Rob\u00f3tica en lo que tiene que ver con la conformaci\u00f3n de un equipo pedag\u00f3gico\u201d<br>Agreg\u00f3: \u201cSabemos que en tiempos de crisis el poder tener trabajo es lo m\u00e1s gratificante, por eso estamos contentos de poder contar con nuevos profesionales y as\u00ed ir completando el plantel del establecimiento\u201d.<\/p>\n","protected":false},"excerpt":{"rendered":"<p>En la ma\u00f1ana de este lunes se realiz\u00f3 el acto de opci\u00f3n de cargos para cubrir las vacantes de profesor de tecnolog\u00eda, docente inicial y profesor de inform\u00e1tica de la Escuela Primaria Municipal que se encuentra pr\u00f3xima a ser inaugurada.<\/p>\n","protected":false},"author":2,"featured_media":36763,"comment_status":"open","ping_status":"open","sticky":false,"template":"","format":"standard","meta":{"om_disable_all_campaigns":false,"_monsterinsights_skip_tracking":false,"_monsterinsights_sitenote_active":false,"_monsterinsights_sitenote_note":"","_monsterinsights_sitenote_category":0,"_uf_show_specific_survey":0,"_uf_disable_surveys":false,"jetpack_post_was_ever_published":false,"_jetpack_newsletter_access":"","_jetpack_dont_email_post_to_subs":false,"_jetpack_newsletter_tier_id":0,"_jetpack_memberships_contains_paywalled_content":false,"_jetpack_memberships_contains_paid_content":false,"footnotes":"","jetpack_publicize_message":"","jetpack_publicize_feature_enabled":true,"jetpack_social_post_already_shared":false,"jetpack_social_options":{"image_generator_settings":{"template":"highway","default_image_id":0,"font":"","enabled":false},"version":2}},"categories":[19],"tags":[],"class_list":["post-36761","post","type-post","status-publish","format-standard","has-post-thumbnail","hentry","category-educacion"],"aioseo_notices":[],"views":11,"jetpack_publicize_connections":[],"jetpack_featured_media_url":"https:\/\/i0.wp.com\/elterritorialweb.com.ar\/web\/wp-content\/uploads\/2022\/03\/IMG-20220314-WA0013.jpg?fit=1087%2C713&ssl=1","jetpack_sharing_enabled":true,"_links":{"self":[{"href":"https:\/\/elterritorialweb.com.ar\/web\/wp-json\/wp\/v2\/posts\/36761","targetHints":{"allow":["GET"]}}],"collection":[{"href":"https:\/\/elterritorialweb.com.ar\/web\/wp-json\/wp\/v2\/posts"}],"about":[{"href":"https:\/\/elterritorialweb.com.ar\/web\/wp-json\/wp\/v2\/types\/post"}],"author":[{"embeddable":true,"href":"https:\/\/elterritorialweb.com.ar\/web\/wp-json\/wp\/v2\/users\/2"}],"replies":[{"embeddable":true,"href":"https:\/\/elterritorialweb.com.ar\/web\/wp-json\/wp\/v2\/comments?post=36761"}],"version-history":[{"count":1,"href":"https:\/\/elterritorialweb.com.ar\/web\/wp-json\/wp\/v2\/posts\/36761\/revisions"}],"predecessor-version":[{"id":36764,"href":"https:\/\/elterritorialweb.com.ar\/web\/wp-json\/wp\/v2\/posts\/36761\/revisions\/36764"}],"wp:featuredmedia":[{"embeddable":true,"href":"https:\/\/elterritorialweb.com.ar\/web\/wp-json\/wp\/v2\/media\/36763"}],"wp:attachment":[{"href":"https:\/\/elterritorialweb.com.ar\/web\/wp-json\/wp\/v2\/media?parent=36761"}],"wp:term":[{"taxonomy":"category","embeddable":true,"href":"https:\/\/elterritorialweb.com.ar\/web\/wp-json\/wp\/v2\/categories?post=36761"},{"taxonomy":"post_tag","embeddable":true,"href":"https:\/\/elterritorialweb.com.ar\/web\/wp-json\/wp\/v2\/tags?post=36761"}],"curies":[{"name":"wp","href":"https:\/\/api.w.org\/{rel}","templated":true}]}}