{"id":36769,"date":"2022-03-15T01:05:59","date_gmt":"2022-03-15T01:05:59","guid":{"rendered":"http:\/\/elterritorialweb.com.ar\/web\/?p=36769"},"modified":"2022-03-15T01:06:54","modified_gmt":"2022-03-15T01:06:54","slug":"desarrollo-social-de-la-municipalidad-realizar-capacitar-para-la-correcta-manipulacion-de-alimentos","status":"publish","type":"post","link":"https:\/\/elterritorialweb.com.ar\/web\/desarrollo-social-de-la-municipalidad-realizar-capacitar-para-la-correcta-manipulacion-de-alimentos\/","title":{"rendered":"DESARROLLO SOCIAL DE LA MUNICIPALIDAD REALIZAR\u00c1 CAPACITACI\u00d3N PARA LA CORRECTA MANIPULACI\u00d3N DE ALIMENTOS"},"content":{"rendered":"\n<p>El objetivo es que quienes trabajan en la elaboraci\u00f3n de alimentos cumplan una serie de pr\u00e1cticas de higiene espec\u00edficas. En la jornada se capacitar\u00e1 sobre el uso de herramientas b\u00e1sicas para la obtenci\u00f3n de productos inocuos para el consumo humano, e incluyen tanto la higiene y manipulaci\u00f3n como el correcto dise\u00f1o y funcionamiento de los establecimientos.<br>Esta instancia formativa es dirigida a participantes de las diferentes ferias barriales para la elaboraci\u00f3n de productos alimenticios libres de contaminaci\u00f3n.<br>Las clases presenciales estar\u00e1n a cargo de profesionales del Departamento de Bromatolog\u00eda de la Direcci\u00f3n de Calidad de Vida y se desarrollar\u00e1n los d\u00edas 16 y 23 de marzo, a partir de las 18 horas, en la Casa del Bicentenario ubicada en Mendoza y Olaechea, Parque Aguirre.<br>Los cupos son limitados y los interesados en participar deber\u00e1n inscribirse al link: <a href=\"https:\/\/docs.google.com\/forms\/d\/e\/1FAIpQLSePSuJI7LufU--2rbLkIBjgMdwZaC_JKSE_2645TtOMpe1beA\/viewform?fbclid=IwAR3vJGJ0ZU1J_Bgoxfy2jzDecwJsXA5s8z2s0twCZJAjAFktTVVxhkU4x18\">https:\/\/docs.google.com\/forms\/d\/e\/1FAIpQLSePSuJI7LufU&#8211;2rbLkIBjgMdwZaC_JKSE_2645TtOMpe1beA\/viewform?fbclid=IwAR3vJGJ0ZU1J_Bgoxfy2jzDecwJsXA5s8z2s0twCZJAjAFktTVVxhkU4x18<\/a><br>O a los tel\u00e9fonos 3855164108 (s\u00f3lo WhatsApp) \u00f3 al 6019915, que atiende en horario comercial.<\/p>\n","protected":false},"excerpt":{"rendered":"<p>La Direcci\u00f3n de Desarrollo Social de la  Capital realizar\u00e1 un curso gratuito sobre Buenas pr\u00e1cticas de manipulaci\u00f3n de alimentos, destinado a productores y emprendedores locales. <\/p>\n","protected":false},"author":2,"featured_media":36771,"comment_status":"open","ping_status":"open","sticky":false,"template":"","format":"standard","meta":{"om_disable_all_campaigns":false,"_monsterinsights_skip_tracking":false,"_monsterinsights_sitenote_active":false,"_monsterinsights_sitenote_note":"","_monsterinsights_sitenote_category":0,"_uf_show_specific_survey":0,"_uf_disable_surveys":false,"jetpack_post_was_ever_published":false,"_jetpack_newsletter_access":"","_jetpack_dont_email_post_to_subs":false,"_jetpack_newsletter_tier_id":0,"_jetpack_memberships_contains_paywalled_content":false,"_jetpack_memberships_contains_paid_content":false,"footnotes":"","jetpack_publicize_message":"","jetpack_publicize_feature_enabled":true,"jetpack_social_post_already_shared":false,"jetpack_social_options":{"image_generator_settings":{"template":"highway","default_image_id":0,"font":"","enabled":false},"version":2}},"categories":[21],"tags":[],"class_list":["post-36769","post","type-post","status-publish","format-standard","has-post-thumbnail","hentry","category-locales"],"aioseo_notices":[],"views":5,"jetpack_publicize_connections":[],"jetpack_featured_media_url":"https:\/\/i0.wp.com\/elterritorialweb.com.ar\/web\/wp-content\/uploads\/2022\/03\/alimentos-1.jpg?fit=1280%2C720&ssl=1","jetpack_sharing_enabled":true,"_links":{"self":[{"href":"https:\/\/elterritorialweb.com.ar\/web\/wp-json\/wp\/v2\/posts\/36769","targetHints":{"allow":["GET"]}}],"collection":[{"href":"https:\/\/elterritorialweb.com.ar\/web\/wp-json\/wp\/v2\/posts"}],"about":[{"href":"https:\/\/elterritorialweb.com.ar\/web\/wp-json\/wp\/v2\/types\/post"}],"author":[{"embeddable":true,"href":"https:\/\/elterritorialweb.com.ar\/web\/wp-json\/wp\/v2\/users\/2"}],"replies":[{"embeddable":true,"href":"https:\/\/elterritorialweb.com.ar\/web\/wp-json\/wp\/v2\/comments?post=36769"}],"version-history":[{"count":2,"href":"https:\/\/elterritorialweb.com.ar\/web\/wp-json\/wp\/v2\/posts\/36769\/revisions"}],"predecessor-version":[{"id":36773,"href":"https:\/\/elterritorialweb.com.ar\/web\/wp-json\/wp\/v2\/posts\/36769\/revisions\/36773"}],"wp:featuredmedia":[{"embeddable":true,"href":"https:\/\/elterritorialweb.com.ar\/web\/wp-json\/wp\/v2\/media\/36771"}],"wp:attachment":[{"href":"https:\/\/elterritorialweb.com.ar\/web\/wp-json\/wp\/v2\/media?parent=36769"}],"wp:term":[{"taxonomy":"category","embeddable":true,"href":"https:\/\/elterritorialweb.com.ar\/web\/wp-json\/wp\/v2\/categories?post=36769"},{"taxonomy":"post_tag","embeddable":true,"href":"https:\/\/elterritorialweb.com.ar\/web\/wp-json\/wp\/v2\/tags?post=36769"}],"curies":[{"name":"wp","href":"https:\/\/api.w.org\/{rel}","templated":true}]}}