{"id":36963,"date":"2022-03-18T02:04:51","date_gmt":"2022-03-18T02:04:51","guid":{"rendered":"http:\/\/elterritorialweb.com.ar\/web\/?p=36963"},"modified":"2022-03-18T02:05:30","modified_gmt":"2022-03-18T02:05:30","slug":"la-municipalidad-continua-con-los-operativos-para-erradicar-mini-basurales-een-la-capital","status":"publish","type":"post","link":"https:\/\/elterritorialweb.com.ar\/web\/la-municipalidad-continua-con-los-operativos-para-erradicar-mini-basurales-een-la-capital\/","title":{"rendered":"LA MUNICIPALIDAD CONTIN\u00daA CON LOS OPERATIVOS PARA ERRADICAR MINI BASURALES EN LA CAPITAL"},"content":{"rendered":"\n<p>En esta oportunidad, la Municipalidad despleg\u00f3 m\u00e1s de 50 operarios, maquinarias viales y una flota de 25 camiones para dejar en condiciones los predios donde se acumularon residuos domiciliarios o en los espacios donde hubo crecimiento extraordinario de malezas.<br>Batalla remarc\u00f3 que la comuna lleva adelante estos trabajos en forma permanente para mantener la higiene de la ciudad y puso como ejemplo las \u00faltimas intervenciones en los barrios Vinalar, Mariano Moreno, Libertad, entre otros.<br>El funcionario sostuvo que la mayor\u00eda de los vecinos respeta los horarios de recolecci\u00f3n de residuos pero a\u00fan existen algunos lugares en donde se vuelvan desechos.<br>Por su parte, el fiscal Ramos apel\u00f3 a la responsabilidad de los propietarios de los bald\u00edos para colaborar con la higiene de la ciudad y tambi\u00e9n con las condiciones de salubridad, ya que estos terrenos potencialmente pueden provocar focos infecciosos.<br>\u201cDesde el a\u00f1o 1988 est\u00e1 vigente la ordenanza que exige a todo propietario de terreno bald\u00edo, casa deshabitada o en ruinas a tenerlos en \u00f3ptimas condiciones de higiene y salubridad. La misma ordenanza tiene previsto que en caso de verificar el incumplimiento, la comuna puede intimar a los propietarios o poseedores a que regularicen el estado del terreno en la cual se le concede un plazo perentorio\u201d, explic\u00f3.<br>Ramos indic\u00f3 que \u201cla comuna puede realizar el trabajo de limpieza y liquidar los gastos de la tarea a cuenta del propietario. La idea es no llegar a ese extremo, por eso apelamos a la conciencia de los vecinos al mantenimiento y la colaboraci\u00f3n. Trabajamos para tener un ambiente limpio y sano para todos los vecinos\u201d.<\/p>\n","protected":false},"excerpt":{"rendered":"<p>El fiscal Municipal, Dr. Martin Ramos, y el director de Servicios Urbanos de la Capital, H\u00e9ctor Batalla, supervisaron la continuidad de los operativos de erradicaci\u00f3n de mini basurales, cuyas tareas se localizaron durante la jornada del jueves en el barrio Aeropuerto, con el prop\u00f3sito de mantener un \u201cambiente sano y limpio\u201d.<\/p>\n","protected":false},"author":2,"featured_media":36964,"comment_status":"open","ping_status":"open","sticky":false,"template":"","format":"standard","meta":{"om_disable_all_campaigns":false,"_monsterinsights_skip_tracking":false,"_monsterinsights_sitenote_active":false,"_monsterinsights_sitenote_note":"","_monsterinsights_sitenote_category":0,"_uf_show_specific_survey":0,"_uf_disable_surveys":false,"jetpack_post_was_ever_published":false,"_jetpack_newsletter_access":"","_jetpack_dont_email_post_to_subs":false,"_jetpack_newsletter_tier_id":0,"_jetpack_memberships_contains_paywalled_content":false,"_jetpack_memberships_contains_paid_content":false,"footnotes":"","jetpack_publicize_message":"","jetpack_publicize_feature_enabled":true,"jetpack_social_post_already_shared":false,"jetpack_social_options":{"image_generator_settings":{"template":"highway","default_image_id":0,"font":"","enabled":false},"version":2}},"categories":[21],"tags":[],"class_list":["post-36963","post","type-post","status-publish","format-standard","has-post-thumbnail","hentry","category-locales"],"aioseo_notices":[],"views":5,"jetpack_publicize_connections":[],"jetpack_featured_media_url":"https:\/\/i0.wp.com\/elterritorialweb.com.ar\/web\/wp-content\/uploads\/2022\/03\/operativo-barrio-aeropuerto.jpeg?fit=1003%2C600&ssl=1","jetpack_sharing_enabled":true,"_links":{"self":[{"href":"https:\/\/elterritorialweb.com.ar\/web\/wp-json\/wp\/v2\/posts\/36963","targetHints":{"allow":["GET"]}}],"collection":[{"href":"https:\/\/elterritorialweb.com.ar\/web\/wp-json\/wp\/v2\/posts"}],"about":[{"href":"https:\/\/elterritorialweb.com.ar\/web\/wp-json\/wp\/v2\/types\/post"}],"author":[{"embeddable":true,"href":"https:\/\/elterritorialweb.com.ar\/web\/wp-json\/wp\/v2\/users\/2"}],"replies":[{"embeddable":true,"href":"https:\/\/elterritorialweb.com.ar\/web\/wp-json\/wp\/v2\/comments?post=36963"}],"version-history":[{"count":2,"href":"https:\/\/elterritorialweb.com.ar\/web\/wp-json\/wp\/v2\/posts\/36963\/revisions"}],"predecessor-version":[{"id":36966,"href":"https:\/\/elterritorialweb.com.ar\/web\/wp-json\/wp\/v2\/posts\/36963\/revisions\/36966"}],"wp:featuredmedia":[{"embeddable":true,"href":"https:\/\/elterritorialweb.com.ar\/web\/wp-json\/wp\/v2\/media\/36964"}],"wp:attachment":[{"href":"https:\/\/elterritorialweb.com.ar\/web\/wp-json\/wp\/v2\/media?parent=36963"}],"wp:term":[{"taxonomy":"category","embeddable":true,"href":"https:\/\/elterritorialweb.com.ar\/web\/wp-json\/wp\/v2\/categories?post=36963"},{"taxonomy":"post_tag","embeddable":true,"href":"https:\/\/elterritorialweb.com.ar\/web\/wp-json\/wp\/v2\/tags?post=36963"}],"curies":[{"name":"wp","href":"https:\/\/api.w.org\/{rel}","templated":true}]}}