{"id":36967,"date":"2022-03-18T02:16:19","date_gmt":"2022-03-18T02:16:19","guid":{"rendered":"http:\/\/elterritorialweb.com.ar\/web\/?p=36967"},"modified":"2022-03-18T02:16:20","modified_gmt":"2022-03-18T02:16:20","slug":"la-municipalidad-comunico-su-oferta-educativa-no-formal-de-talleres-artisticos-gratuitos","status":"publish","type":"post","link":"https:\/\/elterritorialweb.com.ar\/web\/la-municipalidad-comunico-su-oferta-educativa-no-formal-de-talleres-artisticos-gratuitos\/","title":{"rendered":"LA MUNICIPALIDAD COMUNIC\u00d3 SU OFERTA EDUCATIVA NO FORMAL DE TALLERES ART\u00cdSTICOS GRATUITOS"},"content":{"rendered":"\n<p>Entre las propuestas que brinda la instituci\u00f3n durante el corriente ciclo lectivo, se destacan las de danzas folcl\u00f3ricas argentinas, canto orientado a la comedia musical, coro, ensamble vocal, guitarra y teclado, entre otras.<br>Adem\u00e1s, en articulaci\u00f3n con el Ministerio de Educaci\u00f3n, Ciencia y Tecnolog\u00eda de la Provincia, a trav\u00e9s de la Coordinaci\u00f3n Provincial de Educaci\u00f3n Art\u00edstica con los programas nacionales \u00abVolv\u00e9 a la Escuela Educaci\u00f3n Art\u00edstica\u00bb y \u00abVolv\u00e9 a la Escuela Orquestas y Coros\u00bb, se dictar\u00e1n talleres de Cortes\u00eda y etiqueta, Tallado de madera sobre relieve y Malambo, percusi\u00f3n, boleadoras y zapateo.<br>Por inscripciones, los interesados pueden dirigirse a las instalaciones del instituto, ubicado en San Mart\u00edn N\u00b0139, de lunes a viernes en los horarios de 8 a 13 y de 16 a 21. Tambi\u00e9n pueden comunicarse por las redes sociales del organismo: Facebook (CEASDE) e Instagram (@CEA.SDE). Las inscripciones estar\u00e1n habilitadas durante todo el a\u00f1o.<\/p>\n","protected":false},"excerpt":{"rendered":"<p>El Centro de Educaci\u00f3n para el Arte (CEA), perteneciente a la Subsecretar\u00eda de Educaci\u00f3n de la Municipalidad de la Capital, dio a conocer su oferta educativa no formal con talleres art\u00edsticos vocacionales gratuitos, dictados por referentes locales.<\/p>\n","protected":false},"author":2,"featured_media":36968,"comment_status":"open","ping_status":"open","sticky":false,"template":"","format":"standard","meta":{"om_disable_all_campaigns":false,"_monsterinsights_skip_tracking":false,"_monsterinsights_sitenote_active":false,"_monsterinsights_sitenote_note":"","_monsterinsights_sitenote_category":0,"_uf_show_specific_survey":0,"_uf_disable_surveys":false,"jetpack_post_was_ever_published":false,"_jetpack_newsletter_access":"","_jetpack_dont_email_post_to_subs":false,"_jetpack_newsletter_tier_id":0,"_jetpack_memberships_contains_paywalled_content":false,"_jetpack_memberships_contains_paid_content":false,"footnotes":"","jetpack_publicize_message":"","jetpack_publicize_feature_enabled":true,"jetpack_social_post_already_shared":false,"jetpack_social_options":{"image_generator_settings":{"template":"highway","default_image_id":0,"font":"","enabled":false},"version":2}},"categories":[21],"tags":[],"class_list":["post-36967","post","type-post","status-publish","format-standard","has-post-thumbnail","hentry","category-locales"],"aioseo_notices":[],"views":7,"jetpack_publicize_connections":[],"jetpack_featured_media_url":"https:\/\/i0.wp.com\/elterritorialweb.com.ar\/web\/wp-content\/uploads\/2022\/03\/formacion-artistica-muni.jpeg?fit=1280%2C960&ssl=1","jetpack_sharing_enabled":true,"_links":{"self":[{"href":"https:\/\/elterritorialweb.com.ar\/web\/wp-json\/wp\/v2\/posts\/36967","targetHints":{"allow":["GET"]}}],"collection":[{"href":"https:\/\/elterritorialweb.com.ar\/web\/wp-json\/wp\/v2\/posts"}],"about":[{"href":"https:\/\/elterritorialweb.com.ar\/web\/wp-json\/wp\/v2\/types\/post"}],"author":[{"embeddable":true,"href":"https:\/\/elterritorialweb.com.ar\/web\/wp-json\/wp\/v2\/users\/2"}],"replies":[{"embeddable":true,"href":"https:\/\/elterritorialweb.com.ar\/web\/wp-json\/wp\/v2\/comments?post=36967"}],"version-history":[{"count":1,"href":"https:\/\/elterritorialweb.com.ar\/web\/wp-json\/wp\/v2\/posts\/36967\/revisions"}],"predecessor-version":[{"id":36969,"href":"https:\/\/elterritorialweb.com.ar\/web\/wp-json\/wp\/v2\/posts\/36967\/revisions\/36969"}],"wp:featuredmedia":[{"embeddable":true,"href":"https:\/\/elterritorialweb.com.ar\/web\/wp-json\/wp\/v2\/media\/36968"}],"wp:attachment":[{"href":"https:\/\/elterritorialweb.com.ar\/web\/wp-json\/wp\/v2\/media?parent=36967"}],"wp:term":[{"taxonomy":"category","embeddable":true,"href":"https:\/\/elterritorialweb.com.ar\/web\/wp-json\/wp\/v2\/categories?post=36967"},{"taxonomy":"post_tag","embeddable":true,"href":"https:\/\/elterritorialweb.com.ar\/web\/wp-json\/wp\/v2\/tags?post=36967"}],"curies":[{"name":"wp","href":"https:\/\/api.w.org\/{rel}","templated":true}]}}