{"id":36970,"date":"2022-03-18T02:27:38","date_gmt":"2022-03-18T02:27:38","guid":{"rendered":"http:\/\/elterritorialweb.com.ar\/web\/?p=36970"},"modified":"2022-03-18T02:27:39","modified_gmt":"2022-03-18T02:27:39","slug":"entregan-viviendas-sociales-en-colonia-san-juan","status":"publish","type":"post","link":"https:\/\/elterritorialweb.com.ar\/web\/entregan-viviendas-sociales-en-colonia-san-juan\/","title":{"rendered":"ENTREGAN VIVIENDAS SOCIALES EN COLONIA SAN JUAN"},"content":{"rendered":"\n<p>El acto protocolar fue encabezado por el ministro de Desarrollo Social, Dr. \u00c1ngel Niccolai y el comisionado municipal de Colonia San Juan, Ernesto Ju\u00e1rez, representantes de diferentes organizaciones no gubernamentales y los comisionados municipales de La Invernada, Mario Pereyra y de Vaca Hua\u00f1una, Noem\u00ed Corbal\u00e1n.<br>Las viviendas sociales fueron construidas por las ONGs, \u00abClub Atl\u00e9tico \u00c1guila\u00bb a cargo de Patricia Ruiz y \u00abBuscando el Progreso\u201d de Elizabeth Yanac\u00f3n y la Comisi\u00f3n Municipal de Colonia San Juan representado por Ernesto Ju\u00e1rez.<br>Las familias beneficiadas pertenecen a los parajes El Port\u00f3n, Zanj\u00f3n, Autonom\u00eda, Siete Pozos, el Porvenir, Machajon y Minerva.<br>Las palabras de bienvenida, estuvieron a cargo del Comisionado Municipal Ernesto Ju\u00e1rez quien agradeci\u00f3 al Gobierno de la provincia por la permanente colaboraci\u00f3n y se comprometi\u00f3 a continuar construyendo m\u00e1s viviendas sociales para su comunidad.<br>Para finalizar, el Dr. Niccolai, recalco: \u201clo importante es que se re\u00fanan los requisitos y dar cumplimiento a este objetivo que tuvo en ese momento la Gobernadora, Dra. Claudia de Zamora, que era llegar a 70.000 familias que estaban censadas, del programa de lucha contra el Chagas. Despu\u00e9s de varios a\u00f1os del programa podemos decir que se construye cien por ciento con mano de obra local, con gente de la zona que est\u00e1 necesitando\u201d y destac\u00f3 que \u201cya llevamos m\u00e1s de 25.000 casas construidas. Todav\u00eda tenemos muchas familias que est\u00e1n esperando el turno, as\u00ed que hay que estar presentes, para seguir cumpliendo el sue\u00f1o de la ex Gobernadora, actual Presidenta del Senado de la Naci\u00f3n, Dra. Claudia de Zamora para que no quede ning\u00fan rancho y ninguna vivienda precaria y as\u00ed terminar con un flagelo ancestral como el mal de Chagas\u201d, concluy\u00f3 Niccolai.<\/p>\n","protected":false},"excerpt":{"rendered":"<p>En un acto en Colonia San Juan, departamento Figueroa, un total de 19 beneficiarios, recibieron sus casas, bajo el programa de viviendas sociales, impulsado por el Gobierno de la provincia de Santiago del Estero.<\/p>\n","protected":false},"author":2,"featured_media":36971,"comment_status":"open","ping_status":"open","sticky":false,"template":"","format":"standard","meta":{"om_disable_all_campaigns":false,"_monsterinsights_skip_tracking":false,"_monsterinsights_sitenote_active":false,"_monsterinsights_sitenote_note":"","_monsterinsights_sitenote_category":0,"_uf_show_specific_survey":0,"_uf_disable_surveys":false,"jetpack_post_was_ever_published":false,"_jetpack_newsletter_access":"","_jetpack_dont_email_post_to_subs":false,"_jetpack_newsletter_tier_id":0,"_jetpack_memberships_contains_paywalled_content":false,"_jetpack_memberships_contains_paid_content":false,"footnotes":"","jetpack_publicize_message":"","jetpack_publicize_feature_enabled":true,"jetpack_social_post_already_shared":false,"jetpack_social_options":{"image_generator_settings":{"template":"highway","default_image_id":0,"font":"","enabled":false},"version":2}},"categories":[21],"tags":[],"class_list":["post-36970","post","type-post","status-publish","format-standard","has-post-thumbnail","hentry","category-locales"],"aioseo_notices":[],"views":11,"jetpack_publicize_connections":[],"jetpack_featured_media_url":"https:\/\/i0.wp.com\/elterritorialweb.com.ar\/web\/wp-content\/uploads\/2022\/03\/viviendas-.jpg?fit=1280%2C854&ssl=1","jetpack_sharing_enabled":true,"_links":{"self":[{"href":"https:\/\/elterritorialweb.com.ar\/web\/wp-json\/wp\/v2\/posts\/36970","targetHints":{"allow":["GET"]}}],"collection":[{"href":"https:\/\/elterritorialweb.com.ar\/web\/wp-json\/wp\/v2\/posts"}],"about":[{"href":"https:\/\/elterritorialweb.com.ar\/web\/wp-json\/wp\/v2\/types\/post"}],"author":[{"embeddable":true,"href":"https:\/\/elterritorialweb.com.ar\/web\/wp-json\/wp\/v2\/users\/2"}],"replies":[{"embeddable":true,"href":"https:\/\/elterritorialweb.com.ar\/web\/wp-json\/wp\/v2\/comments?post=36970"}],"version-history":[{"count":1,"href":"https:\/\/elterritorialweb.com.ar\/web\/wp-json\/wp\/v2\/posts\/36970\/revisions"}],"predecessor-version":[{"id":36972,"href":"https:\/\/elterritorialweb.com.ar\/web\/wp-json\/wp\/v2\/posts\/36970\/revisions\/36972"}],"wp:featuredmedia":[{"embeddable":true,"href":"https:\/\/elterritorialweb.com.ar\/web\/wp-json\/wp\/v2\/media\/36971"}],"wp:attachment":[{"href":"https:\/\/elterritorialweb.com.ar\/web\/wp-json\/wp\/v2\/media?parent=36970"}],"wp:term":[{"taxonomy":"category","embeddable":true,"href":"https:\/\/elterritorialweb.com.ar\/web\/wp-json\/wp\/v2\/categories?post=36970"},{"taxonomy":"post_tag","embeddable":true,"href":"https:\/\/elterritorialweb.com.ar\/web\/wp-json\/wp\/v2\/tags?post=36970"}],"curies":[{"name":"wp","href":"https:\/\/api.w.org\/{rel}","templated":true}]}}