{"id":36974,"date":"2022-03-18T02:55:57","date_gmt":"2022-03-18T02:55:57","guid":{"rendered":"http:\/\/elterritorialweb.com.ar\/web\/?p=36974"},"modified":"2022-03-18T12:34:14","modified_gmt":"2022-03-18T12:34:14","slug":"el-senado-aprobo-el-acuerdo-con-el-fmi","status":"publish","type":"post","link":"https:\/\/elterritorialweb.com.ar\/web\/el-senado-aprobo-el-acuerdo-con-el-fmi\/","title":{"rendered":"EL SENADO APROB\u00d3 EL ACUERDO CON EL FMI"},"content":{"rendered":"\n<p>El proyecto que autoriza al Poder Ejecutivo a cerrar un acuerdo con el Fondo Monetario Internacional para refinanciar la deuda adquirida en 2018 por m\u00e1s de 44 mil millones de d\u00f3lares obtuvo este jueves&nbsp;<strong>una amplia mayor\u00eda de votos en el Senado de la Naci\u00f3n aportados por un sector del Frente de Todos y por casi todo el interbloque opositor de Juntos por el Cambio.<\/strong><\/p>\n\n\n\n<p><strong>De los 56 votos a favor, veinte salieron del bloque oficialista, en tanto que los otros 36 salieron de la oposici\u00f3n y de sectores aliados. Los 13 votos en contra fueron del propio Frente de Todos<\/strong>.<\/p>\n\n\n\n<figure class=\"wp-block-embed is-type-rich is-provider-twitter wp-block-embed-twitter\"><div class=\"wp-block-embed__wrapper\">\n<blockquote class=\"twitter-tweet\" data-width=\"550\" data-dnt=\"true\"><p lang=\"es\" dir=\"ltr\">El Congreso sancion\u00f3 con fuerza de Ley el acuerdo del Gobierno Nacional con el FMI que le permitir\u00e1 al pa\u00eds refinanciar la deuda r\u00e9cord de 2018, evitando desestabilizar la econom\u00eda.<br><br>El resultado y el proceso son un paso firme hacia adelante en el desarrollo de nuestra Rep\u00fablica. <a href=\"https:\/\/t.co\/Wb6koG1Trb\">pic.twitter.com\/Wb6koG1Trb<\/a><\/p>&mdash; Mart\u00edn Guzm\u00e1n (@Martin_M_Guzman) <a href=\"https:\/\/twitter.com\/Martin_M_Guzman\/status\/1504644737634119720?ref_src=twsrc%5Etfw\">March 18, 2022<\/a><\/blockquote><script async src=\"https:\/\/platform.twitter.com\/widgets.js\" charset=\"utf-8\"><\/script>\n<\/div><\/figure>\n\n\n\n<p>Tambi\u00e9n hubo pedidos a la Justicia para que se aceleraran las causas contra funcionarios de la gesti\u00f3n de Mauricio Macri acusados de fuga de divisas.<\/p>\n\n\n\n<p>Desde la oposici\u00f3n, los senadores Mart\u00edn Lousteau, Alfredo Cornejo y Luis Naidenoff rechazaron las acusaciones, trasladaron la responsabilidad del origen de la deuda a la crisis que dijeron haber encontrado cuando asumi\u00f3 Cambiemos y justificaron el apoyo en&nbsp;<strong>la necesidad de evitar \u00abmayor sufrimiento al pueblo<\/strong>\u00ab.<\/p>\n\n\n\n<p>En la apertura, el miembro informante del FdT, el titular de la Comisi\u00f3n de Presupuesto, Ricardo Guerra, acus\u00f3 a la gesti\u00f3n de Macri de \u00abespecular pol\u00edticamente\u00bb en su v\u00ednculo con el FMI y declar\u00f3 que \u00abel pr\u00e9stamo fue alejado de lo estatutario y de lo legalmente permitido\u00bb.<\/p>\n\n\n\n<p>En el cierre, el jefe del bloque, Jos\u00e9 Mayans, reconoci\u00f3 que&nbsp;\u00abnosotros dijimos que \u00edbamos a volver para ser mejores, hasta ahora no lo logramos, pero ustedes dicen que lo van a hacer todo igual pero m\u00e1s r\u00e1pido\u00bb, advirti\u00f3 Mayans en referencia a una frase que Macri pronunci\u00f3 como autocr\u00edtica durante un di\u00e1logo con el escritor peruano Mario Vargas Llosa, y asegurando que desde el propio frente&nbsp;<strong>todav\u00eda \u00abqueda un largo camino\u00bb para lograr las metas trazadas en 2019.<\/strong><\/p>\n\n\n\n<p>Entre las senadoras oficialistas que no acompa\u00f1aron el proyecto del Gobierno, Silvia Sapag (FdT-Neuqu\u00e9n), argument\u00f3 su abstenci\u00f3n al sostener que apoya al Gobierno pero que por razones familiares \u00abmuy personales\u00bb no puede avalar el entendimiento.<\/p>\n\n\n\n<p>Mar\u00eda Pilatti, una de las legisladoras m\u00e1s ligadas a la Vicepresidenta, que vot\u00f3 en contra, aclar\u00f3 que<strong>&nbsp;\u00abtener diferencias no significa rupturas\u00bb p<\/strong>ara ahuyentar rumores sobre una fractura del bloque del oficialismo.<\/p>\n\n\n\n<p>Al promediar la tarde, cuando Fern\u00e1ndez de Kirchner estaba a\u00fan en el estrado, la salte\u00f1a Nora Gim\u00e9nez aclar\u00f3 dirigi\u00e9ndose a la funcionaria:<strong>&nbsp;\u00abNo voto en contra de su gobierno ni voto en contra de usted como mi Vicepresidenta, voto en contra de la deuda ilegitima que dej\u00f3 Macri y del Fondo que vuelve a imponer sus pol\u00edticas para repetir los ciclos de endeudamiento\u00bb.<\/strong><\/p>\n\n\n\n<p>Mar\u00eda Eugenia Catalfamo (San Luis) justific\u00f3 su voto en contra al se\u00f1alar que \u00ab<strong>no es en contra de nuestro gobierno\u00bb<\/strong>&nbsp;y calific\u00f3 a la toma del pr\u00e9stamo por parte del Gobierno de Cambiemos como \u00abla mayor estafa que sufri\u00f3\u00bb la Argentina.<\/p>\n\n\n\n<p>Entre los discursos m\u00e1s duros desde la oposici\u00f3n, el del senador radical Mart\u00edn Lousteau despert\u00f3 cr\u00edticas del oficialismo despu\u00e9s de que se refiri\u00f3 a la fuga de capital de la que acusan al gobierno macrista y mencion\u00f3 causas judiciales que vincul\u00f3 con la Vicepresidenta. Tambi\u00e9n dijo que hab\u00eda que apoyar el acuerdo porque no hacerlo ser\u00eda \u00abcatastr\u00f3fico\u00bb.<\/p>\n\n\n\n<p>El radical cordob\u00e9s Luis Juez dijo en su exposici\u00f3n que<strong>&nbsp;\u00abnunca\u00bb pens\u00f3 en que su primera votaci\u00f3n en el Senado iba a ser \u00abpara acompa\u00f1ar a este Gobierno\u00bb<\/strong>, celebr\u00f3 que un acuerdo con el FMI haya sido puesto a consideraci\u00f3n del Congreso \u00abpor primera vez\u00bb y afirm\u00f3 que la dirigencia pol\u00edtica \u00abfracas\u00f3\u00bb en el pa\u00eds por discutir \u00abrecurrentemente\u00bb el mismo tema.<\/p>\n\n\n\n<p>La habilitaci\u00f3n de la sesi\u00f3n sobre tablas, que requer\u00eda de los votos positivos de los dos tercios de los presentes, fue facilitada por la oposici\u00f3n, ya que el dictamen obtenido el martes en la comisi\u00f3n de Presupuesto y Hacienda no obtuvo los siete d\u00edas desde su publicaci\u00f3n, tal como establece el reglamento.<\/p>\n\n\n\n<p>El proyecto hab\u00eda recibido media sanci\u00f3n la semana pasada en la C\u00e1mara de Diputados y ahora deber\u00e1 ser tratado por el directorio del FMI para recibir la luz verde definitiva para el acuerdo.<\/p>\n","protected":false},"excerpt":{"rendered":"<p>Con 56 votos a favor, 13 en contra y 3 abstenciones, el Senado de la Naci\u00f3n convirti\u00f3 en ley el acuerdo entre la Argentina y el Fondo Monetario Internacional, para refinanciar la deuda externa contra\u00edda durante el gobierno del expresidente Mauricio Macri.<\/p>\n","protected":false},"author":2,"featured_media":36975,"comment_status":"open","ping_status":"open","sticky":false,"template":"","format":"standard","meta":{"om_disable_all_campaigns":false,"_monsterinsights_skip_tracking":false,"_monsterinsights_sitenote_active":false,"_monsterinsights_sitenote_note":"","_monsterinsights_sitenote_category":0,"_uf_show_specific_survey":0,"_uf_disable_surveys":false,"jetpack_post_was_ever_published":false,"_jetpack_newsletter_access":"","_jetpack_dont_email_post_to_subs":false,"_jetpack_newsletter_tier_id":0,"_jetpack_memberships_contains_paywalled_content":false,"_jetpack_memberships_contains_paid_content":false,"footnotes":"","jetpack_publicize_message":"","jetpack_publicize_feature_enabled":true,"jetpack_social_post_already_shared":false,"jetpack_social_options":{"image_generator_settings":{"template":"highway","default_image_id":0,"font":"","enabled":false},"version":2}},"categories":[18],"tags":[],"class_list":["post-36974","post","type-post","status-publish","format-standard","has-post-thumbnail","hentry","category-politica"],"aioseo_notices":[],"views":6,"jetpack_publicize_connections":[],"jetpack_featured_media_url":"https:\/\/i0.wp.com\/elterritorialweb.com.ar\/web\/wp-content\/uploads\/2022\/03\/700x380_cmara-alta-senado-presidido-cristina-kirchner-debatiria-esta-semana-acuerdo-fmi-foto-archivo-prensa-hcsn-934635-073749.jpeg?fit=700%2C380&ssl=1","jetpack_sharing_enabled":true,"_links":{"self":[{"href":"https:\/\/elterritorialweb.com.ar\/web\/wp-json\/wp\/v2\/posts\/36974","targetHints":{"allow":["GET"]}}],"collection":[{"href":"https:\/\/elterritorialweb.com.ar\/web\/wp-json\/wp\/v2\/posts"}],"about":[{"href":"https:\/\/elterritorialweb.com.ar\/web\/wp-json\/wp\/v2\/types\/post"}],"author":[{"embeddable":true,"href":"https:\/\/elterritorialweb.com.ar\/web\/wp-json\/wp\/v2\/users\/2"}],"replies":[{"embeddable":true,"href":"https:\/\/elterritorialweb.com.ar\/web\/wp-json\/wp\/v2\/comments?post=36974"}],"version-history":[{"count":2,"href":"https:\/\/elterritorialweb.com.ar\/web\/wp-json\/wp\/v2\/posts\/36974\/revisions"}],"predecessor-version":[{"id":36992,"href":"https:\/\/elterritorialweb.com.ar\/web\/wp-json\/wp\/v2\/posts\/36974\/revisions\/36992"}],"wp:featuredmedia":[{"embeddable":true,"href":"https:\/\/elterritorialweb.com.ar\/web\/wp-json\/wp\/v2\/media\/36975"}],"wp:attachment":[{"href":"https:\/\/elterritorialweb.com.ar\/web\/wp-json\/wp\/v2\/media?parent=36974"}],"wp:term":[{"taxonomy":"category","embeddable":true,"href":"https:\/\/elterritorialweb.com.ar\/web\/wp-json\/wp\/v2\/categories?post=36974"},{"taxonomy":"post_tag","embeddable":true,"href":"https:\/\/elterritorialweb.com.ar\/web\/wp-json\/wp\/v2\/tags?post=36974"}],"curies":[{"name":"wp","href":"https:\/\/api.w.org\/{rel}","templated":true}]}}