{"id":36977,"date":"2022-03-18T03:07:36","date_gmt":"2022-03-18T03:07:36","guid":{"rendered":"http:\/\/elterritorialweb.com.ar\/web\/?p=36977"},"modified":"2022-03-18T03:07:37","modified_gmt":"2022-03-18T03:07:37","slug":"claudia-zamora-encabezo-parte-de-la-sesion-donde-el-senado-aprobo-el-acuerdo-con-el-fmi","status":"publish","type":"post","link":"https:\/\/elterritorialweb.com.ar\/web\/claudia-zamora-encabezo-parte-de-la-sesion-donde-el-senado-aprobo-el-acuerdo-con-el-fmi\/","title":{"rendered":"CLAUDIA ZAMORA ENCABEZ\u00d3 PARTE DE LA SESI\u00d3N DONDE EL SENADO APROB\u00d3 EL ACUERDO CON EL FMI"},"content":{"rendered":"\n<p>La presidenta provisional, Claudia Ledesma Abdala de Zamora, presidi\u00f3 parte de la sesi\u00f3n p\u00fablica especial en la que el Senado de la Naci\u00f3n convirti\u00f3 en ley el proyecto que aprueba las operaciones de cr\u00e9dito p\u00fablico contenidas en el \u201cPrograma de Facilidades Extendidas\u201d, a celebrarse entre el Poder Ejecutivo Nacional y el Fondo Monetario Internacional para la cancelaci\u00f3n del acuerdo stand by realizado en 2018 y para apoyo presupuestario.<\/p>\n\n\n\n<figure class=\"wp-block-image size-full\"><a href=\"https:\/\/i0.wp.com\/elterritorialweb.com.ar\/web\/wp-content\/uploads\/2022\/03\/FB_IMG_1647572301166.jpg\"><img data-recalc-dims=\"1\" decoding=\"async\" width=\"640\" height=\"426\" data-src=\"https:\/\/i0.wp.com\/elterritorialweb.com.ar\/web\/wp-content\/uploads\/2022\/03\/FB_IMG_1647572301166.jpg?resize=640%2C426\" alt=\"\" class=\"wp-image-36979 lazyload\" data-srcset=\"https:\/\/i0.wp.com\/elterritorialweb.com.ar\/web\/wp-content\/uploads\/2022\/03\/FB_IMG_1647572301166.jpg?w=720&amp;ssl=1 720w, https:\/\/i0.wp.com\/elterritorialweb.com.ar\/web\/wp-content\/uploads\/2022\/03\/FB_IMG_1647572301166.jpg?resize=300%2C200&amp;ssl=1 300w\" data-sizes=\"(max-width: 640px) 100vw, 640px\" src=\"data:image\/svg+xml;base64,PHN2ZyB3aWR0aD0iMSIgaGVpZ2h0PSIxIiB4bWxucz0iaHR0cDovL3d3dy53My5vcmcvMjAwMC9zdmciPjwvc3ZnPg==\" style=\"--smush-placeholder-width: 640px; --smush-placeholder-aspect-ratio: 640\/426;\" \/><\/a><\/figure>\n\n\n\n<p>El Senado aprob\u00f3 el proyecto venido en revisi\u00f3n desde la C\u00e1mara de Diputados, de acuerdo con lo estipulado en el art\u00edculo 75 de la Constituci\u00f3n Nacional y en la ley 27.612 de Sostenibilidad de la Deuda P\u00fablica.<\/p>\n\n\n\n<figure class=\"wp-block-image size-full\"><a href=\"https:\/\/i0.wp.com\/elterritorialweb.com.ar\/web\/wp-content\/uploads\/2022\/03\/FB_IMG_1647572287445.jpg\"><img data-recalc-dims=\"1\" decoding=\"async\" width=\"640\" height=\"426\" data-src=\"https:\/\/i0.wp.com\/elterritorialweb.com.ar\/web\/wp-content\/uploads\/2022\/03\/FB_IMG_1647572287445.jpg?resize=640%2C426\" alt=\"\" class=\"wp-image-36980 lazyload\" data-srcset=\"https:\/\/i0.wp.com\/elterritorialweb.com.ar\/web\/wp-content\/uploads\/2022\/03\/FB_IMG_1647572287445.jpg?w=720&amp;ssl=1 720w, https:\/\/i0.wp.com\/elterritorialweb.com.ar\/web\/wp-content\/uploads\/2022\/03\/FB_IMG_1647572287445.jpg?resize=300%2C200&amp;ssl=1 300w\" data-sizes=\"(max-width: 640px) 100vw, 640px\" src=\"data:image\/svg+xml;base64,PHN2ZyB3aWR0aD0iMSIgaGVpZ2h0PSIxIiB4bWxucz0iaHR0cDovL3d3dy53My5vcmcvMjAwMC9zdmciPjwvc3ZnPg==\" style=\"--smush-placeholder-width: 640px; --smush-placeholder-aspect-ratio: 640\/426;\" \/><\/a><\/figure>\n\n\n\n<p>En el segundo art\u00edculo, se dispone que el Poder Ejecutivo Nacional, en uso de sus facultades, suscribir\u00e1 los instrumentos necesarios para dar cumplimiento a lo establecido en el texto de la norma.<\/p>\n","protected":false},"excerpt":{"rendered":"<p>La presidenta provisional del Senado la Dra. Claudia Zamora, particip\u00f3 de la sesi\u00f3n en la que el Senado aprob\u00f3 las operaciones de cr\u00e9dito p\u00fablico contenidas en el Programa de Facilidades para refinanciar la deuda con el FMI<\/p>\n","protected":false},"author":2,"featured_media":36978,"comment_status":"open","ping_status":"open","sticky":false,"template":"","format":"standard","meta":{"om_disable_all_campaigns":false,"_monsterinsights_skip_tracking":false,"_monsterinsights_sitenote_active":false,"_monsterinsights_sitenote_note":"","_monsterinsights_sitenote_category":0,"_uf_show_specific_survey":0,"_uf_disable_surveys":false,"jetpack_post_was_ever_published":false,"_jetpack_newsletter_access":"","_jetpack_dont_email_post_to_subs":false,"_jetpack_newsletter_tier_id":0,"_jetpack_memberships_contains_paywalled_content":false,"_jetpack_memberships_contains_paid_content":false,"footnotes":"","jetpack_publicize_message":"","jetpack_publicize_feature_enabled":true,"jetpack_social_post_already_shared":false,"jetpack_social_options":{"image_generator_settings":{"template":"highway","default_image_id":0,"font":"","enabled":false},"version":2}},"categories":[18],"tags":[],"class_list":["post-36977","post","type-post","status-publish","format-standard","has-post-thumbnail","hentry","category-politica"],"aioseo_notices":[],"views":8,"jetpack_publicize_connections":[],"jetpack_featured_media_url":"https:\/\/i0.wp.com\/elterritorialweb.com.ar\/web\/wp-content\/uploads\/2022\/03\/FB_IMG_1647572284923.jpg?fit=720%2C480&ssl=1","jetpack_sharing_enabled":true,"_links":{"self":[{"href":"https:\/\/elterritorialweb.com.ar\/web\/wp-json\/wp\/v2\/posts\/36977","targetHints":{"allow":["GET"]}}],"collection":[{"href":"https:\/\/elterritorialweb.com.ar\/web\/wp-json\/wp\/v2\/posts"}],"about":[{"href":"https:\/\/elterritorialweb.com.ar\/web\/wp-json\/wp\/v2\/types\/post"}],"author":[{"embeddable":true,"href":"https:\/\/elterritorialweb.com.ar\/web\/wp-json\/wp\/v2\/users\/2"}],"replies":[{"embeddable":true,"href":"https:\/\/elterritorialweb.com.ar\/web\/wp-json\/wp\/v2\/comments?post=36977"}],"version-history":[{"count":1,"href":"https:\/\/elterritorialweb.com.ar\/web\/wp-json\/wp\/v2\/posts\/36977\/revisions"}],"predecessor-version":[{"id":36981,"href":"https:\/\/elterritorialweb.com.ar\/web\/wp-json\/wp\/v2\/posts\/36977\/revisions\/36981"}],"wp:featuredmedia":[{"embeddable":true,"href":"https:\/\/elterritorialweb.com.ar\/web\/wp-json\/wp\/v2\/media\/36978"}],"wp:attachment":[{"href":"https:\/\/elterritorialweb.com.ar\/web\/wp-json\/wp\/v2\/media?parent=36977"}],"wp:term":[{"taxonomy":"category","embeddable":true,"href":"https:\/\/elterritorialweb.com.ar\/web\/wp-json\/wp\/v2\/categories?post=36977"},{"taxonomy":"post_tag","embeddable":true,"href":"https:\/\/elterritorialweb.com.ar\/web\/wp-json\/wp\/v2\/tags?post=36977"}],"curies":[{"name":"wp","href":"https:\/\/api.w.org\/{rel}","templated":true}]}}