{"id":36982,"date":"2022-03-18T12:00:03","date_gmt":"2022-03-18T12:00:03","guid":{"rendered":"http:\/\/elterritorialweb.com.ar\/web\/?p=36982"},"modified":"2022-03-18T12:19:40","modified_gmt":"2022-03-18T12:19:40","slug":"el-teatro-vuelve-a-brillar-en-el-escenario-del-paraninfo-unse","status":"publish","type":"post","link":"https:\/\/elterritorialweb.com.ar\/web\/el-teatro-vuelve-a-brillar-en-el-escenario-del-paraninfo-unse\/","title":{"rendered":"EL TEATRO VUELVE A BRILLAR EN EL ESCENARIO DEL PARANINFO UNSE"},"content":{"rendered":"\n<p>El Paraninfo Fray Francisco de Victoria volver\u00e1 a brillar el 25, 26 y 27 de marzo, cuando suban a escena las obras del Ciclo Teatral por el D\u00eda Mundial del Teatro.<\/p>\n\n\n\n<p>Vuelven las luces, el sonido, los colores del teatro y la magia del encuentro con el p\u00fablico.<\/p>\n\n\n\n<p>El responsable de la sala y organizador de este evento cultural, Fabi\u00e1n \u00c1valos transmiti\u00f3 con alegr\u00eda la esperada noticia del regreso del teatro al Paraninfo, luego de una emergencia sanitaria que no permiti\u00f3 el desarrollo normal de la actividad.<\/p>\n\n\n\n<p>Adem\u00e1s, invit\u00f3 a toda la comunidad a todas las actividades organizadas en este marco.<\/p>\n\n\n\n<p><strong>\u00bfCu\u00e1l es la programaci\u00f3n?<\/strong><\/p>\n\n\n\n<p><strong><u>Viernes 25 de marzo:<\/u><\/strong><\/p>\n\n\n\n<p>20 hs: \u201cLas primas Santiague\u00f1as Pand\u00e9micas\u201d (comedia))<\/p>\n\n\n\n<p>21hs: Presentaci\u00f3n de libro (Edunse)<\/p>\n\n\n\n<p>22 hs. \u201cEllas\u201d (teatro-danza)<\/p>\n\n\n\n<p><strong><u>S\u00e1bado 26 de marzo<\/u><\/strong><\/p>\n\n\n\n<p>20 hs: \u201cC\u00f3mo estar\u00e1n mis Helechos\u201d (unipersonal dram\u00e1tico)<\/p>\n\n\n\n<p>22 hs: \u201cPor Ella Eva\u201d (Unipersonal dram\u00e1tico).<\/p>\n\n\n\n<p>23.30 hs: Lectura mensaje anual por el D\u00eda Internacional del Teatro.<\/p>\n\n\n\n<p><strong><u>Domingo 27 de marzo<\/u><\/strong><\/p>\n\n\n\n<p>18 hs: \u201cLas aventuras de Jorgito\u201d (t\u00edteres para ni\u00f1os)<\/p>\n\n\n\n<p>20 hs: \u201cEl Patio de Atr\u00e1s\u201d (comedia dram\u00e1tica)<\/p>\n\n\n\n<p><strong>\u00bfPor qu\u00e9 se eligi\u00f3 ese d\u00eda?<\/strong><\/p>\n\n\n\n<p>En Francia desde 1954 el Teatro de las Naciones de Par\u00eds comenzaba su temporada el 27 de marzo con un megaevento que buscaba alcanzar una comuni\u00f3n entre pa\u00edses despu\u00e9s de que finalizara la Segunda Guerra Mundial.<\/p>\n\n\n\n<p>Declarado de Inter\u00e9s Acad\u00e9mico por la UNSE, cuenta con el auspicio de la Secretar\u00eda de Extensi\u00f3n UNSE, Instituto Nacional del Teatro, Cultura Provincial y la coordinaci\u00f3n a cargo de Sandra Camiletti y Fabi\u00e1n Avalos.<\/p>\n\n\n\n<figure class=\"wp-block-image size-full\"><a href=\"https:\/\/i0.wp.com\/elterritorialweb.com.ar\/web\/wp-content\/uploads\/2022\/03\/IMG-20220317-WA0003.jpg\"><img data-recalc-dims=\"1\" decoding=\"async\" width=\"640\" height=\"640\" data-src=\"https:\/\/i0.wp.com\/elterritorialweb.com.ar\/web\/wp-content\/uploads\/2022\/03\/IMG-20220317-WA0003.jpg?resize=640%2C640\" alt=\"\" class=\"wp-image-36984 lazyload\" data-srcset=\"https:\/\/i0.wp.com\/elterritorialweb.com.ar\/web\/wp-content\/uploads\/2022\/03\/IMG-20220317-WA0003.jpg?w=720&amp;ssl=1 720w, https:\/\/i0.wp.com\/elterritorialweb.com.ar\/web\/wp-content\/uploads\/2022\/03\/IMG-20220317-WA0003.jpg?resize=300%2C300&amp;ssl=1 300w, https:\/\/i0.wp.com\/elterritorialweb.com.ar\/web\/wp-content\/uploads\/2022\/03\/IMG-20220317-WA0003.jpg?resize=150%2C150&amp;ssl=1 150w\" data-sizes=\"(max-width: 640px) 100vw, 640px\" src=\"data:image\/svg+xml;base64,PHN2ZyB3aWR0aD0iMSIgaGVpZ2h0PSIxIiB4bWxucz0iaHR0cDovL3d3dy53My5vcmcvMjAwMC9zdmciPjwvc3ZnPg==\" style=\"--smush-placeholder-width: 640px; --smush-placeholder-aspect-ratio: 640\/640;\" \/><\/a><\/figure>\n","protected":false},"excerpt":{"rendered":"<p>Tras la pandemia, la sala enciende sus luces para recibir a grupos independientes y sus espect\u00e1culos.<\/p>\n","protected":false},"author":2,"featured_media":36983,"comment_status":"open","ping_status":"open","sticky":false,"template":"","format":"standard","meta":{"om_disable_all_campaigns":false,"_monsterinsights_skip_tracking":false,"_monsterinsights_sitenote_active":false,"_monsterinsights_sitenote_note":"","_monsterinsights_sitenote_category":0,"_uf_show_specific_survey":0,"_uf_disable_surveys":false,"jetpack_post_was_ever_published":false,"_jetpack_newsletter_access":"","_jetpack_dont_email_post_to_subs":false,"_jetpack_newsletter_tier_id":0,"_jetpack_memberships_contains_paywalled_content":false,"_jetpack_memberships_contains_paid_content":false,"footnotes":"","jetpack_publicize_message":"","jetpack_publicize_feature_enabled":true,"jetpack_social_post_already_shared":false,"jetpack_social_options":{"image_generator_settings":{"template":"highway","default_image_id":0,"font":"","enabled":false},"version":2}},"categories":[20],"tags":[],"class_list":["post-36982","post","type-post","status-publish","format-standard","has-post-thumbnail","hentry","category-especysociales"],"aioseo_notices":[],"views":8,"jetpack_publicize_connections":[],"jetpack_featured_media_url":"https:\/\/i0.wp.com\/elterritorialweb.com.ar\/web\/wp-content\/uploads\/2022\/03\/images-3.jpeg?fit=275%2C183&ssl=1","jetpack_sharing_enabled":true,"_links":{"self":[{"href":"https:\/\/elterritorialweb.com.ar\/web\/wp-json\/wp\/v2\/posts\/36982","targetHints":{"allow":["GET"]}}],"collection":[{"href":"https:\/\/elterritorialweb.com.ar\/web\/wp-json\/wp\/v2\/posts"}],"about":[{"href":"https:\/\/elterritorialweb.com.ar\/web\/wp-json\/wp\/v2\/types\/post"}],"author":[{"embeddable":true,"href":"https:\/\/elterritorialweb.com.ar\/web\/wp-json\/wp\/v2\/users\/2"}],"replies":[{"embeddable":true,"href":"https:\/\/elterritorialweb.com.ar\/web\/wp-json\/wp\/v2\/comments?post=36982"}],"version-history":[{"count":1,"href":"https:\/\/elterritorialweb.com.ar\/web\/wp-json\/wp\/v2\/posts\/36982\/revisions"}],"predecessor-version":[{"id":36985,"href":"https:\/\/elterritorialweb.com.ar\/web\/wp-json\/wp\/v2\/posts\/36982\/revisions\/36985"}],"wp:featuredmedia":[{"embeddable":true,"href":"https:\/\/elterritorialweb.com.ar\/web\/wp-json\/wp\/v2\/media\/36983"}],"wp:attachment":[{"href":"https:\/\/elterritorialweb.com.ar\/web\/wp-json\/wp\/v2\/media?parent=36982"}],"wp:term":[{"taxonomy":"category","embeddable":true,"href":"https:\/\/elterritorialweb.com.ar\/web\/wp-json\/wp\/v2\/categories?post=36982"},{"taxonomy":"post_tag","embeddable":true,"href":"https:\/\/elterritorialweb.com.ar\/web\/wp-json\/wp\/v2\/tags?post=36982"}],"curies":[{"name":"wp","href":"https:\/\/api.w.org\/{rel}","templated":true}]}}