{"id":36987,"date":"2022-03-18T12:24:46","date_gmt":"2022-03-18T12:24:46","guid":{"rendered":"http:\/\/elterritorialweb.com.ar\/web\/?p=36987"},"modified":"2022-03-18T12:29:40","modified_gmt":"2022-03-18T12:29:40","slug":"la-banda-importante-operativo-el-municipio-en-tu-barrio","status":"publish","type":"post","link":"https:\/\/elterritorialweb.com.ar\/web\/la-banda-importante-operativo-el-municipio-en-tu-barrio\/","title":{"rendered":"LA BANDA: IMPORTANTE OPERATIVO \u00abEL MUNICIPIO EN TU BARRIO\u00bb"},"content":{"rendered":"\n<p>En la oportunidad, estuvieron presentes el viceintendente Roger Nediani; el secretario de Desarrollo Humano, Ramiro Barrera; la secretaria de Gobierno, Claudia Acu\u00f1a; el secretario de Obras P\u00fablicas, Cristian Alzamora; el secretario de Servicios P\u00fablicos, Cristian Mendoza; el subsecretario Juan Carlos Paz; la subsecretaria de Educaci\u00f3n y Cultura, Stella Maris Mirolo; la subsecretaria de Comunicaci\u00f3n, Fernanda Raschi; el director de Juntas Vecinales, Diego Torres; la directora de Desarrollo Social y Pol\u00edticas Sanitarias, Romina Mart\u00edn; la directora de la Juventud, Florencia Ledesma; el concejal Gabriel Santill\u00e1n y dem\u00e1s autoridades comunales.<\/p>\n\n\n\n<figure class=\"wp-block-image size-large\"><a href=\"https:\/\/i0.wp.com\/elterritorialweb.com.ar\/web\/wp-content\/uploads\/2022\/03\/IMG-20220317-WA0012.jpg\"><img data-recalc-dims=\"1\" decoding=\"async\" width=\"640\" height=\"423\" data-src=\"https:\/\/i0.wp.com\/elterritorialweb.com.ar\/web\/wp-content\/uploads\/2022\/03\/IMG-20220317-WA0012.jpg?resize=640%2C423\" alt=\"\" class=\"wp-image-36989 lazyload\" data-srcset=\"https:\/\/i0.wp.com\/elterritorialweb.com.ar\/web\/wp-content\/uploads\/2022\/03\/IMG-20220317-WA0012.jpg?resize=1024%2C676&amp;ssl=1 1024w, https:\/\/i0.wp.com\/elterritorialweb.com.ar\/web\/wp-content\/uploads\/2022\/03\/IMG-20220317-WA0012.jpg?resize=300%2C198&amp;ssl=1 300w, https:\/\/i0.wp.com\/elterritorialweb.com.ar\/web\/wp-content\/uploads\/2022\/03\/IMG-20220317-WA0012.jpg?resize=768%2C507&amp;ssl=1 768w, https:\/\/i0.wp.com\/elterritorialweb.com.ar\/web\/wp-content\/uploads\/2022\/03\/IMG-20220317-WA0012.jpg?w=1087&amp;ssl=1 1087w\" data-sizes=\"(max-width: 640px) 100vw, 640px\" src=\"data:image\/svg+xml;base64,PHN2ZyB3aWR0aD0iMSIgaGVpZ2h0PSIxIiB4bWxucz0iaHR0cDovL3d3dy53My5vcmcvMjAwMC9zdmciPjwvc3ZnPg==\" style=\"--smush-placeholder-width: 640px; --smush-placeholder-aspect-ratio: 640\/423;\" \/><\/a><\/figure>\n\n\n\n<p>Durante la ma\u00f1ana del jueves, personal de las diferentes \u00e1reas de la comuna ofreci\u00f3 atenci\u00f3n veterinaria, asesoramiento sobre el servicio de seguridad de Alerta Banda, controles m\u00e9dicos de diferentes especialidades, radio abierta vecinal, entrega de medicamentos, cortes de cabello, informaci\u00f3n sobre Boleto Estudiantil, nivelaci\u00f3n de calles con aporte de base, limpieza y desmalezamiento.<br>A trav\u00e9s de estos operativos el municipio busca poner a disposici\u00f3n de los vecinos los diferentes servicios de salud que se ofrecen de manera gratuita en los centros asistenciales ubicados en diferentes barrios de la ciudad.<br>Asimismo, en estas actividades se toma registro de las diferentes necesidades sociales y de infraestructura que se presenten en el sector para poder brindar soluciones m\u00e1s concretas y efectivas.<br>En este sentido, el viceintendente Nediani, indic\u00f3: \u00abSe realiz\u00f3 este importante operativo integral en el que se brindaron diferentes tipos de asistencias a los vecinos de la ciudad que participaron de las actividades y plantearon diferentes inquietudes tambi\u00e9n sobre las necesidades que hay en sector. Todo esto nos ayuda trabajar de otra manera desde el municipio, acerc\u00e1ndonos a los vecinos y brindando soluciones concretas a cada problem\u00e1tica\u201d.<\/p>\n","protected":false},"excerpt":{"rendered":"<p>La Municipalidad de La Banda a trav\u00e9s de diferentes \u00e1reas realiz\u00f3 una nueva edici\u00f3n del operativo integral denominado \u00abEl municipio en tu barrio\u00bb, el cual se llev\u00f3 a cabo en barrio Palermo en la intersecci\u00f3n de calles Misiones y Pringles.<\/p>\n","protected":false},"author":2,"featured_media":36988,"comment_status":"open","ping_status":"open","sticky":false,"template":"","format":"standard","meta":{"om_disable_all_campaigns":false,"_monsterinsights_skip_tracking":false,"_monsterinsights_sitenote_active":false,"_monsterinsights_sitenote_note":"","_monsterinsights_sitenote_category":0,"_uf_show_specific_survey":0,"_uf_disable_surveys":false,"jetpack_post_was_ever_published":false,"_jetpack_newsletter_access":"","_jetpack_dont_email_post_to_subs":false,"_jetpack_newsletter_tier_id":0,"_jetpack_memberships_contains_paywalled_content":false,"_jetpack_memberships_contains_paid_content":false,"footnotes":"","jetpack_publicize_message":"","jetpack_publicize_feature_enabled":true,"jetpack_social_post_already_shared":false,"jetpack_social_options":{"image_generator_settings":{"template":"highway","default_image_id":0,"font":"","enabled":false},"version":2}},"categories":[21],"tags":[],"class_list":["post-36987","post","type-post","status-publish","format-standard","has-post-thumbnail","hentry","category-locales"],"aioseo_notices":[],"views":12,"jetpack_publicize_connections":[],"jetpack_featured_media_url":"https:\/\/i0.wp.com\/elterritorialweb.com.ar\/web\/wp-content\/uploads\/2022\/03\/IMG-20220317-WA0011.jpg?fit=1087%2C718&ssl=1","jetpack_sharing_enabled":true,"_links":{"self":[{"href":"https:\/\/elterritorialweb.com.ar\/web\/wp-json\/wp\/v2\/posts\/36987","targetHints":{"allow":["GET"]}}],"collection":[{"href":"https:\/\/elterritorialweb.com.ar\/web\/wp-json\/wp\/v2\/posts"}],"about":[{"href":"https:\/\/elterritorialweb.com.ar\/web\/wp-json\/wp\/v2\/types\/post"}],"author":[{"embeddable":true,"href":"https:\/\/elterritorialweb.com.ar\/web\/wp-json\/wp\/v2\/users\/2"}],"replies":[{"embeddable":true,"href":"https:\/\/elterritorialweb.com.ar\/web\/wp-json\/wp\/v2\/comments?post=36987"}],"version-history":[{"count":1,"href":"https:\/\/elterritorialweb.com.ar\/web\/wp-json\/wp\/v2\/posts\/36987\/revisions"}],"predecessor-version":[{"id":36990,"href":"https:\/\/elterritorialweb.com.ar\/web\/wp-json\/wp\/v2\/posts\/36987\/revisions\/36990"}],"wp:featuredmedia":[{"embeddable":true,"href":"https:\/\/elterritorialweb.com.ar\/web\/wp-json\/wp\/v2\/media\/36988"}],"wp:attachment":[{"href":"https:\/\/elterritorialweb.com.ar\/web\/wp-json\/wp\/v2\/media?parent=36987"}],"wp:term":[{"taxonomy":"category","embeddable":true,"href":"https:\/\/elterritorialweb.com.ar\/web\/wp-json\/wp\/v2\/categories?post=36987"},{"taxonomy":"post_tag","embeddable":true,"href":"https:\/\/elterritorialweb.com.ar\/web\/wp-json\/wp\/v2\/tags?post=36987"}],"curies":[{"name":"wp","href":"https:\/\/api.w.org\/{rel}","templated":true}]}}