{"id":36993,"date":"2022-03-18T12:44:25","date_gmt":"2022-03-18T12:44:25","guid":{"rendered":"http:\/\/elterritorialweb.com.ar\/web\/?p=36993"},"modified":"2022-03-18T12:44:26","modified_gmt":"2022-03-18T12:44:26","slug":"guzman-no-pagar-implicaba-ajuste-caida-de-la-produccion-y-el-empleo","status":"publish","type":"post","link":"https:\/\/elterritorialweb.com.ar\/web\/guzman-no-pagar-implicaba-ajuste-caida-de-la-produccion-y-el-empleo\/","title":{"rendered":"GUZM\u00c1N: \u00abNO PAGAR IMPLICABA AJUSTE, CA\u00cdDA DE LA PRODUCCI\u00d3N Y EL EMPLEO\u00bb"},"content":{"rendered":"\n<p>El ministro de Econom\u00eda, Mart\u00edn Guzm\u00e1n, destac\u00f3 la madrugada de este viernes la aprobaci\u00f3n en el Senado del acuerdo con el Fondo Monetario Internacional (FMI) para reestructurar la deuda contra\u00edda por el gobierno anterior, y asegur\u00f3 que \u201cno pagar implicaba ajuste, ca\u00edda de la producci\u00f3n y el empleo\u201d.<\/p>\n\n\n\n<p><strong>\u201cNuestra responsabilidad era dar tranquilidad y certeza de rumbo\u201d<\/strong>, indic\u00f3 Guzm\u00e1n en su cuenta de la red social Twitter, al tiempo que subray\u00f3: \u201cLogramos un acuerdo radicalmente diferente de todos los que hist\u00f3ricamente se tuvieron con el FMI. No hay quita de derechos ni a trabajadores ni a jubilados\u201d.<\/p>\n\n\n\n<p>Adem\u00e1s indic\u00f3 que \u201cse expande la inversi\u00f3n en infraestructura y conocimiento\u201d, y subray\u00f3 que&nbsp;<strong>se logr\u00f3 \u201cponer por delante a los intereses de la econom\u00eda real\u201d<\/strong>.<\/p>\n\n\n\n<p>El ministro destac\u00f3 que \u201cel Congreso sancion\u00f3 con fuerza de ley el acuerdo del Gobierno Nacional con el FMI que le permitir\u00e1 al pa\u00eds refinanciar la deuda r\u00e9cord de 2018, evitando desestabilizar la econom\u00eda\u201d.<\/p>\n\n\n\n<p>Consider\u00f3 que\u00a0<strong>\u201cel resultado y el proceso son un paso firme hacia adelante en el desarrollo de la Rep\u00fablica\u201d<\/strong>, y puntualiz\u00f3 que \u201cduela lo que duela, la realidad es que el FMI est\u00e1 en Argentina desde 2018 por decisi\u00f3n del gobierno anterior\u201d.<\/p>\n\n\n\n<p>Y puso de relieve que \u201cen algo m\u00e1s de un a\u00f1o sum\u00f3 una deuda de US$ 44.500 millones en las espaldas del pueblo\u201d.<\/p>\n\n\n\n<p>\u201cPesa y mucho. Nuestra responsabilidad era construir una soluci\u00f3n\u201d, afirm\u00f3 Guzm\u00e1n, quien subray\u00f3 que \u201csin un acuerdo era imposible pagar\u201d, y remarc\u00f3 que \u201cno pagar implicaba que no hubiese financiamiento en Argentina\u201d.<\/p>\n\n\n\n<p>Adem\u00e1s asegur\u00f3 que no cerrar un acuerdo con el FMI \u201cimplicaba ca\u00edda de la producci\u00f3n, el empleo y efectos desestabilizantes sobre el tipo de cambio\u201d, y a\u00f1adi\u00f3 que \u201cimplicaba ajuste\u201d.<\/p>\n\n\n\n<p>Asimismo evalu\u00f3 que \u201cen este contexto de conflictos geopol\u00edticos que elevan la inflaci\u00f3n internacional en alimentos y energ\u00eda, es de singular importancia dar certezas en lugar de aumentar incertidumbres\u201d.<\/p>\n\n\n\n<p>\u201cTrabajamos para ello y se obtuvo un masivo respaldo.&nbsp;<strong>Nunca un acuerdo con el FMI tuvo apoyo social y pol\u00edtico federal de tal magnitud\u201d<\/strong>, afirm\u00f3 el titular del Palacio de Hacienda.<\/p>\n\n\n\n<p>En ese sentido destac\u00f3 que&nbsp;<strong>\u201cpor primera vez en la historia pas\u00f3 por el Congreso y logr\u00f3 un nivel de adhesi\u00f3n del 80%\u201d<\/strong>, y puntualiz\u00f3 que \u201ctambi\u00e9n acompa\u00f1aron sindicatos, el sector privado, universidades, movimientos sociales y la sociedad civil\u201d.<\/p>\n\n\n\n<p>\u201cAhora,&nbsp;<strong>el siguiente paso es la aprobaci\u00f3n del directorio del FMI<\/strong>. Esperamos el apoyo multilateral. Traer\u00e1 m\u00e1s estabilidad para Argentina, Am\u00e9rica Latina y el mundo\u201d, sostuvo Guzm\u00e1n.<\/p>\n","protected":false},"excerpt":{"rendered":"<p>El ministro de Econom\u00eda destac\u00f3 la aprobaci\u00f3n en el Senado del acuerdo con el FMI. \u201cNuestra responsabilidad era dar tranquilidad y certeza de rumbo\u201d, dijo.<\/p>\n","protected":false},"author":2,"featured_media":36994,"comment_status":"open","ping_status":"open","sticky":false,"template":"","format":"standard","meta":{"om_disable_all_campaigns":false,"_monsterinsights_skip_tracking":false,"_monsterinsights_sitenote_active":false,"_monsterinsights_sitenote_note":"","_monsterinsights_sitenote_category":0,"_uf_show_specific_survey":0,"_uf_disable_surveys":false,"jetpack_post_was_ever_published":false,"_jetpack_newsletter_access":"","_jetpack_dont_email_post_to_subs":false,"_jetpack_newsletter_tier_id":0,"_jetpack_memberships_contains_paywalled_content":false,"_jetpack_memberships_contains_paid_content":false,"footnotes":"","jetpack_publicize_message":"","jetpack_publicize_feature_enabled":true,"jetpack_social_post_already_shared":false,"jetpack_social_options":{"image_generator_settings":{"template":"highway","default_image_id":0,"font":"","enabled":false},"version":2}},"categories":[2],"tags":[],"class_list":["post-36993","post","type-post","status-publish","format-standard","has-post-thumbnail","hentry","category-economia"],"aioseo_notices":[],"views":6,"jetpack_publicize_connections":[],"jetpack_featured_media_url":"https:\/\/i0.wp.com\/elterritorialweb.com.ar\/web\/wp-content\/uploads\/2022\/03\/martin-guzman-fmi.jpeg?fit=1200%2C675&ssl=1","jetpack_sharing_enabled":true,"_links":{"self":[{"href":"https:\/\/elterritorialweb.com.ar\/web\/wp-json\/wp\/v2\/posts\/36993","targetHints":{"allow":["GET"]}}],"collection":[{"href":"https:\/\/elterritorialweb.com.ar\/web\/wp-json\/wp\/v2\/posts"}],"about":[{"href":"https:\/\/elterritorialweb.com.ar\/web\/wp-json\/wp\/v2\/types\/post"}],"author":[{"embeddable":true,"href":"https:\/\/elterritorialweb.com.ar\/web\/wp-json\/wp\/v2\/users\/2"}],"replies":[{"embeddable":true,"href":"https:\/\/elterritorialweb.com.ar\/web\/wp-json\/wp\/v2\/comments?post=36993"}],"version-history":[{"count":1,"href":"https:\/\/elterritorialweb.com.ar\/web\/wp-json\/wp\/v2\/posts\/36993\/revisions"}],"predecessor-version":[{"id":36995,"href":"https:\/\/elterritorialweb.com.ar\/web\/wp-json\/wp\/v2\/posts\/36993\/revisions\/36995"}],"wp:featuredmedia":[{"embeddable":true,"href":"https:\/\/elterritorialweb.com.ar\/web\/wp-json\/wp\/v2\/media\/36994"}],"wp:attachment":[{"href":"https:\/\/elterritorialweb.com.ar\/web\/wp-json\/wp\/v2\/media?parent=36993"}],"wp:term":[{"taxonomy":"category","embeddable":true,"href":"https:\/\/elterritorialweb.com.ar\/web\/wp-json\/wp\/v2\/categories?post=36993"},{"taxonomy":"post_tag","embeddable":true,"href":"https:\/\/elterritorialweb.com.ar\/web\/wp-json\/wp\/v2\/tags?post=36993"}],"curies":[{"name":"wp","href":"https:\/\/api.w.org\/{rel}","templated":true}]}}