{"id":37000,"date":"2022-03-18T20:20:23","date_gmt":"2022-03-18T20:20:23","guid":{"rendered":"http:\/\/elterritorialweb.com.ar\/web\/?p=37000"},"modified":"2022-03-18T20:20:23","modified_gmt":"2022-03-18T20:20:23","slug":"la-banda-licitacion-para-la-segunda-etapa-del-reencarpetado-de-la-avenida-belgrano","status":"publish","type":"post","link":"https:\/\/elterritorialweb.com.ar\/web\/la-banda-licitacion-para-la-segunda-etapa-del-reencarpetado-de-la-avenida-belgrano\/","title":{"rendered":"LA BANDA: LICITACI\u00d3N PARA LA SEGUNDA ETAPA DEL REENCARPETADO DE LA AVENIDA BELGRANO"},"content":{"rendered":"\n<p>Durante el acto de apertura estuvieron presentes el secretario de Obras P\u00fablicas, Planificaci\u00f3n y Desarrollo Urbano, Cristian Alzamora, y la escribana municipal Mar\u00eda Laura Tula Rizo y dem\u00e1s autoridades.<\/p>\n\n\n\n<p>Las propuestas ser\u00e1n evaluadas por los miembros de la comisi\u00f3n de adjudicaci\u00f3n, integrada por representantes de la Secretar\u00eda de Econom\u00eda y Finanzas; Escriban\u00eda Municipal; Asuntos Legales y Fiscal\u00eda Municipal, los que dar\u00e1n a conocer lo resuelto durante los pr\u00f3ximos d\u00edas.<\/p>\n\n\n\n<p>En la oportunidad, expresaron que: \u201cEsta obra es importante porque se refiere a una de las principales arterias de la ciudad, que desde su construcci\u00f3n nunca tuvo el mantenimiento que corresponde, siendo que se trata de una avenida de mucha circulaci\u00f3n vehicular, que une la zona este y oeste de la ciudad y que su pr\u00f3xima etapa es muy esperada\u201d.<\/p>\n\n\n\n<figure class=\"wp-block-image size-large\"><a href=\"https:\/\/i0.wp.com\/elterritorialweb.com.ar\/web\/wp-content\/uploads\/2022\/03\/IMG-20220318-WA0013.jpg\"><img data-recalc-dims=\"1\" decoding=\"async\" width=\"640\" height=\"360\" data-src=\"https:\/\/i0.wp.com\/elterritorialweb.com.ar\/web\/wp-content\/uploads\/2022\/03\/IMG-20220318-WA0013.jpg?resize=640%2C360\" alt=\"\" class=\"wp-image-37001 lazyload\" data-srcset=\"https:\/\/i0.wp.com\/elterritorialweb.com.ar\/web\/wp-content\/uploads\/2022\/03\/IMG-20220318-WA0013.jpg?resize=1024%2C576&amp;ssl=1 1024w, https:\/\/i0.wp.com\/elterritorialweb.com.ar\/web\/wp-content\/uploads\/2022\/03\/IMG-20220318-WA0013.jpg?resize=300%2C169&amp;ssl=1 300w, https:\/\/i0.wp.com\/elterritorialweb.com.ar\/web\/wp-content\/uploads\/2022\/03\/IMG-20220318-WA0013.jpg?resize=768%2C432&amp;ssl=1 768w, https:\/\/i0.wp.com\/elterritorialweb.com.ar\/web\/wp-content\/uploads\/2022\/03\/IMG-20220318-WA0013.jpg?w=1280&amp;ssl=1 1280w\" data-sizes=\"(max-width: 640px) 100vw, 640px\" src=\"data:image\/svg+xml;base64,PHN2ZyB3aWR0aD0iMSIgaGVpZ2h0PSIxIiB4bWxucz0iaHR0cDovL3d3dy53My5vcmcvMjAwMC9zdmciPjwvc3ZnPg==\" style=\"--smush-placeholder-width: 640px; --smush-placeholder-aspect-ratio: 640\/360;\" \/><\/a><\/figure>\n\n\n\n<p>Adem\u00e1s, dijeron que: \u201cEsta inversi\u00f3n no solamente para mejorar la calidad de vida de los vecinos sino tambi\u00e9n para contribuir a la historia de La Banda y que se realiza con fondo propios\u201d.<\/p>\n\n\n\n<p>Asimismo, afirmaron que, \u201cEsta es una obra muy importante en la ciudad que se suma al Plan de Mejoramiento de Calles que se encuentra en ejecuci\u00f3n en diferentes puntos de la ciudad, con el que se planific\u00f3 la pavimentaci\u00f3n de m\u00e1s de 100 cuadras\u201d.<\/p>\n","protected":false},"excerpt":{"rendered":"<p>En la ma\u00f1ana del jueves, Autoridades Municipales realizaron la licitaci\u00f3n p\u00fablica N\u00ba 17\/2022 con el objeto del Reencarpetado asfaltico de la Avenida Belgrano en su segunda etapa en el tramo de Av. Libertador.<\/p>\n","protected":false},"author":2,"featured_media":37002,"comment_status":"open","ping_status":"open","sticky":false,"template":"","format":"standard","meta":{"om_disable_all_campaigns":false,"_monsterinsights_skip_tracking":false,"_monsterinsights_sitenote_active":false,"_monsterinsights_sitenote_note":"","_monsterinsights_sitenote_category":0,"_uf_show_specific_survey":0,"_uf_disable_surveys":false,"jetpack_post_was_ever_published":false,"_jetpack_newsletter_access":"","_jetpack_dont_email_post_to_subs":false,"_jetpack_newsletter_tier_id":0,"_jetpack_memberships_contains_paywalled_content":false,"_jetpack_memberships_contains_paid_content":false,"footnotes":"","jetpack_publicize_message":"","jetpack_publicize_feature_enabled":true,"jetpack_social_post_already_shared":false,"jetpack_social_options":{"image_generator_settings":{"template":"highway","default_image_id":0,"font":"","enabled":false},"version":2}},"categories":[21],"tags":[],"class_list":["post-37000","post","type-post","status-publish","format-standard","has-post-thumbnail","hentry","category-locales"],"aioseo_notices":[],"views":4,"jetpack_publicize_connections":[],"jetpack_featured_media_url":"https:\/\/i0.wp.com\/elterritorialweb.com.ar\/web\/wp-content\/uploads\/2022\/03\/IMG-20220318-WA0016.jpg?fit=1600%2C1062&ssl=1","jetpack_sharing_enabled":true,"_links":{"self":[{"href":"https:\/\/elterritorialweb.com.ar\/web\/wp-json\/wp\/v2\/posts\/37000","targetHints":{"allow":["GET"]}}],"collection":[{"href":"https:\/\/elterritorialweb.com.ar\/web\/wp-json\/wp\/v2\/posts"}],"about":[{"href":"https:\/\/elterritorialweb.com.ar\/web\/wp-json\/wp\/v2\/types\/post"}],"author":[{"embeddable":true,"href":"https:\/\/elterritorialweb.com.ar\/web\/wp-json\/wp\/v2\/users\/2"}],"replies":[{"embeddable":true,"href":"https:\/\/elterritorialweb.com.ar\/web\/wp-json\/wp\/v2\/comments?post=37000"}],"version-history":[{"count":1,"href":"https:\/\/elterritorialweb.com.ar\/web\/wp-json\/wp\/v2\/posts\/37000\/revisions"}],"predecessor-version":[{"id":37003,"href":"https:\/\/elterritorialweb.com.ar\/web\/wp-json\/wp\/v2\/posts\/37000\/revisions\/37003"}],"wp:featuredmedia":[{"embeddable":true,"href":"https:\/\/elterritorialweb.com.ar\/web\/wp-json\/wp\/v2\/media\/37002"}],"wp:attachment":[{"href":"https:\/\/elterritorialweb.com.ar\/web\/wp-json\/wp\/v2\/media?parent=37000"}],"wp:term":[{"taxonomy":"category","embeddable":true,"href":"https:\/\/elterritorialweb.com.ar\/web\/wp-json\/wp\/v2\/categories?post=37000"},{"taxonomy":"post_tag","embeddable":true,"href":"https:\/\/elterritorialweb.com.ar\/web\/wp-json\/wp\/v2\/tags?post=37000"}],"curies":[{"name":"wp","href":"https:\/\/api.w.org\/{rel}","templated":true}]}}