{"id":37008,"date":"2022-03-18T22:44:55","date_gmt":"2022-03-18T22:44:55","guid":{"rendered":"http:\/\/elterritorialweb.com.ar\/web\/?p=37008"},"modified":"2022-03-18T22:44:55","modified_gmt":"2022-03-18T22:44:55","slug":"alberto-fernandez-nombro-a-pablo-mirolo-vicepresidente-de-trenes-argentinos","status":"publish","type":"post","link":"https:\/\/elterritorialweb.com.ar\/web\/alberto-fernandez-nombro-a-pablo-mirolo-vicepresidente-de-trenes-argentinos\/","title":{"rendered":"ALBERTO FERN\u00c1NDEZ NOMBR\u00d3 A PABLO MIROLO VICEPRESIDENTE DE TRENES ARGENTINOS"},"content":{"rendered":"\n<p>De este modo, el procurador Pablo Mirolo asumir\u00e1 un nuevo desaf\u00edo en su carrera pol\u00edtica al hacerse cargo del holding estatal con el objetivo de fortalecer el trabajo en toda la extensi\u00f3n de la red ferroviaria en el norte argentino, mejorar la competitividad de carga de los productores del norte, y profundizar a la recuperaci\u00f3n ferroviaria de trenes de pasajeros para las distintas provincias.<br>La presidencia de FASE demanda una gran capacidad de gesti\u00f3n e implica una fuerte responsabilidad: desde 2015 el consorcio administra la totalidad de la red ferroviaria, la infraestructura de v\u00edas y los sistemas de control de circulaci\u00f3n en Argentina; as\u00ed como todos los trenes del pa\u00eds, desde el Belgrano Cargas y el Ferrocarril Mitre hasta los destinados a la carga de la producci\u00f3n. Adem\u00e1s, FASE coordina la labor de las distintas unidades espec\u00edficas responsables de la infraestructura ferroviaria y la prestaci\u00f3n de los servicios de pasajeros, de cargas y log\u00edsticos; y es responsable de la modernizaci\u00f3n y capacitaci\u00f3n de m\u00e1s de 20 mil empleados en toda la Argentina.<br>Sobre su designaci\u00f3n, Mirolo, expres\u00f3: \u00abEl presidente me ha convocado para que me ocupe de un tema muy importante para muchos argentinos que son los ferrocarriles, que atraviesan todo el pa\u00eds, nuestra provincia y nuestra ciudad; y que son un factor fundamental para el transporte de la gente y para todos aquellos que se dedican a producir\u201d.<br>Agreg\u00f3: \u00abAgradezco al presidente este ofrecimiento y al querido amigo Sergio Massa, que me alent\u00f3 a aceptar este desaf\u00edo. Es un orgullo que hayan pensado en m\u00ed para semejante responsabilidad\u201d.<br>Sobre la ciudad de La Banda, expres\u00f3: \u201cLuego de casi 8 a\u00f1os de gesti\u00f3n, La Banda va a quedar en manos de mi amigo y compa\u00f1ero viceintendente, Roger Nediani. Venimos trabajando juntos hace muchos a\u00f1os y hemos compartido las grandes decisiones estrat\u00e9gicas sobre el futuro de la ciudad. Es un hombre muy activo, muy comprometido, y que le pone el cuerpo permanentemente a los problemas. Va a ser un gran intendente\u201d.<br>\u201cQuiero agradecer a todos y todas los vecinos por haberme apoyado en toda mi tarea, que siempre desempe\u00f1\u00e9 con honestidad y compromiso. A mi familia, a mi compa\u00f1era de la vida, Valeria, a nuestros dos hijos, a mis padres, a mi hermana y a todo mi equipo de trabajo de estos 8 a\u00f1os de gesti\u00f3n, que me acompa\u00f1\u00f3 en cada una de las decisiones para el bien de la gente. Gracias a todos ellos llegu\u00e9 hasta aqu\u00ed, y para m\u00ed nada tiene sentido sin ellos\u00bb finaliz\u00f3.<\/p>\n","protected":false},"excerpt":{"rendered":"<p>En el marco de su visita oficial a Tucum\u00e1n, el presidente Alberto Fern\u00e1ndez design\u00f3 al actual intendente de la ciudad de La Banda y referente del Frente Renovador, Pablo Mirolo, como nuevo vicepresidente de Ferrocarriles Argentinos Sociedad del Estado (FASE).<\/p>\n","protected":false},"author":2,"featured_media":37009,"comment_status":"open","ping_status":"open","sticky":false,"template":"","format":"standard","meta":{"om_disable_all_campaigns":false,"_monsterinsights_skip_tracking":false,"_monsterinsights_sitenote_active":false,"_monsterinsights_sitenote_note":"","_monsterinsights_sitenote_category":0,"_uf_show_specific_survey":0,"_uf_disable_surveys":false,"jetpack_post_was_ever_published":false,"_jetpack_newsletter_access":"","_jetpack_dont_email_post_to_subs":false,"_jetpack_newsletter_tier_id":0,"_jetpack_memberships_contains_paywalled_content":false,"_jetpack_memberships_contains_paid_content":false,"footnotes":"","jetpack_publicize_message":"","jetpack_publicize_feature_enabled":true,"jetpack_social_post_already_shared":false,"jetpack_social_options":{"image_generator_settings":{"template":"highway","default_image_id":0,"font":"","enabled":false},"version":2}},"categories":[18],"tags":[],"class_list":["post-37008","post","type-post","status-publish","format-standard","has-post-thumbnail","hentry","category-politica"],"aioseo_notices":[],"views":13,"jetpack_publicize_connections":[],"jetpack_featured_media_url":"https:\/\/i0.wp.com\/elterritorialweb.com.ar\/web\/wp-content\/uploads\/2022\/03\/IMG-20220318-WA0020.jpg?fit=1280%2C853&ssl=1","jetpack_sharing_enabled":true,"_links":{"self":[{"href":"https:\/\/elterritorialweb.com.ar\/web\/wp-json\/wp\/v2\/posts\/37008","targetHints":{"allow":["GET"]}}],"collection":[{"href":"https:\/\/elterritorialweb.com.ar\/web\/wp-json\/wp\/v2\/posts"}],"about":[{"href":"https:\/\/elterritorialweb.com.ar\/web\/wp-json\/wp\/v2\/types\/post"}],"author":[{"embeddable":true,"href":"https:\/\/elterritorialweb.com.ar\/web\/wp-json\/wp\/v2\/users\/2"}],"replies":[{"embeddable":true,"href":"https:\/\/elterritorialweb.com.ar\/web\/wp-json\/wp\/v2\/comments?post=37008"}],"version-history":[{"count":1,"href":"https:\/\/elterritorialweb.com.ar\/web\/wp-json\/wp\/v2\/posts\/37008\/revisions"}],"predecessor-version":[{"id":37010,"href":"https:\/\/elterritorialweb.com.ar\/web\/wp-json\/wp\/v2\/posts\/37008\/revisions\/37010"}],"wp:featuredmedia":[{"embeddable":true,"href":"https:\/\/elterritorialweb.com.ar\/web\/wp-json\/wp\/v2\/media\/37009"}],"wp:attachment":[{"href":"https:\/\/elterritorialweb.com.ar\/web\/wp-json\/wp\/v2\/media?parent=37008"}],"wp:term":[{"taxonomy":"category","embeddable":true,"href":"https:\/\/elterritorialweb.com.ar\/web\/wp-json\/wp\/v2\/categories?post=37008"},{"taxonomy":"post_tag","embeddable":true,"href":"https:\/\/elterritorialweb.com.ar\/web\/wp-json\/wp\/v2\/tags?post=37008"}],"curies":[{"name":"wp","href":"https:\/\/api.w.org\/{rel}","templated":true}]}}