{"id":37011,"date":"2022-03-18T23:01:34","date_gmt":"2022-03-18T23:01:34","guid":{"rendered":"http:\/\/elterritorialweb.com.ar\/web\/?p=37011"},"modified":"2022-03-18T23:01:35","modified_gmt":"2022-03-18T23:01:35","slug":"roger-nediani-asumira-como-nuevo-intendente-de-la-banda","status":"publish","type":"post","link":"https:\/\/elterritorialweb.com.ar\/web\/roger-nediani-asumira-como-nuevo-intendente-de-la-banda\/","title":{"rendered":"ROGER NEDIANI ASUMIR\u00c1 COMO NUEVO INTENDENTE DE LA BANDA"},"content":{"rendered":"\n<p>Sobre esta nueva responsabilidad, Nediani, declar\u00f3: \u00abMe siento orgulloso de haber sido convocado para continuar con la gran gesti\u00f3n que ven\u00eda haciendo Pablo Mirolo como intendente. Todos podemos ver en el cotidiano las grandes transformaciones que se han hecho en estos 8 a\u00f1os, y por eso la gente lo reeligi\u00f3 para un nuevo per\u00edodo. Es una gran responsabilidad para m\u00ed completar su mandato, dejando \u00e9l una vara tan alta. Espero estar a la altura de las circunstancias.<br>Pero al mismo tiempo me siento un poco triste porque no vamos a poder seguir compartiendo el trabajo cotidiano, codo a codo con Pablo. Despu\u00e9s de tantos a\u00f1os de vernos y hablar todos los d\u00edas sobre los problemas de la ciudad, sinceramente en lo personal lo voy a extra\u00f1ar. Siempre le agradecer\u00e9 que me haya elegido como su compa\u00f1ero de f\u00f3rmula hace 4 a\u00f1os\u00bb.<br>Agreg\u00f3: \u00abPara los bande\u00f1os, que el presidente de la Naci\u00f3n lo haya convocado para ocuparse de los ferrocarriles argentinos, no solo es un gran reconocimiento personal para \u00e9l, sino que eso tambi\u00e9n muestra c\u00f3mo lo tienen en cuenta en Buenos Aires a Pablo por su capacidad de gesti\u00f3n. Una gesti\u00f3n honesta, comprometida, que tiene la primera escuela primaria y secundaria de toda la provincia, que tiene los mejores jardines de primera infancia, que tiene el boleto estudiantil, que tiene las mejores salas de salud, que va a tener la primera escuela de rob\u00f3tica de toda la provincia, porque siempre miramos al futuro. Con todos esos antecedentes, lo vuelven una persona excepcional para el nuevo puesto en un tema tan trascendente\u00bb.<br>Finalmente se\u00f1al\u00f3: \u00abPor mi lado, voy a trabajar con la misma impronta que llevaba Pablo Mirolo, manteniendo el mismo equipo y con los mismos planes hasta terminar el mandato. Hay muchas obras en marcha, de modo que lo importante es seguir d\u00e1ndole impulso a lo que ya est\u00e1 planificado.\u00bb.<br>Nediani anunci\u00f3 tambi\u00e9n que en conversaci\u00f3n con el Alberto Fern\u00e1ndez, acordaron que en el marco de la pr\u00f3xima visita a las de Capitales Alternas el presidente visite la ciudad de La Banda.<\/p>\n","protected":false},"excerpt":{"rendered":"<p>El ingeniero Roger Nediani asumir\u00e1 el cargo de intendente de la ciudad de La Banda tras conocerse la designaci\u00f3n de Pablo Mirolo como nuevo Vicepresidente de Ferrocarriles Argentinos Sociedad del Estado (FASE). <\/p>\n","protected":false},"author":2,"featured_media":37012,"comment_status":"open","ping_status":"open","sticky":false,"template":"","format":"standard","meta":{"om_disable_all_campaigns":false,"_monsterinsights_skip_tracking":false,"_monsterinsights_sitenote_active":false,"_monsterinsights_sitenote_note":"","_monsterinsights_sitenote_category":0,"_uf_show_specific_survey":0,"_uf_disable_surveys":false,"jetpack_post_was_ever_published":false,"_jetpack_newsletter_access":"","_jetpack_dont_email_post_to_subs":false,"_jetpack_newsletter_tier_id":0,"_jetpack_memberships_contains_paywalled_content":false,"_jetpack_memberships_contains_paid_content":false,"footnotes":"","jetpack_publicize_message":"","jetpack_publicize_feature_enabled":true,"jetpack_social_post_already_shared":false,"jetpack_social_options":{"image_generator_settings":{"template":"highway","default_image_id":0,"font":"","enabled":false},"version":2}},"categories":[21],"tags":[],"class_list":["post-37011","post","type-post","status-publish","format-standard","has-post-thumbnail","hentry","category-locales"],"aioseo_notices":[],"views":16,"jetpack_publicize_connections":[],"jetpack_featured_media_url":"https:\/\/i0.wp.com\/elterritorialweb.com.ar\/web\/wp-content\/uploads\/2022\/03\/nTwvZI_o_400x400.jpg?fit=306%2C306&ssl=1","jetpack_sharing_enabled":true,"_links":{"self":[{"href":"https:\/\/elterritorialweb.com.ar\/web\/wp-json\/wp\/v2\/posts\/37011","targetHints":{"allow":["GET"]}}],"collection":[{"href":"https:\/\/elterritorialweb.com.ar\/web\/wp-json\/wp\/v2\/posts"}],"about":[{"href":"https:\/\/elterritorialweb.com.ar\/web\/wp-json\/wp\/v2\/types\/post"}],"author":[{"embeddable":true,"href":"https:\/\/elterritorialweb.com.ar\/web\/wp-json\/wp\/v2\/users\/2"}],"replies":[{"embeddable":true,"href":"https:\/\/elterritorialweb.com.ar\/web\/wp-json\/wp\/v2\/comments?post=37011"}],"version-history":[{"count":1,"href":"https:\/\/elterritorialweb.com.ar\/web\/wp-json\/wp\/v2\/posts\/37011\/revisions"}],"predecessor-version":[{"id":37013,"href":"https:\/\/elterritorialweb.com.ar\/web\/wp-json\/wp\/v2\/posts\/37011\/revisions\/37013"}],"wp:featuredmedia":[{"embeddable":true,"href":"https:\/\/elterritorialweb.com.ar\/web\/wp-json\/wp\/v2\/media\/37012"}],"wp:attachment":[{"href":"https:\/\/elterritorialweb.com.ar\/web\/wp-json\/wp\/v2\/media?parent=37011"}],"wp:term":[{"taxonomy":"category","embeddable":true,"href":"https:\/\/elterritorialweb.com.ar\/web\/wp-json\/wp\/v2\/categories?post=37011"},{"taxonomy":"post_tag","embeddable":true,"href":"https:\/\/elterritorialweb.com.ar\/web\/wp-json\/wp\/v2\/tags?post=37011"}],"curies":[{"name":"wp","href":"https:\/\/api.w.org\/{rel}","templated":true}]}}