{"id":37014,"date":"2022-03-18T23:31:19","date_gmt":"2022-03-18T23:31:19","guid":{"rendered":"http:\/\/elterritorialweb.com.ar\/web\/?p=37014"},"modified":"2022-03-18T23:31:20","modified_gmt":"2022-03-18T23:31:20","slug":"el-gobernador-entrego-770-tablets-a-estudiantes-de-15-colegios-del-departamento-rio-hondo","status":"publish","type":"post","link":"https:\/\/elterritorialweb.com.ar\/web\/el-gobernador-entrego-770-tablets-a-estudiantes-de-15-colegios-del-departamento-rio-hondo\/","title":{"rendered":"EL GOBERNADOR ENTREG\u00d3 770 TABLETS A ESTUDIANTES DE 15 COLEGIOS DEL DEPARTAMENTO R\u00cdO HONDO"},"content":{"rendered":"\n<p>Ratific\u00f3 la decisi\u00f3n pol\u00edtica de seguir invirtiendo para desarrollar la econom\u00eda del conocimiento, como la base para el futuro de Santiago.<\/p>\n\n\n\n<p>A dos semanas de haberse iniciado el ciclo lectivo 2022 y como parte del programa provincial Metas Digitales, el gobernador Gerardo Zamora realiz\u00f3 este viernes por la tarde la entrega de tablets a 770 estudiantes que cursan el \u00faltimo a\u00f1o en 15 establecimientos del Nivel Medio ubicados en la ciudad de Las Termas y en distintas localidades del departamento R\u00edo Hondo.<\/p>\n\n\n\n<figure class=\"wp-block-image size-full\"><a href=\"https:\/\/i0.wp.com\/elterritorialweb.com.ar\/web\/wp-content\/uploads\/2022\/03\/FB_IMG_1647645471154.jpg\"><img data-recalc-dims=\"1\" decoding=\"async\" width=\"607\" height=\"1024\" data-src=\"https:\/\/i0.wp.com\/elterritorialweb.com.ar\/web\/wp-content\/uploads\/2022\/03\/FB_IMG_1647645471154.jpg?resize=607%2C1024\" alt=\"\" class=\"wp-image-37017 lazyload\" data-srcset=\"https:\/\/i0.wp.com\/elterritorialweb.com.ar\/web\/wp-content\/uploads\/2022\/03\/FB_IMG_1647645471154.jpg?w=607&amp;ssl=1 607w, https:\/\/i0.wp.com\/elterritorialweb.com.ar\/web\/wp-content\/uploads\/2022\/03\/FB_IMG_1647645471154.jpg?resize=178%2C300&amp;ssl=1 178w\" data-sizes=\"(max-width: 607px) 100vw, 607px\" src=\"data:image\/svg+xml;base64,PHN2ZyB3aWR0aD0iMSIgaGVpZ2h0PSIxIiB4bWxucz0iaHR0cDovL3d3dy53My5vcmcvMjAwMC9zdmciPjwvc3ZnPg==\" style=\"--smush-placeholder-width: 607px; --smush-placeholder-aspect-ratio: 607\/1024;\" \/><\/a><\/figure>\n\n\n\n<p><br>El acto fue realizado en el Centro Cultural General San Mart\u00edn de la ciudad tur\u00edstica, donde tambi\u00e9n estuvieron el vicegobernador Carlos Silva Neder; la ministra de Educaci\u00f3n, Mariela Nassif; el intendente Jorge Mukdise, entre otros funcionarios provinciales y municipales de la zona.<\/p>\n\n\n\n<figure class=\"wp-block-image size-full\"><a href=\"https:\/\/i0.wp.com\/elterritorialweb.com.ar\/web\/wp-content\/uploads\/2022\/03\/FB_IMG_1647645482423-1.jpg\"><img data-recalc-dims=\"1\" decoding=\"async\" width=\"640\" height=\"426\" data-src=\"https:\/\/i0.wp.com\/elterritorialweb.com.ar\/web\/wp-content\/uploads\/2022\/03\/FB_IMG_1647645482423-1.jpg?resize=640%2C426\" alt=\"\" class=\"wp-image-37018 lazyload\" data-srcset=\"https:\/\/i0.wp.com\/elterritorialweb.com.ar\/web\/wp-content\/uploads\/2022\/03\/FB_IMG_1647645482423-1.jpg?w=721&amp;ssl=1 721w, https:\/\/i0.wp.com\/elterritorialweb.com.ar\/web\/wp-content\/uploads\/2022\/03\/FB_IMG_1647645482423-1.jpg?resize=300%2C200&amp;ssl=1 300w\" data-sizes=\"(max-width: 640px) 100vw, 640px\" src=\"data:image\/svg+xml;base64,PHN2ZyB3aWR0aD0iMSIgaGVpZ2h0PSIxIiB4bWxucz0iaHR0cDovL3d3dy53My5vcmcvMjAwMC9zdmciPjwvc3ZnPg==\" style=\"--smush-placeholder-width: 640px; --smush-placeholder-aspect-ratio: 640\/426;\" \/><\/a><\/figure>\n\n\n\n<p>Ante una sala colmada de alumnos y docentes, el gobernador destac\u00f3 la trascendencia de este programa que tiene previsto impactar este a\u00f1o en m\u00e1s de 13 mil estudiantes de toda la provincia para seguir avanzando hacia una mayor igualdad educativa mediante la distribuci\u00f3n de herramientas tecnol\u00f3gicas que faciliten el acceso a la informaci\u00f3n, estimulen las capacidades innovativas y generen oportunidades para todos.<\/p>\n\n\n\n<figure class=\"wp-block-image size-full\"><a href=\"https:\/\/i0.wp.com\/elterritorialweb.com.ar\/web\/wp-content\/uploads\/2022\/03\/FB_IMG_1647645479506.jpg\"><img data-recalc-dims=\"1\" decoding=\"async\" width=\"640\" height=\"461\" data-src=\"https:\/\/i0.wp.com\/elterritorialweb.com.ar\/web\/wp-content\/uploads\/2022\/03\/FB_IMG_1647645479506.jpg?resize=640%2C461\" alt=\"\" class=\"wp-image-37019 lazyload\" data-srcset=\"https:\/\/i0.wp.com\/elterritorialweb.com.ar\/web\/wp-content\/uploads\/2022\/03\/FB_IMG_1647645479506.jpg?w=720&amp;ssl=1 720w, https:\/\/i0.wp.com\/elterritorialweb.com.ar\/web\/wp-content\/uploads\/2022\/03\/FB_IMG_1647645479506.jpg?resize=300%2C216&amp;ssl=1 300w\" data-sizes=\"(max-width: 640px) 100vw, 640px\" src=\"data:image\/svg+xml;base64,PHN2ZyB3aWR0aD0iMSIgaGVpZ2h0PSIxIiB4bWxucz0iaHR0cDovL3d3dy53My5vcmcvMjAwMC9zdmciPjwvc3ZnPg==\" style=\"--smush-placeholder-width: 640px; --smush-placeholder-aspect-ratio: 640\/461;\" \/><\/a><\/figure>\n\n\n\n<p>En este proceso \u2013resalt\u00f3 Zamora- que es fundamental el servicio de internet gratuito en cada rinc\u00f3n de la provincia, para lo cual el Gobierno sigue trabajando en la extensi\u00f3n de fibra \u00f3ptica con servicio de banda ancha para llegar a escuelas y dem\u00e1s organismos p\u00fablicos.<br>Tambi\u00e9n puso \u00e9nfasis en la l\u00ednea del programa Metas que ofrece fondos no reintegrables y cr\u00e9ditos blandos para los j\u00f3venes de 15 a 25 a\u00f1os y de 26 a 35, con el objetivo de apoyar las ideas innovativas y sustentables, que generen desarrollo a partir del conocimiento.<\/p>\n\n\n\n<figure class=\"wp-block-image size-full\"><a href=\"https:\/\/i0.wp.com\/elterritorialweb.com.ar\/web\/wp-content\/uploads\/2022\/03\/FB_IMG_1647645485231.jpg\"><img data-recalc-dims=\"1\" decoding=\"async\" width=\"640\" height=\"427\" data-src=\"https:\/\/i0.wp.com\/elterritorialweb.com.ar\/web\/wp-content\/uploads\/2022\/03\/FB_IMG_1647645485231.jpg?resize=640%2C427\" alt=\"\" class=\"wp-image-37020 lazyload\" data-srcset=\"https:\/\/i0.wp.com\/elterritorialweb.com.ar\/web\/wp-content\/uploads\/2022\/03\/FB_IMG_1647645485231.jpg?w=720&amp;ssl=1 720w, https:\/\/i0.wp.com\/elterritorialweb.com.ar\/web\/wp-content\/uploads\/2022\/03\/FB_IMG_1647645485231.jpg?resize=300%2C200&amp;ssl=1 300w\" data-sizes=\"(max-width: 640px) 100vw, 640px\" src=\"data:image\/svg+xml;base64,PHN2ZyB3aWR0aD0iMSIgaGVpZ2h0PSIxIiB4bWxucz0iaHR0cDovL3d3dy53My5vcmcvMjAwMC9zdmciPjwvc3ZnPg==\" style=\"--smush-placeholder-width: 640px; --smush-placeholder-aspect-ratio: 640\/427;\" \/><\/a><\/figure>\n\n\n\n<p>Antes de finalizar su mensaje, el mandatario santiague\u00f1o destac\u00f3 el \u00e9xito de la campa\u00f1a de vacunaci\u00f3n contra el covid y la respuesta masiva de los j\u00f3venes y adolescentes que en su mayor\u00eda ya cuentan con las dosis correspondientes.<br>No obstante, llam\u00f3 a todos los santiague\u00f1os a seguir cuid\u00e1ndose y a completar el esquema para volver a normalidad lo antes posible y continuar trabajando para el crecimiento de la provincia.<\/p>\n\n\n\n<figure class=\"wp-block-image size-full\"><a href=\"https:\/\/i0.wp.com\/elterritorialweb.com.ar\/web\/wp-content\/uploads\/2022\/03\/FB_IMG_1647645488382.jpg\"><img data-recalc-dims=\"1\" decoding=\"async\" width=\"640\" height=\"426\" data-src=\"https:\/\/i0.wp.com\/elterritorialweb.com.ar\/web\/wp-content\/uploads\/2022\/03\/FB_IMG_1647645488382.jpg?resize=640%2C426\" alt=\"\" class=\"wp-image-37021 lazyload\" data-srcset=\"https:\/\/i0.wp.com\/elterritorialweb.com.ar\/web\/wp-content\/uploads\/2022\/03\/FB_IMG_1647645488382.jpg?w=721&amp;ssl=1 721w, https:\/\/i0.wp.com\/elterritorialweb.com.ar\/web\/wp-content\/uploads\/2022\/03\/FB_IMG_1647645488382.jpg?resize=300%2C200&amp;ssl=1 300w\" data-sizes=\"(max-width: 640px) 100vw, 640px\" src=\"data:image\/svg+xml;base64,PHN2ZyB3aWR0aD0iMSIgaGVpZ2h0PSIxIiB4bWxucz0iaHR0cDovL3d3dy53My5vcmcvMjAwMC9zdmciPjwvc3ZnPg==\" style=\"--smush-placeholder-width: 640px; --smush-placeholder-aspect-ratio: 640\/426;\" \/><\/a><\/figure>\n\n\n\n<p><strong>Colegios impactados<\/strong><div><br>En cuanto a los alumnos beneficiados en este nuevo per\u00edodo del programa Metas Digitales, pertenecen a las siguientes instituciones: Escuela T\u00e9cnica N\u00ba 7 (58); Colegio del Sesquicentenario N\u00ba 6 (158); Escuela de Comercio Ram\u00f3n G\u00f3mez Cornet (181); Instituto San Cayetano Ll45 (15); Colegio Mariano Moreno Ll66 (58); Escuela Municipal de Artes Pl\u00e1sticas (28); Instituto San Francisco Solano (30); Colegio Secundario Nuestra Se\u00f1ora de La Salette (25); Colegio Secundario Nuestra Se\u00f1ora Del Pilar sede del Agrupamiento N\u00b0 86040 de Villa R\u00edo Hondo (30); Agrupamiento N\u00b0 86033 &#8211; Escuela N\u00b0 161 de El Charco (12); Colegio Secundario Mariano \u00c1vila sede del Agrupamiento N\u00b0 86033 de El Charco (54); Instituto San Isidro El Labrador de Vinar\u00e1 (52); Escuela del Nivel Secundario de Cha\u00f1ar Pozo Arriba (12); Colegio Secundario 27 De Abril de Colonia Tinco (27); Colegio Secundario Puesto Del Retiro sede del Agrupamiento N\u00b0 86043 (30).<\/div><\/p>\n","protected":false},"excerpt":{"rendered":"<p>Se trata del Programa Metas Digitales impulsado por el gobierno provincial.<\/p>\n","protected":false},"author":2,"featured_media":37016,"comment_status":"open","ping_status":"open","sticky":false,"template":"","format":"standard","meta":{"om_disable_all_campaigns":false,"_monsterinsights_skip_tracking":false,"_monsterinsights_sitenote_active":false,"_monsterinsights_sitenote_note":"","_monsterinsights_sitenote_category":0,"_uf_show_specific_survey":0,"_uf_disable_surveys":false,"jetpack_post_was_ever_published":false,"_jetpack_newsletter_access":"","_jetpack_dont_email_post_to_subs":false,"_jetpack_newsletter_tier_id":0,"_jetpack_memberships_contains_paywalled_content":false,"_jetpack_memberships_contains_paid_content":false,"footnotes":"","jetpack_publicize_message":"","jetpack_publicize_feature_enabled":true,"jetpack_social_post_already_shared":false,"jetpack_social_options":{"image_generator_settings":{"template":"highway","default_image_id":0,"font":"","enabled":false},"version":2}},"categories":[21],"tags":[],"class_list":["post-37014","post","type-post","status-publish","format-standard","has-post-thumbnail","hentry","category-locales"],"aioseo_notices":[],"views":10,"jetpack_publicize_connections":[],"jetpack_featured_media_url":"https:\/\/i0.wp.com\/elterritorialweb.com.ar\/web\/wp-content\/uploads\/2022\/03\/FB_IMG_1647645467371.jpg?fit=720%2C480&ssl=1","jetpack_sharing_enabled":true,"_links":{"self":[{"href":"https:\/\/elterritorialweb.com.ar\/web\/wp-json\/wp\/v2\/posts\/37014","targetHints":{"allow":["GET"]}}],"collection":[{"href":"https:\/\/elterritorialweb.com.ar\/web\/wp-json\/wp\/v2\/posts"}],"about":[{"href":"https:\/\/elterritorialweb.com.ar\/web\/wp-json\/wp\/v2\/types\/post"}],"author":[{"embeddable":true,"href":"https:\/\/elterritorialweb.com.ar\/web\/wp-json\/wp\/v2\/users\/2"}],"replies":[{"embeddable":true,"href":"https:\/\/elterritorialweb.com.ar\/web\/wp-json\/wp\/v2\/comments?post=37014"}],"version-history":[{"count":1,"href":"https:\/\/elterritorialweb.com.ar\/web\/wp-json\/wp\/v2\/posts\/37014\/revisions"}],"predecessor-version":[{"id":37022,"href":"https:\/\/elterritorialweb.com.ar\/web\/wp-json\/wp\/v2\/posts\/37014\/revisions\/37022"}],"wp:featuredmedia":[{"embeddable":true,"href":"https:\/\/elterritorialweb.com.ar\/web\/wp-json\/wp\/v2\/media\/37016"}],"wp:attachment":[{"href":"https:\/\/elterritorialweb.com.ar\/web\/wp-json\/wp\/v2\/media?parent=37014"}],"wp:term":[{"taxonomy":"category","embeddable":true,"href":"https:\/\/elterritorialweb.com.ar\/web\/wp-json\/wp\/v2\/categories?post=37014"},{"taxonomy":"post_tag","embeddable":true,"href":"https:\/\/elterritorialweb.com.ar\/web\/wp-json\/wp\/v2\/tags?post=37014"}],"curies":[{"name":"wp","href":"https:\/\/api.w.org\/{rel}","templated":true}]}}