{"id":37023,"date":"2022-03-18T23:48:26","date_gmt":"2022-03-18T23:48:26","guid":{"rendered":"http:\/\/elterritorialweb.com.ar\/web\/?p=37023"},"modified":"2022-03-18T23:48:27","modified_gmt":"2022-03-18T23:48:27","slug":"en-el-cofesa-se-consensuo-mantener-las-medidas-de-cuidado-generales-para-la-prevencion-de-enfermedades-respiratorias","status":"publish","type":"post","link":"https:\/\/elterritorialweb.com.ar\/web\/en-el-cofesa-se-consensuo-mantener-las-medidas-de-cuidado-generales-para-la-prevencion-de-enfermedades-respiratorias\/","title":{"rendered":"EN EL COFESA SE CONSENSU\u00d3 MANTENER LAS MEDIDAS DE CUIDADO GENERALES PARA LA PREVENCI\u00d3N DE ENFERMEDADES RESPIRATORIAS"},"content":{"rendered":"\n<p>Adem\u00e1s, acordaron suspender la obligatoriedad del cumplimiento del distanciamiento de 2 metros.<\/p>\n\n\n\n<p>La titular de la cartera sanitaria inform\u00f3 que se consensuaron distintos aspectos de los pr\u00f3ximos pasos a seguir en cuanto a la pandemia, el marco normativo actual y la Vacunaci\u00f3n COVID-19 y antigripal.<br>Tambien tuvo lugar una videoconferencia con el Consejo Federal de H\u00e1bitat y Vivienda, Salud Mental, la Integraci\u00f3n de los Sistemas de Salud, Teleconsultas y Farmacia Hospitalaria, la Red Federal de Bio im\u00e1genes y las acciones de la Agencia Nacional de Laboratorios P\u00fablicos, entre otros temas.<\/p>\n\n\n\n<p>En el documento elaborado por los ministros y ministras se se\u00f1ala que, en Argentina, luego de 8 semanas consecutivas de descenso del n\u00famero de casos de COVID-19 ocasionada por variante Omicron, se registra un amesetamiento en la tendencia en la \u00faltima semana, se suma una detecci\u00f3n de circulaci\u00f3n temprana de un alto n\u00famero de casos de influenza, especialmente en poblaci\u00f3n pedi\u00e1trica.<\/p>\n\n\n\n<p>Existe una incertidumbre a nivel mundial acerca del comportamiento del virus SARS-CoV-2 durante los pr\u00f3ximos meses, especialmente durante el invierno del hemisferio sur (nuevas variantes, nuevos picos, co-circulaci\u00f3n con otros virus).<\/p>\n\n\n\n<p>El plan estrat\u00e9gico de vacunaci\u00f3n contra COVID-19 ha logrado avances significativos con niveles de cobertura del 90% en primera dosis y 80% de esquemas completos en la poblaci\u00f3n total, y m\u00e1s de 15.000.000 de dosis de refuerzo ya aplicadas. Sin embargo, desde finales del mes de enero de 2022 se observa un descenso progresivo en el n\u00famero de dosis aplicadas por semana y principalmente en la aplicaci\u00f3n de la dosis de refuerzo.<\/p>\n\n\n\n<p>Actualmente tenemos una poblaci\u00f3n con alta inmunidad contra SARS-CoV 2 (natural y por vacunas), pero susceptible a otros virus respiratorios que hace dos a\u00f1os no circulan o tuvieron baja circulaci\u00f3n (principalmente en ni\u00f1os que son uno de los principales transmisores de virus respiratorios).<\/p>\n\n\n\n<p>En el marco del ingreso del primer mill\u00f3n de dosis de vacuna antigripal que se distribuir\u00e1n en forma oportuna a las 24 jurisdicciones a partir del lunes 21 de marzo, para luego ser enviadas a cada centro de vacunaci\u00f3n, se acord\u00f3 el inicio de la estrategia de vacunaci\u00f3n en forma simult\u00e1nea a nivel nacional el viernes 25 de marzo.<\/p>\n\n\n\n<p>Se informa que, a partir de las reuniones de seguimiento de la situaci\u00f3n epidemiol\u00f3gica y la revisi\u00f3n de las recomendaciones, tanto el comit\u00e9 de expertos que asesora al Ministerio de Salud de la Naci\u00f3n, como la mesa de trabajo Salud Educaci\u00f3n, de la que participan la Organizaci\u00f3n Panamericana de la Salud, la Sociedad Argentina de Pediatr\u00eda y UNICEF, han recomendado:<\/p>\n\n\n\n<p>\u2022Continuar con el uso obligatorio del barbijo incluyendo los \u00e1mbitos escolares dada la \u00e9poca del a\u00f1o y la posible circulaci\u00f3n concomitante de distintos virus respiratorios.<\/p>\n\n\n\n<figure class=\"wp-block-image size-full\"><a href=\"https:\/\/i0.wp.com\/elterritorialweb.com.ar\/web\/wp-content\/uploads\/2022\/03\/FB_IMG_1647646905742.jpg\"><img data-recalc-dims=\"1\" decoding=\"async\" width=\"640\" height=\"427\" data-src=\"https:\/\/i0.wp.com\/elterritorialweb.com.ar\/web\/wp-content\/uploads\/2022\/03\/FB_IMG_1647646905742.jpg?resize=640%2C427\" alt=\"\" class=\"wp-image-37024 lazyload\" data-srcset=\"https:\/\/i0.wp.com\/elterritorialweb.com.ar\/web\/wp-content\/uploads\/2022\/03\/FB_IMG_1647646905742.jpg?w=720&amp;ssl=1 720w, https:\/\/i0.wp.com\/elterritorialweb.com.ar\/web\/wp-content\/uploads\/2022\/03\/FB_IMG_1647646905742.jpg?resize=300%2C200&amp;ssl=1 300w\" data-sizes=\"(max-width: 640px) 100vw, 640px\" src=\"data:image\/svg+xml;base64,PHN2ZyB3aWR0aD0iMSIgaGVpZ2h0PSIxIiB4bWxucz0iaHR0cDovL3d3dy53My5vcmcvMjAwMC9zdmciPjwvc3ZnPg==\" style=\"--smush-placeholder-width: 640px; --smush-placeholder-aspect-ratio: 640\/427;\" \/><\/a><\/figure>\n\n\n\n<p><em>En el Consejo Federal de Salud se consensu\u00f3:<\/em><\/p>\n\n\n\n<p>\u2022En esta etapa de transici\u00f3n ingresando en \u00e9poca invernal con circulaci\u00f3n de otros virus respiratorios e incertidumbre acerca del comportamiento de SARS-CoV-2, se reforz\u00f3 la necesidad de mantener las medidas de prevenci\u00f3n que son transversales para todos los virus respiratorios:<br>oUtilizaci\u00f3n de barbijos en espacios interiores<br>oAsegurar ventilaci\u00f3n adecuada de ambientes.<br>oLavado frecuente de manos.<br>oEvitar acudir a actividades laborales, educativas o lugares p\u00fablicos ante la presencia de s\u00edntomas.<br>oSe suspende la obligatoriedad del cumplimiento del distanciamiento de 2 metros<\/p>\n\n\n\n<p>\u2022Debido a las altas coberturas de vacunaci\u00f3n, con gran impacto en enfermedad grave y mortalidad, desde agosto de 2020 (Decreto 494\/2021), se ha priorizado como indicadores de monitoreo de la pandemia la utilizaci\u00f3n de camas de terapia intensiva y tensi\u00f3n en el sistema de salud en lugar de la incidencia de casos. En este sentido, se acuerda implementar cambios en la metodolog\u00eda de difusi\u00f3n de datos, pasando a reportes semanales<\/p>\n\n\n\n<p>\u2022Avanzar en una estrategia de transici\u00f3n para el abordaje integral de virus respiratorios en relaci\u00f3n a pol\u00edticas de diagn\u00f3stico, aislamiento, indicadores, vigilancia epidemiol\u00f3gica, entre otras, de implementaci\u00f3n federal, con fecha tentativa, en funci\u00f3n de la evoluci\u00f3n epidemiol\u00f3gica, al mes de mayo de 2022.<\/p>\n\n\n\n<p>\u2022En el marco de la campa\u00f1a de vacunaci\u00f3n antigripal,<\/p>\n\n\n\n<p>oreforzar la oportunidad de coadministraci\u00f3n con la vacuna contra COVID-19<br>ofortalecer la comunicaci\u00f3n y difusi\u00f3n sobre la importancia de aplicar la dosis de refuerzo previo al eventual aumento del n\u00famero de casos y la llegada de los meses fr\u00edos.<\/p>\n\n\n\n<p>\u2022Cambios en las medidas sanitarias de fronteras: Flexibilizaci\u00f3n de requisitos de ingreso a viajeros, transportistas y tripulantes, corredores seguros y tr\u00e1nsitos vecinales fronterizos.<\/p>\n","protected":false},"excerpt":{"rendered":"<p>La ministra de Salud, Lic. Natividad Nassif, particip\u00f3 en la jornada de hoy, de la reuni\u00f3n del Consejo Federal de Salud, en la que las ministras y ministros de Salud de todo el pa\u00eds reforzaron la necesidad de seguir utilizando el barbijo en espacios interiores y mantener los ambientes ventilados. <\/p>\n","protected":false},"author":2,"featured_media":37025,"comment_status":"open","ping_status":"open","sticky":false,"template":"","format":"standard","meta":{"om_disable_all_campaigns":false,"_monsterinsights_skip_tracking":false,"_monsterinsights_sitenote_active":false,"_monsterinsights_sitenote_note":"","_monsterinsights_sitenote_category":0,"_uf_show_specific_survey":0,"_uf_disable_surveys":false,"jetpack_post_was_ever_published":false,"_jetpack_newsletter_access":"","_jetpack_dont_email_post_to_subs":false,"_jetpack_newsletter_tier_id":0,"_jetpack_memberships_contains_paywalled_content":false,"_jetpack_memberships_contains_paid_content":false,"footnotes":"","jetpack_publicize_message":"","jetpack_publicize_feature_enabled":true,"jetpack_social_post_already_shared":false,"jetpack_social_options":{"image_generator_settings":{"template":"highway","default_image_id":0,"font":"","enabled":false},"version":2}},"categories":[3],"tags":[],"class_list":["post-37023","post","type-post","status-publish","format-standard","has-post-thumbnail","hentry","category-salud"],"aioseo_notices":[],"views":10,"jetpack_publicize_connections":[],"jetpack_featured_media_url":"https:\/\/i0.wp.com\/elterritorialweb.com.ar\/web\/wp-content\/uploads\/2022\/03\/FB_IMG_1647646908255.jpg?fit=720%2C480&ssl=1","jetpack_sharing_enabled":true,"_links":{"self":[{"href":"https:\/\/elterritorialweb.com.ar\/web\/wp-json\/wp\/v2\/posts\/37023","targetHints":{"allow":["GET"]}}],"collection":[{"href":"https:\/\/elterritorialweb.com.ar\/web\/wp-json\/wp\/v2\/posts"}],"about":[{"href":"https:\/\/elterritorialweb.com.ar\/web\/wp-json\/wp\/v2\/types\/post"}],"author":[{"embeddable":true,"href":"https:\/\/elterritorialweb.com.ar\/web\/wp-json\/wp\/v2\/users\/2"}],"replies":[{"embeddable":true,"href":"https:\/\/elterritorialweb.com.ar\/web\/wp-json\/wp\/v2\/comments?post=37023"}],"version-history":[{"count":1,"href":"https:\/\/elterritorialweb.com.ar\/web\/wp-json\/wp\/v2\/posts\/37023\/revisions"}],"predecessor-version":[{"id":37026,"href":"https:\/\/elterritorialweb.com.ar\/web\/wp-json\/wp\/v2\/posts\/37023\/revisions\/37026"}],"wp:featuredmedia":[{"embeddable":true,"href":"https:\/\/elterritorialweb.com.ar\/web\/wp-json\/wp\/v2\/media\/37025"}],"wp:attachment":[{"href":"https:\/\/elterritorialweb.com.ar\/web\/wp-json\/wp\/v2\/media?parent=37023"}],"wp:term":[{"taxonomy":"category","embeddable":true,"href":"https:\/\/elterritorialweb.com.ar\/web\/wp-json\/wp\/v2\/categories?post=37023"},{"taxonomy":"post_tag","embeddable":true,"href":"https:\/\/elterritorialweb.com.ar\/web\/wp-json\/wp\/v2\/tags?post=37023"}],"curies":[{"name":"wp","href":"https:\/\/api.w.org\/{rel}","templated":true}]}}