{"id":37027,"date":"2022-03-19T00:25:52","date_gmt":"2022-03-19T00:25:52","guid":{"rendered":"http:\/\/elterritorialweb.com.ar\/web\/?p=37027"},"modified":"2022-03-19T00:25:53","modified_gmt":"2022-03-19T00:25:53","slug":"fuentes-destaco-el-avance-del-programa-de-refuncionalizaciondel-alumbrado-con-el-sistema-led","status":"publish","type":"post","link":"https:\/\/elterritorialweb.com.ar\/web\/fuentes-destaco-el-avance-del-programa-de-refuncionalizaciondel-alumbrado-con-el-sistema-led\/","title":{"rendered":"FUENTES DESTAC\u00d3 EL AVANCE DEL PROGRAMA DE REFUNCIONALIZACI\u00d3NDEL ALUMBRADO CON EL SISTEMA LED"},"content":{"rendered":"\n<p>Las tareas incluyen la colocaci\u00f3n de 48 columnas met\u00e1licas nuevas sobre la vereda del lado este y la construcci\u00f3n de los correspondientes pilares para comando y medici\u00f3n, que garantizar\u00e1n la correcta alimentaci\u00f3n el\u00e9ctrica de las luminarias a emplear, como tambi\u00e9n la adecuada distribuci\u00f3n de las cargas y la seguridad en la operaci\u00f3n del sistema.<br>En este sentido, la jefa comunal indic\u00f3 que \u00abel plan del municipio es ir completando con iluminaci\u00f3n LED cada vez m\u00e1s accesos y corredores viales, como es esta obra de la reconversi\u00f3n de las calles Garibaldi y Lamadrid en toda su extensi\u00f3n\u00bb.<br>\u00abDando continuidad a este programa urbano que busca dotar de un nuevo sistema de iluminaci\u00f3n a las arterias m\u00e1s transitadas de la ciudad, las pr\u00f3ximas semanas se har\u00e1 lo propio en las calles Su\u00e1rez, Posadas y Viamonte, entre otras\u00bb, agreg\u00f3.<br>Adem\u00e1s, la titular del Departamento Ejecutivo municipal destac\u00f3 que \u00abla iluminaci\u00f3n LED es fundamental para ahorrar energ\u00eda el\u00e9ctrica y mejorar las condiciones ambientales y de sustentabilidad de la ciudad\u00bb.<br>En este tramo en particular, se utilizar\u00e1n artefactos nuevos de tecnolog\u00eda LED y se realizar\u00e1n las acometidas con alimentadores nuevos y con kits para alumbrado p\u00fablico, provistos cada uno de ellos con fusibles interceptores, dotando a todas las columnas de una jabalina individual de puesta a tierra.<br>Los comandos se instalar\u00e1n con medidores nuevos y se dar\u00e1n de baja los pilares existentes, procediendo al retiro de la totalidad de las columnas actuales y de cualquier sistema de iluminaci\u00f3n que hubiere prestado servicio en dicha calle.<\/p>\n","protected":false},"excerpt":{"rendered":"<p>La intendente de la Capital, Ing. Norma Fuentes, supervis\u00f3 el avance de la obra de refuncionalizaci\u00f3n del alumbrado p\u00fablico a LED de la calle Garibaldi, entre Lamadrid y Alsina; que se ejecuta en el marco del programa de mejoras lum\u00ednicas para distintos sectores de las ciudad.<\/p>\n","protected":false},"author":2,"featured_media":37028,"comment_status":"open","ping_status":"open","sticky":false,"template":"","format":"standard","meta":{"om_disable_all_campaigns":false,"_monsterinsights_skip_tracking":false,"_monsterinsights_sitenote_active":false,"_monsterinsights_sitenote_note":"","_monsterinsights_sitenote_category":0,"_uf_show_specific_survey":0,"_uf_disable_surveys":false,"jetpack_post_was_ever_published":false,"_jetpack_newsletter_access":"","_jetpack_dont_email_post_to_subs":false,"_jetpack_newsletter_tier_id":0,"_jetpack_memberships_contains_paywalled_content":false,"_jetpack_memberships_contains_paid_content":false,"footnotes":"","jetpack_publicize_message":"","jetpack_publicize_feature_enabled":true,"jetpack_social_post_already_shared":false,"jetpack_social_options":{"image_generator_settings":{"template":"highway","default_image_id":0,"font":"","enabled":false},"version":2}},"categories":[21],"tags":[],"class_list":["post-37027","post","type-post","status-publish","format-standard","has-post-thumbnail","hentry","category-locales"],"aioseo_notices":[],"views":9,"jetpack_publicize_connections":[],"jetpack_featured_media_url":"https:\/\/i0.wp.com\/elterritorialweb.com.ar\/web\/wp-content\/uploads\/2022\/03\/fuentes-obra-led-garibaldi.jpeg?fit=1124%2C750&ssl=1","jetpack_sharing_enabled":true,"_links":{"self":[{"href":"https:\/\/elterritorialweb.com.ar\/web\/wp-json\/wp\/v2\/posts\/37027","targetHints":{"allow":["GET"]}}],"collection":[{"href":"https:\/\/elterritorialweb.com.ar\/web\/wp-json\/wp\/v2\/posts"}],"about":[{"href":"https:\/\/elterritorialweb.com.ar\/web\/wp-json\/wp\/v2\/types\/post"}],"author":[{"embeddable":true,"href":"https:\/\/elterritorialweb.com.ar\/web\/wp-json\/wp\/v2\/users\/2"}],"replies":[{"embeddable":true,"href":"https:\/\/elterritorialweb.com.ar\/web\/wp-json\/wp\/v2\/comments?post=37027"}],"version-history":[{"count":1,"href":"https:\/\/elterritorialweb.com.ar\/web\/wp-json\/wp\/v2\/posts\/37027\/revisions"}],"predecessor-version":[{"id":37029,"href":"https:\/\/elterritorialweb.com.ar\/web\/wp-json\/wp\/v2\/posts\/37027\/revisions\/37029"}],"wp:featuredmedia":[{"embeddable":true,"href":"https:\/\/elterritorialweb.com.ar\/web\/wp-json\/wp\/v2\/media\/37028"}],"wp:attachment":[{"href":"https:\/\/elterritorialweb.com.ar\/web\/wp-json\/wp\/v2\/media?parent=37027"}],"wp:term":[{"taxonomy":"category","embeddable":true,"href":"https:\/\/elterritorialweb.com.ar\/web\/wp-json\/wp\/v2\/categories?post=37027"},{"taxonomy":"post_tag","embeddable":true,"href":"https:\/\/elterritorialweb.com.ar\/web\/wp-json\/wp\/v2\/tags?post=37027"}],"curies":[{"name":"wp","href":"https:\/\/api.w.org\/{rel}","templated":true}]}}