{"id":37030,"date":"2022-03-19T02:35:26","date_gmt":"2022-03-19T02:35:26","guid":{"rendered":"http:\/\/elterritorialweb.com.ar\/web\/?p=37030"},"modified":"2022-03-19T02:40:42","modified_gmt":"2022-03-19T02:40:42","slug":"los-centros-de-salud-de-la-municipalidad-participan-de-la-campana-de-colecta-de-sangre","status":"publish","type":"post","link":"https:\/\/elterritorialweb.com.ar\/web\/los-centros-de-salud-de-la-municipalidad-participan-de-la-campana-de-colecta-de-sangre\/","title":{"rendered":"LOS CENTROS DE SALUD DE LA MUNICIPALIDAD PARTICIPAN DE LA CAMPA\u00d1A DE COLECTA DE SANGRE"},"content":{"rendered":"\n<p>Al respecto, el titular de la Direcci\u00f3n de Salud, Dr. Antonio Palomo, remarc\u00f3 que \u00abla donaci\u00f3n es un proceso sencillo, r\u00e1pido y seguro que se realiza bajo la responsabilidad de un equipo de profesionales, en instalaciones especialmente acondicionadas para tal fin\u00bb.<br>Adem\u00e1s, resalt\u00f3 que \u00abla acci\u00f3n de dar sangre es importante para ayudar a los dem\u00e1s y salvar vidas, sobre todo en la actualidad, donde hay una escasez de este elemento y es importante que la poblaci\u00f3n tome conciencia sobre la necesidad de la donaci\u00f3n\u00bb.<br>Finalmente, el funcionario inform\u00f3 que las pr\u00f3ximas semanas se replicar\u00e1n estas acciones en otros centros de salud del municipio.<\/p>\n","protected":false},"excerpt":{"rendered":"<p>La Capital inform\u00f3 que, en el marco de las actividades de concientizaci\u00f3n y promoci\u00f3n que viene impulsando de forma conjunta con el Centro Provincial de Sangre, se realiz\u00f3 una nueva colecta de sangre en el Centro de Atenci\u00f3n Primaria de la Salud del barrio Los Flores.<\/p>\n","protected":false},"author":2,"featured_media":37033,"comment_status":"open","ping_status":"open","sticky":false,"template":"","format":"standard","meta":{"om_disable_all_campaigns":false,"_monsterinsights_skip_tracking":false,"_monsterinsights_sitenote_active":false,"_monsterinsights_sitenote_note":"","_monsterinsights_sitenote_category":0,"_uf_show_specific_survey":0,"_uf_disable_surveys":false,"jetpack_post_was_ever_published":false,"_jetpack_newsletter_access":"","_jetpack_dont_email_post_to_subs":false,"_jetpack_newsletter_tier_id":0,"_jetpack_memberships_contains_paywalled_content":false,"_jetpack_memberships_contains_paid_content":false,"footnotes":"","jetpack_publicize_message":"","jetpack_publicize_feature_enabled":true,"jetpack_social_post_already_shared":false,"jetpack_social_options":{"image_generator_settings":{"template":"highway","default_image_id":0,"font":"","enabled":false},"version":2}},"categories":[3],"tags":[],"class_list":["post-37030","post","type-post","status-publish","format-standard","has-post-thumbnail","hentry","category-salud"],"aioseo_notices":[],"views":11,"jetpack_publicize_connections":[],"jetpack_featured_media_url":"https:\/\/i0.wp.com\/elterritorialweb.com.ar\/web\/wp-content\/uploads\/2022\/03\/donante-de-sangre-caps2.jpg?fit=1200%2C693&ssl=1","jetpack_sharing_enabled":true,"_links":{"self":[{"href":"https:\/\/elterritorialweb.com.ar\/web\/wp-json\/wp\/v2\/posts\/37030","targetHints":{"allow":["GET"]}}],"collection":[{"href":"https:\/\/elterritorialweb.com.ar\/web\/wp-json\/wp\/v2\/posts"}],"about":[{"href":"https:\/\/elterritorialweb.com.ar\/web\/wp-json\/wp\/v2\/types\/post"}],"author":[{"embeddable":true,"href":"https:\/\/elterritorialweb.com.ar\/web\/wp-json\/wp\/v2\/users\/2"}],"replies":[{"embeddable":true,"href":"https:\/\/elterritorialweb.com.ar\/web\/wp-json\/wp\/v2\/comments?post=37030"}],"version-history":[{"count":1,"href":"https:\/\/elterritorialweb.com.ar\/web\/wp-json\/wp\/v2\/posts\/37030\/revisions"}],"predecessor-version":[{"id":37032,"href":"https:\/\/elterritorialweb.com.ar\/web\/wp-json\/wp\/v2\/posts\/37030\/revisions\/37032"}],"wp:featuredmedia":[{"embeddable":true,"href":"https:\/\/elterritorialweb.com.ar\/web\/wp-json\/wp\/v2\/media\/37033"}],"wp:attachment":[{"href":"https:\/\/elterritorialweb.com.ar\/web\/wp-json\/wp\/v2\/media?parent=37030"}],"wp:term":[{"taxonomy":"category","embeddable":true,"href":"https:\/\/elterritorialweb.com.ar\/web\/wp-json\/wp\/v2\/categories?post=37030"},{"taxonomy":"post_tag","embeddable":true,"href":"https:\/\/elterritorialweb.com.ar\/web\/wp-json\/wp\/v2\/tags?post=37030"}],"curies":[{"name":"wp","href":"https:\/\/api.w.org\/{rel}","templated":true}]}}