{"id":37035,"date":"2022-03-19T04:47:08","date_gmt":"2022-03-19T04:47:08","guid":{"rendered":"http:\/\/elterritorialweb.com.ar\/web\/?p=37035"},"modified":"2022-03-19T04:47:08","modified_gmt":"2022-03-19T04:47:08","slug":"zamora-presidio-la-presentacion-del-foro-nacional-de-turismo-2022","status":"publish","type":"post","link":"https:\/\/elterritorialweb.com.ar\/web\/zamora-presidio-la-presentacion-del-foro-nacional-de-turismo-2022\/","title":{"rendered":"ZAMORA PRESIDI\u00d3 LA PRESENTACI\u00d3N DEL FORO NACIONAL DE TURISMO 2022"},"content":{"rendered":"\n<p>Participaron autoridades nacionales y representantes del sector privado. El evento permitir\u00e1 el intercambio de experiencias y el impulso de iniciativas innovadoras.<\/p>\n\n\n\n<p>El gobernador Gerardo Zamora realiz\u00f3 este viernes por la tarde desde la ciudad de Las Termas de R\u00edo Hondo la presentaci\u00f3n del Foro Nacional de Turismo 2022, a desarrollarse del 8 al 10 de junio de este a\u00f1o en este centro tur\u00edstico con el objetivo de \u201crepensar el desarrollo sostenible de la actividad en todo el pa\u00eds\u201d.<\/p>\n\n\n\n<figure class=\"wp-block-image size-full\"><a href=\"https:\/\/i0.wp.com\/elterritorialweb.com.ar\/web\/wp-content\/uploads\/2022\/03\/FB_IMG_1647659121184.jpg\"><img data-recalc-dims=\"1\" decoding=\"async\" width=\"640\" height=\"427\" data-src=\"https:\/\/i0.wp.com\/elterritorialweb.com.ar\/web\/wp-content\/uploads\/2022\/03\/FB_IMG_1647659121184.jpg?resize=640%2C427\" alt=\"\" class=\"wp-image-37037 lazyload\" data-srcset=\"https:\/\/i0.wp.com\/elterritorialweb.com.ar\/web\/wp-content\/uploads\/2022\/03\/FB_IMG_1647659121184.jpg?w=720&amp;ssl=1 720w, https:\/\/i0.wp.com\/elterritorialweb.com.ar\/web\/wp-content\/uploads\/2022\/03\/FB_IMG_1647659121184.jpg?resize=300%2C200&amp;ssl=1 300w\" data-sizes=\"(max-width: 640px) 100vw, 640px\" src=\"data:image\/svg+xml;base64,PHN2ZyB3aWR0aD0iMSIgaGVpZ2h0PSIxIiB4bWxucz0iaHR0cDovL3d3dy53My5vcmcvMjAwMC9zdmciPjwvc3ZnPg==\" style=\"--smush-placeholder-width: 640px; --smush-placeholder-aspect-ratio: 640\/427;\" \/><\/a><\/figure>\n\n\n\n<p>Tambi\u00e9n participaron de la apertura oficial el vicegobernador Carlos Silva Neder; el presidente de la Federaci\u00f3n de C\u00e1maras de Turismo, H\u00e9ctor Vi\u00f1uales; el presidente de la C\u00e1mara de Turismo de Santiago del Estero, Miguel Figueroa; el subsecretario de Turismo de la provincia, Nelson Bravo, y el intendente Jorge Mukdise.<\/p>\n\n\n\n<p>La ceremonia se desarroll\u00f3 en el Centro Cultural General San Mart\u00edn y reuni\u00f3 a representantes del sector privado vinculado con la actividad tur\u00edstica, quienes celebraron el fuerte impulso que tuvo el sector en los \u00faltimos a\u00f1os gracias al acompa\u00f1amiento del Gobierno de la provincia con obras y acontecimientos masivos.<\/p>\n\n\n\n<p>Durante la presentaci\u00f3n, Zamora destac\u00f3 la necesidad de \u201ctener una visi\u00f3n de futuro para el pa\u00eds\u201d y la importancia de que Las Termas sea elegida sede de esta nueva edici\u00f3n del Foro Nacional de Turismo donde se puedan dise\u00f1ar estrategias innovadoras de manera conjunta entre los tres niveles del Estado y los representantes del sector privado.<\/p>\n\n\n\n<figure class=\"wp-block-image size-full\"><a href=\"https:\/\/i0.wp.com\/elterritorialweb.com.ar\/web\/wp-content\/uploads\/2022\/03\/FB_IMG_1647659123666.jpg\"><img data-recalc-dims=\"1\" decoding=\"async\" width=\"640\" height=\"427\" data-src=\"https:\/\/i0.wp.com\/elterritorialweb.com.ar\/web\/wp-content\/uploads\/2022\/03\/FB_IMG_1647659123666.jpg?resize=640%2C427\" alt=\"\" class=\"wp-image-37038 lazyload\" data-srcset=\"https:\/\/i0.wp.com\/elterritorialweb.com.ar\/web\/wp-content\/uploads\/2022\/03\/FB_IMG_1647659123666.jpg?w=720&amp;ssl=1 720w, https:\/\/i0.wp.com\/elterritorialweb.com.ar\/web\/wp-content\/uploads\/2022\/03\/FB_IMG_1647659123666.jpg?resize=300%2C200&amp;ssl=1 300w\" data-sizes=\"(max-width: 640px) 100vw, 640px\" src=\"data:image\/svg+xml;base64,PHN2ZyB3aWR0aD0iMSIgaGVpZ2h0PSIxIiB4bWxucz0iaHR0cDovL3d3dy53My5vcmcvMjAwMC9zdmciPjwvc3ZnPg==\" style=\"--smush-placeholder-width: 640px; --smush-placeholder-aspect-ratio: 640\/427;\" \/><\/a><\/figure>\n\n\n\n<p>A su turno, Vi\u00f1uales felicit\u00f3 al gobernador por la pol\u00edtica de Estado que posiciona al turismo como parte fundamental para el desarrollo sustentable.<\/p>\n\n\n\n<p>Dijo que esto queda demostrado en la transformaci\u00f3n que vive desde hace 15 a\u00f1os Las Termas de R\u00edo Hondo, que pone a Santiago del Estero como un ejemplo a imitar por parte de la C\u00e1mara Argentina de Turismo por su posicionamiento como \u00edcono del turismo en el pa\u00eds, con proyecci\u00f3n nacional e internacional.<\/p>\n","protected":false},"excerpt":{"rendered":"<p>Desde Las Termas de R\u00edo Hondo<\/p>\n","protected":false},"author":2,"featured_media":37036,"comment_status":"open","ping_status":"open","sticky":false,"template":"","format":"standard","meta":{"om_disable_all_campaigns":false,"_monsterinsights_skip_tracking":false,"_monsterinsights_sitenote_active":false,"_monsterinsights_sitenote_note":"","_monsterinsights_sitenote_category":0,"_uf_show_specific_survey":0,"_uf_disable_surveys":false,"jetpack_post_was_ever_published":false,"_jetpack_newsletter_access":"","_jetpack_dont_email_post_to_subs":false,"_jetpack_newsletter_tier_id":0,"_jetpack_memberships_contains_paywalled_content":false,"_jetpack_memberships_contains_paid_content":false,"footnotes":"","jetpack_publicize_message":"","jetpack_publicize_feature_enabled":true,"jetpack_social_post_already_shared":false,"jetpack_social_options":{"image_generator_settings":{"template":"highway","default_image_id":0,"font":"","enabled":false},"version":2}},"categories":[29],"tags":[],"class_list":["post-37035","post","type-post","status-publish","format-standard","has-post-thumbnail","hentry","category-turismo"],"aioseo_notices":[],"views":7,"jetpack_publicize_connections":[],"jetpack_featured_media_url":"https:\/\/i0.wp.com\/elterritorialweb.com.ar\/web\/wp-content\/uploads\/2022\/03\/FB_IMG_1647659118648.jpg?fit=720%2C470&ssl=1","jetpack_sharing_enabled":true,"_links":{"self":[{"href":"https:\/\/elterritorialweb.com.ar\/web\/wp-json\/wp\/v2\/posts\/37035","targetHints":{"allow":["GET"]}}],"collection":[{"href":"https:\/\/elterritorialweb.com.ar\/web\/wp-json\/wp\/v2\/posts"}],"about":[{"href":"https:\/\/elterritorialweb.com.ar\/web\/wp-json\/wp\/v2\/types\/post"}],"author":[{"embeddable":true,"href":"https:\/\/elterritorialweb.com.ar\/web\/wp-json\/wp\/v2\/users\/2"}],"replies":[{"embeddable":true,"href":"https:\/\/elterritorialweb.com.ar\/web\/wp-json\/wp\/v2\/comments?post=37035"}],"version-history":[{"count":1,"href":"https:\/\/elterritorialweb.com.ar\/web\/wp-json\/wp\/v2\/posts\/37035\/revisions"}],"predecessor-version":[{"id":37039,"href":"https:\/\/elterritorialweb.com.ar\/web\/wp-json\/wp\/v2\/posts\/37035\/revisions\/37039"}],"wp:featuredmedia":[{"embeddable":true,"href":"https:\/\/elterritorialweb.com.ar\/web\/wp-json\/wp\/v2\/media\/37036"}],"wp:attachment":[{"href":"https:\/\/elterritorialweb.com.ar\/web\/wp-json\/wp\/v2\/media?parent=37035"}],"wp:term":[{"taxonomy":"category","embeddable":true,"href":"https:\/\/elterritorialweb.com.ar\/web\/wp-json\/wp\/v2\/categories?post=37035"},{"taxonomy":"post_tag","embeddable":true,"href":"https:\/\/elterritorialweb.com.ar\/web\/wp-json\/wp\/v2\/tags?post=37035"}],"curies":[{"name":"wp","href":"https:\/\/api.w.org\/{rel}","templated":true}]}}