{"id":37040,"date":"2022-03-19T05:10:32","date_gmt":"2022-03-19T05:10:32","guid":{"rendered":"http:\/\/elterritorialweb.com.ar\/web\/?p=37040"},"modified":"2022-03-19T05:26:37","modified_gmt":"2022-03-19T05:26:37","slug":"fernandez-anuncio-un-fondo-de-estabilizacion-y-convoco-a-los-sectores-a-combatir-la-inflacion","status":"publish","type":"post","link":"https:\/\/elterritorialweb.com.ar\/web\/fernandez-anuncio-un-fondo-de-estabilizacion-y-convoco-a-los-sectores-a-combatir-la-inflacion\/","title":{"rendered":"FERN\u00c1NDEZ ANUNCI\u00d3 UN \u00abFONDO DE ESTABILIZACI\u00d3N\u00bb Y CONVOC\u00d3 A LOS SECTORES A COMBATIR LA INFLACI\u00d3N"},"content":{"rendered":"\n<p>El presidente Alberto Fern\u00e1ndez anunci\u00f3 la creaci\u00f3n de \u00abun fondo de estabilizaci\u00f3n\u00bb para combatir la suba de precios en un marco de volatilidad en el comercio internacional de materias primas, energ\u00eda y alimentos, a la vez que convoc\u00f3 a los sectores productivos y de la econom\u00eda popular, a lograr acuerdos que permitan \u00abluchar contra la inflaci\u00f3n y proteger la mesa de los argentinos\u201d.<\/p>\n\n\n\n<p>A trav\u00e9s de un discurso grabado desde la Quinta de Olivos, el mandatario destac\u00f3 el efecto que la guerra entre Rusia y Ucrania provoca en la econom\u00eda argentina e hizo un an\u00e1lisis de la coyuntura internacional y las respuestas a las que el Estado nacional apelar\u00e1 para moderar el impacto en los precios del mercado local y, en consecuencia, del poder adquisitivo de los trabajadores.<\/p>\n\n\n\n<p>El discurso de casi 18 minutos se grab\u00f3 a \u00faltima hora de la tarde, luego que el Presidente, al regreso de su visita a la provincia de Tucum\u00e1n, trabajara los detalles de sus anuncios en una reuni\u00f3n de la que participaron el ministro de Econom\u00eda, Mart\u00edn Guzm\u00e1n; el de Desarrollo Productivo, Mat\u00edas Kulfas; el de Agricultura, Ganader\u00eda y Pesca, Juli\u00e1n Dom\u00ednguez; el de Trabajo, Claudio Moroni, la vicecanciller Cecilia Todesca Bocco, y la titular de la AFIP, Mercedes Marco del Pont.<\/p>\n\n\n\n<p>Varios de ellos tendr\u00e1n desde ma\u00f1ana la tarea de dar a conocer los detalles de las medidas del Gobierno nacional, cuyos objetivos generales fueron presentados hoy, y de buscar los acercamientos con distintos sectores para la implementaci\u00f3n de lo que defini\u00f3 como \u00absoluciones extraordinarias\u00bb ante \u00abuna situaci\u00f3n extraordinaria\u00bb.<\/p>\n\n\n\n<p>En su mensaje, el Presidente resalt\u00f3 la nueva etapa que se abre para el desarrollo del pa\u00eds a partir de la sanci\u00f3n en el Congreso, anoche, del acuerdo alcanzado con el Fondo Monetario Internacional para avanzar en un Programa de Facilidades Extendidas que reestructura la deuda de m\u00e1s de 44.000 millones de d\u00f3lares contra\u00edda en 2018..<\/p>\n\n\n\n<p>\u00abEso era necesario para que las empresas argentinas pudieran acceder al cr\u00e9dito. Ahora podemos desatar todas las oportunidades productivas de nuestro pa\u00eds. Adem\u00e1s, podremos financiar el gasto de capital de nuestro gobierno, con organismos internacionales y bilaterales, as\u00ed como tambi\u00e9n seguir fortaleciendo el financiamiento interno. Esto nos permitir\u00e1 depender menos de la emisi\u00f3n monetaria y hacer que nuestro Banco Central se fortalezca\u00bb, rese\u00f1\u00f3.<\/p>\n\n\n\n<p>Se presenta as\u00ed para el pa\u00eds una oportunidad para avanzar en consensos necesarios entre los distintos sectores para \u00abencontrar acuerdos que ayuden a bajar la inflaci\u00f3n y garantizar el aumento del poder adquisitivo de los salarios\u00bb, sostuvo.<\/p>\n\n\n\n<p>\u00abEstamos en un momento bisagra de la historia argentina y mundial. Me doy cuenta que hoy se suman nuevas tensiones a viejos desaf\u00edos que no supimos o pudimos encarar de los cuales la inflaci\u00f3n es un fen\u00f3meno hist\u00f3rico en la Argentina, casi una maldici\u00f3n con la que muchos y muchas hemos crecido\u00bb, plante\u00f3 el mandatario.<\/p>\n\n\n\n<p>No obstante esa b\u00fasqueda de acuerdos, Fern\u00e1ndez advirti\u00f3 que \u00abla batalla es contra los especuladores y los codiciosos\u00bb por lo que su administraci\u00f3n no va a dejar de \u00abcontrolar y fiscalizar precios\u00bb e incluso \u00abaplicar la ley de abastecimiento\u00bb si lo considera necesario.<\/p>\n\n\n\n<figure class=\"wp-block-image size-full\"><a href=\"https:\/\/i0.wp.com\/elterritorialweb.com.ar\/web\/wp-content\/uploads\/2022\/03\/623520078bfea.10.24_900.jpg\"><img data-recalc-dims=\"1\" decoding=\"async\" width=\"640\" height=\"360\" data-src=\"https:\/\/i0.wp.com\/elterritorialweb.com.ar\/web\/wp-content\/uploads\/2022\/03\/623520078bfea.10.24_900.jpg?resize=640%2C360\" alt=\"\" class=\"wp-image-37044 lazyload\" data-srcset=\"https:\/\/i0.wp.com\/elterritorialweb.com.ar\/web\/wp-content\/uploads\/2022\/03\/623520078bfea.10.24_900.jpg?w=900&amp;ssl=1 900w, https:\/\/i0.wp.com\/elterritorialweb.com.ar\/web\/wp-content\/uploads\/2022\/03\/623520078bfea.10.24_900.jpg?resize=300%2C169&amp;ssl=1 300w, https:\/\/i0.wp.com\/elterritorialweb.com.ar\/web\/wp-content\/uploads\/2022\/03\/623520078bfea.10.24_900.jpg?resize=768%2C432&amp;ssl=1 768w\" data-sizes=\"(max-width: 640px) 100vw, 640px\" src=\"data:image\/svg+xml;base64,PHN2ZyB3aWR0aD0iMSIgaGVpZ2h0PSIxIiB4bWxucz0iaHR0cDovL3d3dy53My5vcmcvMjAwMC9zdmciPjwvc3ZnPg==\" style=\"--smush-placeholder-width: 640px; --smush-placeholder-aspect-ratio: 640\/360;\" \/><\/a><\/figure>\n\n\n\n<p>\u201cSer\u00eda absurdo cargar en la guerra la culpa de nuestra inflaci\u00f3n. Pero la verdad es que est\u00e1 incidiendo negativamente y causando mayores problemas\u201d, dijo Fern\u00e1ndez al presentar el escenario de la coyuntura internacional por el conflicto en Ucrania y su afectaci\u00f3n a la macroeconom\u00eda local, a lo que reafirm\u00f3: \u00abLa inflaci\u00f3n es un serio problema para los argentinos y argentinas y la guerra lo agrava\u00bb.<\/p>\n\n\n\n<p>El incremento de los precios del trigo \u201char\u00eda que aumenten los costos de producci\u00f3n del pan, de los fideos, de la harina que millones de argentinos y argentinos\u201d consumen, detall\u00f3 el mandatario al se\u00f1alar que, ante esta suba y la de otras materias primas, su deber en la Jefatura de Estado es \u00abproteger a los argentinos de este fen\u00f3meno inesperado y que ojal\u00e1 sea transitorio\u201d.<\/p>\n\n\n\n<p>\u00abHe decidido constituir un fondo de estabilizaci\u00f3n con el objetivo de evitar el traslado de esta suba del precio internacional al precio que pagan los argentinos y argentinas\u201d, anunci\u00f3 Fern\u00e1ndez.<\/p>\n\n\n\n<p>Adem\u00e1s, instruy\u00f3 a sus ministros para que \u00abtomen las medidas necesarias y ellos ser\u00e1n los encargados de comunicarlas a partir de ma\u00f1ana. Garantizar el pan en la mesa de las argentinos es fundamental y est\u00e1 en el centro de las decisiones que estamos tomando ante esta emergencia\u201d.<\/p>\n\n\n\n<p>Los ministros \u201cser\u00e1n los encargados de mantenerlos informados diariamente sobre las medidas que se ir\u00e1n implementado desde este mismo momento. Estamos en una situaci\u00f3n extraordinaria que requiere soluciones extraordinarias\u201d.<\/p>\n\n\n\n<p>En ese sentido, ya se anunci\u00f3 que el ministro de Agricultura ofrecer\u00e1 ma\u00f1ana a las 11 una rueda de prensa en la sede de la cartera agr\u00edcola.<\/p>\n\n\n\n<p>Fern\u00e1ndez tambi\u00e9n adelant\u00f3 que desde este lunes convocar\u00e1 \u00aba los representantes de los sectores productivos, empresarios, trabajadores formales y de la econom\u00eda popular, representantes del campo y el comercio, la peque\u00f1a y mediana empresa y la sociedad civil a una mesa de acuerdo que nos permita dise\u00f1ar un ma\u00f1ana en la lucha contra la inflaci\u00f3n\u201d.<\/p>\n\n\n\n<p>\u201cConfiamos en encontrar acuerdos que ayuden a bajar la inflaci\u00f3n y a garantizar el aumento del poder adquisitivo de los salarios\u201d, dijo el mandatario, pero tambi\u00e9n advirti\u00f3: \u00abNo vamos a dejar de controlar y fiscalizar precios, aplicar la ley de abastecimiento si es necesario y utilizar todos los instrumentos con los que cuenta el estado para cumplir con el objetivo de controlar los precios\u201d.<\/p>\n\n\n\n<p>En ese mismo sentido, el mandatario agreg\u00f3 que \u201cla batalla hoy es contra los especuladores, contra los codiciosos, contra quienes buscan a\u00fan en situaciones tan complejas sacar una renta extraordinaria, contra los agoreros de siempre, que intentar\u00e1n instalar el s\u00e1lvese quien pueda o buscar culpables r\u00e1pidos y respuestas sencillas\u201d.<\/p>\n\n\n\n<p>\u201cNo me cansar\u00e9 de repetirlo: nadie se salva solo. Escuchar\u00e9 sus propuestas y sus preocupaciones y les transmitir\u00e9 los caminos que estamos recorriendo\u201d, asegur\u00f3 y apunt\u00f3 a que \u201ces hora que cada sector pueda pensar cu\u00e1l es su contribuci\u00f3n a este momento crucial del mundo y de Argentina\u201d.<\/p>\n","protected":false},"excerpt":{"rendered":"<p>El Presidente brind\u00f3 un mensaje desde Olivos en el que anunci\u00f3 que decidi\u00f3 \u00abconstituir un fondo de estabilizaci\u00f3n con el objetivo de evitar el traslado de esta suba del precio internacional del trigo al precio que pagan los argentinos y argentinas\u00bb.<\/p>\n","protected":false},"author":2,"featured_media":37041,"comment_status":"open","ping_status":"open","sticky":false,"template":"","format":"standard","meta":{"om_disable_all_campaigns":false,"_monsterinsights_skip_tracking":false,"_monsterinsights_sitenote_active":false,"_monsterinsights_sitenote_note":"","_monsterinsights_sitenote_category":0,"_uf_show_specific_survey":0,"_uf_disable_surveys":false,"jetpack_post_was_ever_published":false,"_jetpack_newsletter_access":"","_jetpack_dont_email_post_to_subs":false,"_jetpack_newsletter_tier_id":0,"_jetpack_memberships_contains_paywalled_content":false,"_jetpack_memberships_contains_paid_content":false,"footnotes":"","jetpack_publicize_message":"","jetpack_publicize_feature_enabled":true,"jetpack_social_post_already_shared":false,"jetpack_social_options":{"image_generator_settings":{"template":"highway","default_image_id":0,"font":"","enabled":false},"version":2}},"categories":[18],"tags":[],"class_list":["post-37040","post","type-post","status-publish","format-standard","has-post-thumbnail","hentry","category-politica"],"aioseo_notices":[],"views":7,"jetpack_publicize_connections":[],"jetpack_featured_media_url":"https:\/\/i0.wp.com\/elterritorialweb.com.ar\/web\/wp-content\/uploads\/2022\/03\/6235200773872.10.24-1_900.jpg?fit=900%2C506&ssl=1","jetpack_sharing_enabled":true,"_links":{"self":[{"href":"https:\/\/elterritorialweb.com.ar\/web\/wp-json\/wp\/v2\/posts\/37040","targetHints":{"allow":["GET"]}}],"collection":[{"href":"https:\/\/elterritorialweb.com.ar\/web\/wp-json\/wp\/v2\/posts"}],"about":[{"href":"https:\/\/elterritorialweb.com.ar\/web\/wp-json\/wp\/v2\/types\/post"}],"author":[{"embeddable":true,"href":"https:\/\/elterritorialweb.com.ar\/web\/wp-json\/wp\/v2\/users\/2"}],"replies":[{"embeddable":true,"href":"https:\/\/elterritorialweb.com.ar\/web\/wp-json\/wp\/v2\/comments?post=37040"}],"version-history":[{"count":2,"href":"https:\/\/elterritorialweb.com.ar\/web\/wp-json\/wp\/v2\/posts\/37040\/revisions"}],"predecessor-version":[{"id":37045,"href":"https:\/\/elterritorialweb.com.ar\/web\/wp-json\/wp\/v2\/posts\/37040\/revisions\/37045"}],"wp:featuredmedia":[{"embeddable":true,"href":"https:\/\/elterritorialweb.com.ar\/web\/wp-json\/wp\/v2\/media\/37041"}],"wp:attachment":[{"href":"https:\/\/elterritorialweb.com.ar\/web\/wp-json\/wp\/v2\/media?parent=37040"}],"wp:term":[{"taxonomy":"category","embeddable":true,"href":"https:\/\/elterritorialweb.com.ar\/web\/wp-json\/wp\/v2\/categories?post=37040"},{"taxonomy":"post_tag","embeddable":true,"href":"https:\/\/elterritorialweb.com.ar\/web\/wp-json\/wp\/v2\/tags?post=37040"}],"curies":[{"name":"wp","href":"https:\/\/api.w.org\/{rel}","templated":true}]}}