{"id":37058,"date":"2022-03-20T01:47:48","date_gmt":"2022-03-20T01:47:48","guid":{"rendered":"http:\/\/elterritorialweb.com.ar\/web\/?p=37058"},"modified":"2022-03-20T01:49:38","modified_gmt":"2022-03-20T01:49:38","slug":"preocupa-el-aumento-de-casos-de-coronavirus-en-europa","status":"publish","type":"post","link":"https:\/\/elterritorialweb.com.ar\/web\/preocupa-el-aumento-de-casos-de-coronavirus-en-europa\/","title":{"rendered":"PREOCUPA EL AUMENTO DE CASOS DE CORONAVIRUS EN EUROPA"},"content":{"rendered":"\n<p>En las \u00faltimas semanas los casos de coronavirus comenzaron a aumentar nuevamente en Europa, lo que genera un alerta entre especialistas de la Argentina que advierten que es posible un incremento tambi\u00e9n a nivel local que podr\u00eda superponerse con los brotes estacionales de otras enfermedades respiratorias como la gripe.<\/p>\n\n\n\n<p>\u00abLo que est\u00e1 pasando es que hay un aumento de casos en varios pa\u00edses de Europa en consonancia con el incremento de la prevalencia de la subvariante de \u00d3micron BA.2\u00bb, indic\u00f3 a T\u00e9lam&nbsp;<strong>el bioinform\u00e1tico de la Universidad Nacional de C\u00f3rdoba (UNC) e investigador del Conicet, Rodrigo Quiroga.<\/strong><\/p>\n\n\n\n<p>El especialista detall\u00f3 que \u00aben las \u00faltimas dos semanas Suiza, Finlandia, Pa\u00edses Bajos y Reino Unido tuvieron un aumento mayor al 40%; mientras Austria, Italia, Francia, B\u00e9lgica, Irlanda y Grecia han tenido incrementos de entre el 25 y el 50% en la \u00faltima semana\u00bb.<\/p>\n\n\n\n<p>Seg\u00fan\u00a0<strong>Ourworldindata.org,<\/strong>\u00a0en toda\u00a0<strong>Europa se est\u00e1n notificando un promedio de 980 casos diarios por mill\u00f3n de habitantes,<\/strong>\u00a0mientras que a principios de marzo la media diaria se ubicaba entre 800 y 860 casos por mill\u00f3n.<\/p>\n\n\n\n<p><strong>En algunos pa\u00edses el incremento supera ya el m\u00e1ximo alcanzado en el pico de \u00d3micron<\/strong>, como en&nbsp;<strong>Austria<\/strong>, que tiene casi 5.000 notificaciones diarias por mill\u00f3n de habitantes, mientras durante el punto alto de la ola anterior no llegaban a los 4.000 casos diarios por mill\u00f3n.<\/p>\n\n\n\n<p>Tambi\u00e9n&nbsp;<strong>Alemania<\/strong>&nbsp;presenta un promedio de 2.400 casos diarios por mill\u00f3n, una cifra similar a lo que hab\u00eda alcanzo en el pico de febrero.<\/p>\n\n\n\n<p><strong>Otros pa\u00edses<\/strong>, si bien est\u00e1n lejos de los picos alcanzados en la ola anterior,&nbsp;<strong>registran una suba en las \u00faltimas semanas.<\/strong><\/p>\n\n\n\n<p><strong>Francia<\/strong>, por ejemplo, actualmente tiene unas 1.100 notificaciones promedio diarias por mill\u00f3n de habitantes, aunque a finales de enero hab\u00eda llegado a unas 5.400 y luego logrado descender a principio de marzo a 770.<\/p>\n\n\n\n<p>Lo mismo pasa con el\u00a0<strong>Reino Unido<\/strong>\u00a0que est\u00e1 en m\u00e1s de 1.100 casos promedio por mill\u00f3n, contra los 800 de principios de marzo.<\/p>\n\n\n\n<figure class=\"wp-block-image size-full\"><a href=\"https:\/\/i0.wp.com\/elterritorialweb.com.ar\/web\/wp-content\/uploads\/2022\/03\/CORONAVIRUS-EN-EUROPA-1.webp\"><img data-recalc-dims=\"1\" decoding=\"async\" width=\"640\" height=\"360\" data-src=\"https:\/\/i0.wp.com\/elterritorialweb.com.ar\/web\/wp-content\/uploads\/2022\/03\/CORONAVIRUS-EN-EUROPA-1.webp?resize=640%2C360\" alt=\"\" class=\"wp-image-37061 lazyload\" src=\"data:image\/svg+xml;base64,PHN2ZyB3aWR0aD0iMSIgaGVpZ2h0PSIxIiB4bWxucz0iaHR0cDovL3d3dy53My5vcmcvMjAwMC9zdmciPjwvc3ZnPg==\" style=\"--smush-placeholder-width: 640px; --smush-placeholder-aspect-ratio: 640\/360;\" \/><\/a><\/figure>\n\n\n\n<h3 class=\"wp-block-heading\">Las causas<\/h3>\n\n\n\n<p>\u00abHay varios factores que pueden influir en que los casos est\u00e9n subiendo; por un lado<strong>&nbsp;hay evidencia de que BA.2 es m\u00e1s contagiosa, por el otro se relajaron los cuidados.<\/strong>&nbsp;Tambi\u00e9n&nbsp;<strong>pasaron varios meses desde la aplicaci\u00f3n de los refuerzos<\/strong>&nbsp;y sabemos que despu\u00e9s de 10 semanas la protecci\u00f3n contra la infecci\u00f3n sintom\u00e1tica es menor que reci\u00e9n colocada\u00bb, indic\u00f3 Quiroga.<\/p>\n\n\n\n<p>En este contexto, se\u00f1al\u00f3 que \u00abaunque las vacunas protegen contra la enfermedad grave y muerte, tener muchos casos de Covid-19 igual representar\u00eda muchas internaciones y decesos que se sumar\u00edan a las ocasionadas por las otras infecciones respiratorias que circulan en el pa\u00eds. Por ejemplo,<strong>&nbsp;la ola de \u00d3micron caus\u00f3 al menos 10.000 muertes en el pa\u00eds\u00bb.<\/strong><\/p>\n\n\n\n<p>El investigador describi\u00f3 que en\u00a0<strong>Inglaterra<\/strong>, por ejemplo,\u00a0<strong>entre los mayores de 85 a\u00f1os ya hay m\u00e1s hospitalizados por d\u00eda actualmente que en el pico de la ola \u00d3micron\u00a0<\/strong>(la variante BA.1, que fue la que impuls\u00f3 la \u00faltima ola en todo el mundo).<\/p>\n\n\n\n<p>Teniendo en cuenta que hay estudios que indican que la subvariante BA.2 es m\u00e1s contagiosa que la BA.1, Quiroga sostuvo que \u00abhay que ver lo que sucede en las semanas que vienen\u00bb en la Argentina, aunque aclar\u00f3 que \u00aben la pr\u00f3xima ola podr\u00edamos tener similar cantidad o incluso m\u00e1s casos que la \u00faltima que atravesamos en enero\u00bb.<\/p>\n\n\n\n<p>En el mismo sentido,&nbsp;<strong>el doctor en matem\u00e1ticas Daniel Penazzi<\/strong>, indic\u00f3 que&nbsp;<strong>\u00ablos casos podr\u00edan aumentar en un tiempo y frente al ingreso de la BA.2<\/strong>&nbsp;podr\u00edamos tener<strong>&nbsp;un escenario con much\u00edsimos casos porque es mas contagiosa y tiene m\u00e1s carga viral que BA.1&#8243;.<\/strong><\/p>\n\n\n\n<p>\u00abPero adem\u00e1s -a\u00f1adi\u00f3- estamos entrando al invierno, tenemos m\u00e1s tiempo desde que se dio el refuerzo (sobre todo las personas mayores se dieron la \u00faltima dosis en diciembre) y en medio tenemos el aumento de los casos con gripe, que pueden dejar a las personas m\u00e1s d\u00e9biles\u00bb.<\/p>\n\n\n\n<p>Seg\u00fan analiz\u00f3&nbsp;<strong>el contador Mart\u00edn Barrionuevo,<\/strong>&nbsp;en la&nbsp;<strong>Argentina s\u00f3lo el 40% de la poblaci\u00f3n se aplic\u00f3 la tercera dosis o el refuerzo contra el coronavirus.<\/strong><\/p>\n\n\n\n<p>\u00abTanto con BA.1 como BA.2 la protecci\u00f3n frente a infecci\u00f3n sintom\u00e1tica cae a menos de 50% diez semanas despu\u00e9s de la dosis refuerzo. La protecci\u00f3n frente a la enfermedad grave cae del 90% al 75% a las diez semanas de refuerzo, por lo que es importante aplic\u00e1rsela\u00bb, precis\u00f3 Quiroga.<\/p>\n\n\n\n<h3 class=\"wp-block-heading\">C\u00f3mo cuidarse<\/h3>\n\n\n\n<p><strong>Para el m\u00e9dico infect\u00f3logo Javier Farina,<\/strong>&nbsp;\u00ab<strong>la conjunci\u00f3n de las bajas temperaturas, influenza y una nueva ola de Covid-19 puede generar un escenario complejo para el sistema de salud nacional,<\/strong>&nbsp;no en las unidades de terapia intensiva, pero s\u00ed quiz\u00e1s de demanda de consultas, ox\u00edgeno e internaci\u00f3n\u00bb.<\/p>\n\n\n\n<p>\u00abTenemos herramientas para disminuir el impacto de las nuevas olas porque aprendimos, el tema es que las perdemos de eje por el cansancio que nos gener\u00f3 la pandemia. Pensamos que ya no tiene sentido aplicarlas y al contrario, tendr\u00edamos que usarlas para disminuir el impacto\u00bb, asegur\u00f3 Farina, miembro de la Sociedad Argentina de Infectolog\u00eda (SADI) y jefe de infectolog\u00eda Hospital Cuenca Alta, de Ca\u00f1uelas.<\/p>\n\n\n\n<p>El especialista pidi\u00f3 tener en cuenta que si bien las personas hospitalizadas son menos en proporci\u00f3n a los casos, \u00abseguimos acumulando muertes\u00bb, por lo que se deber\u00eda hacer \u00abtodo lo posible\u00bb para disminuir la circulaci\u00f3n del virus.<\/p>\n\n\n\n<p>Finalmente, record\u00f3 que las medidas de prevenci\u00f3n para coronavirus sirven como protecci\u00f3n frente a todas las infecciones respiratorias: ventilaci\u00f3n de ambientes, uso de barbijo en lugares cerrados y lavado de manos.<\/p>\n","protected":false},"excerpt":{"rendered":"<p>En las \u00faltimas semanas Suiza, Finlandia, Pa\u00edses Bajos y Reino Unido tuvieron un aumento mayor al 40%, lo que genera alerta entre especialistas que advierten un posible incremento local que podr\u00eda superponerse con brotes de otras enfermedades respiratorias.<\/p>\n","protected":false},"author":2,"featured_media":37059,"comment_status":"open","ping_status":"open","sticky":false,"template":"","format":"standard","meta":{"om_disable_all_campaigns":false,"_monsterinsights_skip_tracking":false,"_monsterinsights_sitenote_active":false,"_monsterinsights_sitenote_note":"","_monsterinsights_sitenote_category":0,"_uf_show_specific_survey":0,"_uf_disable_surveys":false,"jetpack_post_was_ever_published":false,"_jetpack_newsletter_access":"","_jetpack_dont_email_post_to_subs":false,"_jetpack_newsletter_tier_id":0,"_jetpack_memberships_contains_paywalled_content":false,"_jetpack_memberships_contains_paid_content":false,"footnotes":"","jetpack_publicize_message":"","jetpack_publicize_feature_enabled":true,"jetpack_social_post_already_shared":false,"jetpack_social_options":{"image_generator_settings":{"template":"highway","default_image_id":0,"font":"","enabled":false},"version":2}},"categories":[10],"tags":[],"class_list":["post-37058","post","type-post","status-publish","format-standard","has-post-thumbnail","hentry","category-internacionales"],"aioseo_notices":[],"views":6,"jetpack_publicize_connections":[],"jetpack_featured_media_url":"https:\/\/i0.wp.com\/elterritorialweb.com.ar\/web\/wp-content\/uploads\/2022\/03\/CORONAVIRUS-EN-EUROPA.jpg?fit=863%2C486&ssl=1","jetpack_sharing_enabled":true,"_links":{"self":[{"href":"https:\/\/elterritorialweb.com.ar\/web\/wp-json\/wp\/v2\/posts\/37058","targetHints":{"allow":["GET"]}}],"collection":[{"href":"https:\/\/elterritorialweb.com.ar\/web\/wp-json\/wp\/v2\/posts"}],"about":[{"href":"https:\/\/elterritorialweb.com.ar\/web\/wp-json\/wp\/v2\/types\/post"}],"author":[{"embeddable":true,"href":"https:\/\/elterritorialweb.com.ar\/web\/wp-json\/wp\/v2\/users\/2"}],"replies":[{"embeddable":true,"href":"https:\/\/elterritorialweb.com.ar\/web\/wp-json\/wp\/v2\/comments?post=37058"}],"version-history":[{"count":2,"href":"https:\/\/elterritorialweb.com.ar\/web\/wp-json\/wp\/v2\/posts\/37058\/revisions"}],"predecessor-version":[{"id":37063,"href":"https:\/\/elterritorialweb.com.ar\/web\/wp-json\/wp\/v2\/posts\/37058\/revisions\/37063"}],"wp:featuredmedia":[{"embeddable":true,"href":"https:\/\/elterritorialweb.com.ar\/web\/wp-json\/wp\/v2\/media\/37059"}],"wp:attachment":[{"href":"https:\/\/elterritorialweb.com.ar\/web\/wp-json\/wp\/v2\/media?parent=37058"}],"wp:term":[{"taxonomy":"category","embeddable":true,"href":"https:\/\/elterritorialweb.com.ar\/web\/wp-json\/wp\/v2\/categories?post=37058"},{"taxonomy":"post_tag","embeddable":true,"href":"https:\/\/elterritorialweb.com.ar\/web\/wp-json\/wp\/v2\/tags?post=37058"}],"curies":[{"name":"wp","href":"https:\/\/api.w.org\/{rel}","templated":true}]}}