{"id":37064,"date":"2022-03-20T02:10:00","date_gmt":"2022-03-20T02:10:00","guid":{"rendered":"http:\/\/elterritorialweb.com.ar\/web\/?p=37064"},"modified":"2022-03-20T02:10:01","modified_gmt":"2022-03-20T02:10:01","slug":"la-comuna-bandena-entrego-herramientas-de-jardineria-a-un-vecino-del-barrio-los-naranjos","status":"publish","type":"post","link":"https:\/\/elterritorialweb.com.ar\/web\/la-comuna-bandena-entrego-herramientas-de-jardineria-a-un-vecino-del-barrio-los-naranjos\/","title":{"rendered":"LA COMUNA BANDE\u00d1A ENTREG\u00d3 HERRAMIENTAS DE JARDINER\u00cdA A UN VECINO DEL BARRIO LOS NARANJOS"},"content":{"rendered":"\n<p><br>En la oportunidad, el vecino Jorge Villanueva recibi\u00f3 dos motoguada\u00f1as, una manguera, un rastrillo, una pala, guantes, un machete y una tijera de podar para fortalecer el\u00a0 emprendimiento que realiza desde que comenz\u00f3 a sufrir diferentes problemas salud que le impiden realizar trabajos pesados.<br>Con su emprendimiento denominado \u00abIndependencia\u00bb, Jorge ofrece servicios de colocaci\u00f3n de c\u00e9sped, poda, desmalezamiento y diversas plantaciones. Quienes est\u00e9n interesados en contratar sus servicios pueden comunicarse al 3856259839 o dirigirse a su domicilio en Camino al Vivero N\u00b01032 barrio Los Naranjos.<br>Sobre la entrega de las herramientas, Nediani, destac\u00f3: \u00abPara nosotros es fundamental apoyar a los trabajadores independientes de la ciudad y hoy m\u00e1s que nunca es importante destacar la determinaci\u00f3n de los bande\u00f1os que buscan siempre salir adelante a pesar de las adversidades que se les presenta en el camino. <\/p>\n\n\n\n<figure class=\"wp-block-image size-large\"><a href=\"https:\/\/i0.wp.com\/elterritorialweb.com.ar\/web\/wp-content\/uploads\/2022\/03\/IMG-20220319-WA0016.jpg\"><img data-recalc-dims=\"1\" decoding=\"async\" width=\"640\" height=\"423\" data-src=\"https:\/\/i0.wp.com\/elterritorialweb.com.ar\/web\/wp-content\/uploads\/2022\/03\/IMG-20220319-WA0016.jpg?resize=640%2C423\" alt=\"\" class=\"wp-image-37066 lazyload\" data-srcset=\"https:\/\/i0.wp.com\/elterritorialweb.com.ar\/web\/wp-content\/uploads\/2022\/03\/IMG-20220319-WA0016.jpg?resize=1024%2C676&amp;ssl=1 1024w, https:\/\/i0.wp.com\/elterritorialweb.com.ar\/web\/wp-content\/uploads\/2022\/03\/IMG-20220319-WA0016.jpg?resize=300%2C198&amp;ssl=1 300w, https:\/\/i0.wp.com\/elterritorialweb.com.ar\/web\/wp-content\/uploads\/2022\/03\/IMG-20220319-WA0016.jpg?resize=768%2C507&amp;ssl=1 768w, https:\/\/i0.wp.com\/elterritorialweb.com.ar\/web\/wp-content\/uploads\/2022\/03\/IMG-20220319-WA0016.jpg?w=1087&amp;ssl=1 1087w\" data-sizes=\"(max-width: 640px) 100vw, 640px\" src=\"data:image\/svg+xml;base64,PHN2ZyB3aWR0aD0iMSIgaGVpZ2h0PSIxIiB4bWxucz0iaHR0cDovL3d3dy53My5vcmcvMjAwMC9zdmciPjwvc3ZnPg==\" style=\"--smush-placeholder-width: 640px; --smush-placeholder-aspect-ratio: 640\/423;\" \/><\/a><\/figure>\n\n\n\n<p>En el caso de Jorge y su hijo, ellos buscaron superar la dif\u00edcil situaci\u00f3n econ\u00f3mica que se desencaden\u00f3 desde que \u00e9l como padre de familia comenz\u00f3 a sufrir diferentes tipos de dolencias. Iniciaron con las pocas herramientas que ten\u00edan y de a poco se fueron haciendo conocer, por lo que solicitaron ayuda al municipio para contar con artefactos nuevos que les permitan brindar un\u00a0 mejor servicio\u00bb.<br>Finalmente, el coordinador de la Oficina de Emprendedores, Marcelo Abraham, indic\u00f3 que los vecinos que tengan residencia en la ciudad de La Banda y deseen solicitar herramientas o materia prima para iniciar o potenciar sus negocios pueden dirigirse de lunes a viernes de 8 a 12 a calle Saenz Pe\u00f1a N\u00b054.<\/p>\n","protected":false},"excerpt":{"rendered":"<p>En el marco del programa municipal \u00abEmprendiendo Sue\u00f1os\u00bb , el intendente pr\u00f3ximo a asumir Roger Nediani entreg\u00f3 herramientas de trabajo a un vecino del barrio Los Naranjos qui\u00e9n junto a su hijo realizan diferentes tipos de trabajos de jardiner\u00eda.<\/p>\n","protected":false},"author":2,"featured_media":37065,"comment_status":"open","ping_status":"open","sticky":false,"template":"","format":"standard","meta":{"om_disable_all_campaigns":false,"_monsterinsights_skip_tracking":false,"_monsterinsights_sitenote_active":false,"_monsterinsights_sitenote_note":"","_monsterinsights_sitenote_category":0,"_uf_show_specific_survey":0,"_uf_disable_surveys":false,"jetpack_post_was_ever_published":false,"_jetpack_newsletter_access":"","_jetpack_dont_email_post_to_subs":false,"_jetpack_newsletter_tier_id":0,"_jetpack_memberships_contains_paywalled_content":false,"_jetpack_memberships_contains_paid_content":false,"footnotes":"","jetpack_publicize_message":"","jetpack_publicize_feature_enabled":true,"jetpack_social_post_already_shared":false,"jetpack_social_options":{"image_generator_settings":{"template":"highway","default_image_id":0,"font":"","enabled":false},"version":2}},"categories":[21],"tags":[],"class_list":["post-37064","post","type-post","status-publish","format-standard","has-post-thumbnail","hentry","category-locales"],"aioseo_notices":[],"views":9,"jetpack_publicize_connections":[],"jetpack_featured_media_url":"https:\/\/i0.wp.com\/elterritorialweb.com.ar\/web\/wp-content\/uploads\/2022\/03\/IMG-20220319-WA0017.jpg?fit=1087%2C718&ssl=1","jetpack_sharing_enabled":true,"_links":{"self":[{"href":"https:\/\/elterritorialweb.com.ar\/web\/wp-json\/wp\/v2\/posts\/37064","targetHints":{"allow":["GET"]}}],"collection":[{"href":"https:\/\/elterritorialweb.com.ar\/web\/wp-json\/wp\/v2\/posts"}],"about":[{"href":"https:\/\/elterritorialweb.com.ar\/web\/wp-json\/wp\/v2\/types\/post"}],"author":[{"embeddable":true,"href":"https:\/\/elterritorialweb.com.ar\/web\/wp-json\/wp\/v2\/users\/2"}],"replies":[{"embeddable":true,"href":"https:\/\/elterritorialweb.com.ar\/web\/wp-json\/wp\/v2\/comments?post=37064"}],"version-history":[{"count":1,"href":"https:\/\/elterritorialweb.com.ar\/web\/wp-json\/wp\/v2\/posts\/37064\/revisions"}],"predecessor-version":[{"id":37067,"href":"https:\/\/elterritorialweb.com.ar\/web\/wp-json\/wp\/v2\/posts\/37064\/revisions\/37067"}],"wp:featuredmedia":[{"embeddable":true,"href":"https:\/\/elterritorialweb.com.ar\/web\/wp-json\/wp\/v2\/media\/37065"}],"wp:attachment":[{"href":"https:\/\/elterritorialweb.com.ar\/web\/wp-json\/wp\/v2\/media?parent=37064"}],"wp:term":[{"taxonomy":"category","embeddable":true,"href":"https:\/\/elterritorialweb.com.ar\/web\/wp-json\/wp\/v2\/categories?post=37064"},{"taxonomy":"post_tag","embeddable":true,"href":"https:\/\/elterritorialweb.com.ar\/web\/wp-json\/wp\/v2\/tags?post=37064"}],"curies":[{"name":"wp","href":"https:\/\/api.w.org\/{rel}","templated":true}]}}