{"id":37068,"date":"2022-03-20T02:55:58","date_gmt":"2022-03-20T02:55:58","guid":{"rendered":"http:\/\/elterritorialweb.com.ar\/web\/?p=37068"},"modified":"2022-03-20T02:55:59","modified_gmt":"2022-03-20T02:55:59","slug":"el-municipio-conmemoro-el-dia-de-los-derechos-de-las-personas-trans-con-una-importante-actividad","status":"publish","type":"post","link":"https:\/\/elterritorialweb.com.ar\/web\/el-municipio-conmemoro-el-dia-de-los-derechos-de-las-personas-trans-con-una-importante-actividad\/","title":{"rendered":"EL MUNICIPIO CONMEMOR\u00d3 EL DIA DE LOS DERECHOS DE LAS PERSONAS TRANS CON UNA IMPORTANTE ACTIVIDAD"},"content":{"rendered":"\n<p>El largometraje dirigido por Federico Palazzo est\u00e1 basado en el libro de Gabriela Mansilla y fue rodado en la Universidad Nacional de La Matanza,<br>El filme, apto para todo p\u00fablico, cuenta con las actuaciones protag\u00f3nicas de Eleonora Wexler,\u00a0Juan Palomino, Isabella G. C. y Valentino Vena y la producci\u00f3n de Grupo Octubre, UNLaM, Tronera Films, Arco Libre, Aleph Media y HSVG Producciones.<br>En cuanto al relato, \u00e9ste sigue la lucha de Gabriela Mansilla por el respeto de la identidad de g\u00e9nero de su hija Luana, quien en el a\u00f1o\u00a0 2013 fue la primera menor trans en el mundo en tener un documento oficial acorde a su identidad de g\u00e9nero sin necesidad de judicializar el tr\u00e1mite.<\/p>\n\n\n\n<figure class=\"wp-block-image size-large\"><a href=\"https:\/\/i0.wp.com\/elterritorialweb.com.ar\/web\/wp-content\/uploads\/2022\/03\/IMG-20220319-WA0015.jpg\"><img data-recalc-dims=\"1\" decoding=\"async\" width=\"640\" height=\"426\" data-src=\"https:\/\/i0.wp.com\/elterritorialweb.com.ar\/web\/wp-content\/uploads\/2022\/03\/IMG-20220319-WA0015.jpg?resize=640%2C426\" alt=\"\" class=\"wp-image-37069 lazyload\" data-srcset=\"https:\/\/i0.wp.com\/elterritorialweb.com.ar\/web\/wp-content\/uploads\/2022\/03\/IMG-20220319-WA0015.jpg?resize=1024%2C682&amp;ssl=1 1024w, https:\/\/i0.wp.com\/elterritorialweb.com.ar\/web\/wp-content\/uploads\/2022\/03\/IMG-20220319-WA0015.jpg?resize=300%2C200&amp;ssl=1 300w, https:\/\/i0.wp.com\/elterritorialweb.com.ar\/web\/wp-content\/uploads\/2022\/03\/IMG-20220319-WA0015.jpg?resize=768%2C512&amp;ssl=1 768w, https:\/\/i0.wp.com\/elterritorialweb.com.ar\/web\/wp-content\/uploads\/2022\/03\/IMG-20220319-WA0015.jpg?w=1280&amp;ssl=1 1280w\" data-sizes=\"(max-width: 640px) 100vw, 640px\" src=\"data:image\/svg+xml;base64,PHN2ZyB3aWR0aD0iMSIgaGVpZ2h0PSIxIiB4bWxucz0iaHR0cDovL3d3dy53My5vcmcvMjAwMC9zdmciPjwvc3ZnPg==\" style=\"--smush-placeholder-width: 640px; --smush-placeholder-aspect-ratio: 640\/426;\" \/><\/a><\/figure>\n\n\n\n<p>En la oportunidad, Iris Casta\u00f1ares, explic\u00f3 qu\u00e9 \u00abHoy 18 de marzo estamos conmemorando el D\u00eda de los Derechos de las Personas Trans, por los 10 a\u00f1os del fallecimiento de P\u00eda Baudraco, que fue una militante y activista del colectivo trans fundadora de ATTA y DIVAS en Argentina. Recorri\u00f3 todas las provincias y ciudades del pa\u00eds para acompa\u00f1ar a muchas compa\u00f1eras y fue una gran luchadora y precursora de la Ley de Identidad de G\u00e9nero\u00bb.<br>Agreg\u00f3: \u00abEn la actividad de hoy est\u00e1n participando alumnos del profesorado de la Escuela Normal de La Banda, para ser mas preciso del Profesorado de Ense\u00f1anza B\u00e1sica y el Profesorado de Nivel Inicial.<br>Gracias a la amabilidad de la rectora vamos a trabajar con los alumnos con un disparador que es la pel\u00edcula \u00abYo nena, yo princesa\u00bb basada en el libro de Gabriela Mansilla, y luego realizaremos talleres en los profesorados\u00bb.<br>Por su parte, la secretaria de Gobierno, Claudia Acu\u00f1a, se\u00f1al\u00f3: \u00abEstamos acompa\u00f1ando esta importante actividad que tiende a ser de concientizacion; es importante la participaci\u00f3n de los profesorados porque son los que nos educan y nos van a llevar a tomar conciencia de que todos somos iguales y todos tenemos derechos a ser.<br>As\u00ed que estamos muy contentas de participar en esta actividad muy numerosa, con 300 personas. Y como siempre desde el Ejecutivo Municipal acompa\u00f1amos esta lucha por la adquisici\u00f3n de derechos que seguro va a continuar\u00bb.<\/p>\n","protected":false},"excerpt":{"rendered":"<p>En el marco del Dia de los Derechos de las Personas Trans, la Oficina de la Diversidad dependiente de la Secretar\u00eda de Gobierno de la Municipalidad de La Banda llev\u00f3 a cabo la proyecci\u00f3n del filme \u201cYo nena, yo princesa\u201d en el Cine Teatro Municipal Renzi.<\/p>\n","protected":false},"author":2,"featured_media":37070,"comment_status":"open","ping_status":"open","sticky":false,"template":"","format":"standard","meta":{"om_disable_all_campaigns":false,"_monsterinsights_skip_tracking":false,"_monsterinsights_sitenote_active":false,"_monsterinsights_sitenote_note":"","_monsterinsights_sitenote_category":0,"_uf_show_specific_survey":0,"_uf_disable_surveys":false,"jetpack_post_was_ever_published":false,"_jetpack_newsletter_access":"","_jetpack_dont_email_post_to_subs":false,"_jetpack_newsletter_tier_id":0,"_jetpack_memberships_contains_paywalled_content":false,"_jetpack_memberships_contains_paid_content":false,"footnotes":"","jetpack_publicize_message":"","jetpack_publicize_feature_enabled":true,"jetpack_social_post_already_shared":false,"jetpack_social_options":{"image_generator_settings":{"template":"highway","default_image_id":0,"font":"","enabled":false},"version":2}},"categories":[21],"tags":[],"class_list":["post-37068","post","type-post","status-publish","format-standard","has-post-thumbnail","hentry","category-locales"],"aioseo_notices":[],"views":6,"jetpack_publicize_connections":[],"jetpack_featured_media_url":"https:\/\/i0.wp.com\/elterritorialweb.com.ar\/web\/wp-content\/uploads\/2022\/03\/IMG-20220319-WA0011.jpg?fit=1280%2C853&ssl=1","jetpack_sharing_enabled":true,"_links":{"self":[{"href":"https:\/\/elterritorialweb.com.ar\/web\/wp-json\/wp\/v2\/posts\/37068","targetHints":{"allow":["GET"]}}],"collection":[{"href":"https:\/\/elterritorialweb.com.ar\/web\/wp-json\/wp\/v2\/posts"}],"about":[{"href":"https:\/\/elterritorialweb.com.ar\/web\/wp-json\/wp\/v2\/types\/post"}],"author":[{"embeddable":true,"href":"https:\/\/elterritorialweb.com.ar\/web\/wp-json\/wp\/v2\/users\/2"}],"replies":[{"embeddable":true,"href":"https:\/\/elterritorialweb.com.ar\/web\/wp-json\/wp\/v2\/comments?post=37068"}],"version-history":[{"count":1,"href":"https:\/\/elterritorialweb.com.ar\/web\/wp-json\/wp\/v2\/posts\/37068\/revisions"}],"predecessor-version":[{"id":37071,"href":"https:\/\/elterritorialweb.com.ar\/web\/wp-json\/wp\/v2\/posts\/37068\/revisions\/37071"}],"wp:featuredmedia":[{"embeddable":true,"href":"https:\/\/elterritorialweb.com.ar\/web\/wp-json\/wp\/v2\/media\/37070"}],"wp:attachment":[{"href":"https:\/\/elterritorialweb.com.ar\/web\/wp-json\/wp\/v2\/media?parent=37068"}],"wp:term":[{"taxonomy":"category","embeddable":true,"href":"https:\/\/elterritorialweb.com.ar\/web\/wp-json\/wp\/v2\/categories?post=37068"},{"taxonomy":"post_tag","embeddable":true,"href":"https:\/\/elterritorialweb.com.ar\/web\/wp-json\/wp\/v2\/tags?post=37068"}],"curies":[{"name":"wp","href":"https:\/\/api.w.org\/{rel}","templated":true}]}}