{"id":37080,"date":"2022-03-20T04:05:53","date_gmt":"2022-03-20T04:05:53","guid":{"rendered":"http:\/\/elterritorialweb.com.ar\/web\/?p=37080"},"modified":"2022-03-20T04:05:53","modified_gmt":"2022-03-20T04:05:53","slug":"mitre-no-pudo-con-ferro-carril-oeste-y-empato-en-el-estadio-unico","status":"publish","type":"post","link":"https:\/\/elterritorialweb.com.ar\/web\/mitre-no-pudo-con-ferro-carril-oeste-y-empato-en-el-estadio-unico\/","title":{"rendered":"MITRE NO PUDO CON FERRO CARRIL OESTE Y EMPAT\u00d3 EN EL ESTADIO \u00daNICO"},"content":{"rendered":"\n<p>El partido fue dominado por\u00a0<strong>Mitre\u00a0<\/strong>en cuanto a la tenencia del bal\u00f3n, aunque le falt\u00f3 claridad en los metros finales para gravitar. Si logr\u00f3 generar con remates desde afuera del \u00e1rea. En tanto que\u00a0<strong>Ferro\u00a0<\/strong>aprovech\u00f3 los espacios que dej\u00f3 su rival para lastimar y fue m\u00e1s peligroso.<\/p>\n\n\n\n<figure class=\"wp-block-image size-large\"><a href=\"https:\/\/i0.wp.com\/elterritorialweb.com.ar\/web\/wp-content\/uploads\/2022\/03\/mitre-ferro-1.jpg\"><img data-recalc-dims=\"1\" decoding=\"async\" width=\"640\" height=\"640\" data-src=\"https:\/\/i0.wp.com\/elterritorialweb.com.ar\/web\/wp-content\/uploads\/2022\/03\/mitre-ferro-1.jpg?resize=640%2C640\" alt=\"\" class=\"wp-image-37082 lazyload\" data-srcset=\"https:\/\/i0.wp.com\/elterritorialweb.com.ar\/web\/wp-content\/uploads\/2022\/03\/mitre-ferro-1.jpg?resize=1024%2C1024&amp;ssl=1 1024w, https:\/\/i0.wp.com\/elterritorialweb.com.ar\/web\/wp-content\/uploads\/2022\/03\/mitre-ferro-1.jpg?resize=300%2C300&amp;ssl=1 300w, https:\/\/i0.wp.com\/elterritorialweb.com.ar\/web\/wp-content\/uploads\/2022\/03\/mitre-ferro-1.jpg?resize=150%2C150&amp;ssl=1 150w, https:\/\/i0.wp.com\/elterritorialweb.com.ar\/web\/wp-content\/uploads\/2022\/03\/mitre-ferro-1.jpg?resize=768%2C768&amp;ssl=1 768w, https:\/\/i0.wp.com\/elterritorialweb.com.ar\/web\/wp-content\/uploads\/2022\/03\/mitre-ferro-1.jpg?w=1080&amp;ssl=1 1080w\" data-sizes=\"(max-width: 640px) 100vw, 640px\" src=\"data:image\/svg+xml;base64,PHN2ZyB3aWR0aD0iMSIgaGVpZ2h0PSIxIiB4bWxucz0iaHR0cDovL3d3dy53My5vcmcvMjAwMC9zdmciPjwvc3ZnPg==\" style=\"--smush-placeholder-width: 640px; --smush-placeholder-aspect-ratio: 640\/640;\" \/><\/a><\/figure>\n\n\n\n<p>En el complemento, sobre los 20 minutos, con el Aurinegro lanzado en ataque, el Verdolaga recuper\u00f3 el bal\u00f3n y fue en busca del gol, el cual consigui\u00f3 tras un preciso derechazo de\u00a0<strong>Juan Pablo Ruiz G\u00f3mez<\/strong>.<\/p>\n\n\n\n<figure class=\"wp-block-image size-full is-resized\"><a href=\"https:\/\/i0.wp.com\/elterritorialweb.com.ar\/web\/wp-content\/uploads\/2022\/03\/mitre-ferro-3-2.jpg\"><img data-recalc-dims=\"1\" decoding=\"async\" data-src=\"https:\/\/i0.wp.com\/elterritorialweb.com.ar\/web\/wp-content\/uploads\/2022\/03\/mitre-ferro-3-2.jpg?resize=640%2C577\" alt=\"\" class=\"wp-image-37083 lazyload\" width=\"640\" height=\"577\" data-srcset=\"https:\/\/i0.wp.com\/elterritorialweb.com.ar\/web\/wp-content\/uploads\/2022\/03\/mitre-ferro-3-2.jpg?w=526&amp;ssl=1 526w, https:\/\/i0.wp.com\/elterritorialweb.com.ar\/web\/wp-content\/uploads\/2022\/03\/mitre-ferro-3-2.jpg?resize=300%2C270&amp;ssl=1 300w\" data-sizes=\"(max-width: 640px) 100vw, 640px\" src=\"data:image\/svg+xml;base64,PHN2ZyB3aWR0aD0iMSIgaGVpZ2h0PSIxIiB4bWxucz0iaHR0cDovL3d3dy53My5vcmcvMjAwMC9zdmciPjwvc3ZnPg==\" style=\"--smush-placeholder-width: 640px; --smush-placeholder-aspect-ratio: 640\/577;\" \/><\/a><\/figure>\n\n\n\n<p>El due\u00f1o de casa avanz\u00f3 mucho m\u00e1s en el tanteador y fue en busca del empate; la visita tuvo otras oportunidades de ampliar pero dej\u00f3 con vida a su rival y Mitre tuvo una clara chance desde un tiro libre. A los 35,\u00a0<strong>Germ\u00e1n D\u00edaz<\/strong>\u00a0se encarg\u00f3 de acariciarla con la derecha y la puso en el \u00e1ngulo.<\/p>\n\n\n\n<figure class=\"wp-block-image size-large\"><a href=\"https:\/\/i0.wp.com\/elterritorialweb.com.ar\/web\/wp-content\/uploads\/2022\/03\/mitre-ferro-2.jpg\"><img data-recalc-dims=\"1\" decoding=\"async\" width=\"640\" height=\"640\" data-src=\"https:\/\/i0.wp.com\/elterritorialweb.com.ar\/web\/wp-content\/uploads\/2022\/03\/mitre-ferro-2.jpg?resize=640%2C640\" alt=\"\" class=\"wp-image-37084 lazyload\" data-srcset=\"https:\/\/i0.wp.com\/elterritorialweb.com.ar\/web\/wp-content\/uploads\/2022\/03\/mitre-ferro-2.jpg?resize=1024%2C1024&amp;ssl=1 1024w, https:\/\/i0.wp.com\/elterritorialweb.com.ar\/web\/wp-content\/uploads\/2022\/03\/mitre-ferro-2.jpg?resize=300%2C300&amp;ssl=1 300w, https:\/\/i0.wp.com\/elterritorialweb.com.ar\/web\/wp-content\/uploads\/2022\/03\/mitre-ferro-2.jpg?resize=150%2C150&amp;ssl=1 150w, https:\/\/i0.wp.com\/elterritorialweb.com.ar\/web\/wp-content\/uploads\/2022\/03\/mitre-ferro-2.jpg?resize=768%2C768&amp;ssl=1 768w, https:\/\/i0.wp.com\/elterritorialweb.com.ar\/web\/wp-content\/uploads\/2022\/03\/mitre-ferro-2.jpg?w=1080&amp;ssl=1 1080w\" data-sizes=\"(max-width: 640px) 100vw, 640px\" src=\"data:image\/svg+xml;base64,PHN2ZyB3aWR0aD0iMSIgaGVpZ2h0PSIxIiB4bWxucz0iaHR0cDovL3d3dy53My5vcmcvMjAwMC9zdmciPjwvc3ZnPg==\" style=\"--smush-placeholder-width: 640px; --smush-placeholder-aspect-ratio: 640\/640;\" \/><\/a><\/figure>\n\n\n\n<p>El resto del encuentro se jug\u00f3 con m\u00e1s \u00edmpetu que buen f\u00fatbol y no pudieron torcer el marcador y el juego a su favor. Mitre se tuvo que conformar con un empate que no lo puede sacar del fondo ya que tiene dos puntos y est\u00e1 \u00faltimo, mientras que Ferro se llev\u00f3 un punto que le sirve poco.<\/p>\n\n\n\n<p>La 7\u00aa fecha de la Primera Nacional se jugar\u00e1 entre semana, pero Mitre quedar\u00e1 libre. El que si saldr\u00e1 a escena es Ferro, que recibir\u00e1 el mi\u00e9rcoles a las 20 a Sacachispas.<\/p>\n","protected":false},"excerpt":{"rendered":"<p>El Aurinegro perd\u00eda por la m\u00ednima, pero con un golazo de tiro libre empat\u00f3 el partido a Ferro Carril Oeste por la Primera Nacional.<\/p>\n","protected":false},"author":2,"featured_media":37081,"comment_status":"open","ping_status":"open","sticky":false,"template":"","format":"standard","meta":{"om_disable_all_campaigns":false,"_monsterinsights_skip_tracking":false,"_monsterinsights_sitenote_active":false,"_monsterinsights_sitenote_note":"","_monsterinsights_sitenote_category":0,"_uf_show_specific_survey":0,"_uf_disable_surveys":false,"jetpack_post_was_ever_published":false,"_jetpack_newsletter_access":"","_jetpack_dont_email_post_to_subs":false,"_jetpack_newsletter_tier_id":0,"_jetpack_memberships_contains_paywalled_content":false,"_jetpack_memberships_contains_paid_content":false,"footnotes":"","jetpack_publicize_message":"","jetpack_publicize_feature_enabled":true,"jetpack_social_post_already_shared":false,"jetpack_social_options":{"image_generator_settings":{"template":"highway","default_image_id":0,"font":"","enabled":false},"version":2}},"categories":[6],"tags":[],"class_list":["post-37080","post","type-post","status-publish","format-standard","has-post-thumbnail","hentry","category-deportes"],"aioseo_notices":[],"views":11,"jetpack_publicize_connections":[],"jetpack_featured_media_url":"https:\/\/i0.wp.com\/elterritorialweb.com.ar\/web\/wp-content\/uploads\/2022\/03\/mitre-ferro.jpg?fit=1080%2C1080&ssl=1","jetpack_sharing_enabled":true,"_links":{"self":[{"href":"https:\/\/elterritorialweb.com.ar\/web\/wp-json\/wp\/v2\/posts\/37080","targetHints":{"allow":["GET"]}}],"collection":[{"href":"https:\/\/elterritorialweb.com.ar\/web\/wp-json\/wp\/v2\/posts"}],"about":[{"href":"https:\/\/elterritorialweb.com.ar\/web\/wp-json\/wp\/v2\/types\/post"}],"author":[{"embeddable":true,"href":"https:\/\/elterritorialweb.com.ar\/web\/wp-json\/wp\/v2\/users\/2"}],"replies":[{"embeddable":true,"href":"https:\/\/elterritorialweb.com.ar\/web\/wp-json\/wp\/v2\/comments?post=37080"}],"version-history":[{"count":1,"href":"https:\/\/elterritorialweb.com.ar\/web\/wp-json\/wp\/v2\/posts\/37080\/revisions"}],"predecessor-version":[{"id":37085,"href":"https:\/\/elterritorialweb.com.ar\/web\/wp-json\/wp\/v2\/posts\/37080\/revisions\/37085"}],"wp:featuredmedia":[{"embeddable":true,"href":"https:\/\/elterritorialweb.com.ar\/web\/wp-json\/wp\/v2\/media\/37081"}],"wp:attachment":[{"href":"https:\/\/elterritorialweb.com.ar\/web\/wp-json\/wp\/v2\/media?parent=37080"}],"wp:term":[{"taxonomy":"category","embeddable":true,"href":"https:\/\/elterritorialweb.com.ar\/web\/wp-json\/wp\/v2\/categories?post=37080"},{"taxonomy":"post_tag","embeddable":true,"href":"https:\/\/elterritorialweb.com.ar\/web\/wp-json\/wp\/v2\/tags?post=37080"}],"curies":[{"name":"wp","href":"https:\/\/api.w.org\/{rel}","templated":true}]}}