{"id":37105,"date":"2022-03-20T20:24:09","date_gmt":"2022-03-20T20:24:09","guid":{"rendered":"http:\/\/elterritorialweb.com.ar\/web\/?p=37105"},"modified":"2022-03-20T20:30:17","modified_gmt":"2022-03-20T20:30:17","slug":"impactante-caida-de-marc-marquez-en-el-gran-premio-de-indonesia","status":"publish","type":"post","link":"https:\/\/elterritorialweb.com.ar\/web\/impactante-caida-de-marc-marquez-en-el-gran-premio-de-indonesia\/","title":{"rendered":"IMPACTANTE CAIDA DE MARC M\u00c1RQUEZ EN EL GRAN PREMIO DE INDONESIA"},"content":{"rendered":"\n<p>El sextuple campe\u00f3n de MotoGP, el espa\u00f1ol Marc M\u00e1rquez, protagoniz\u00f3 este domingo una impresionante ca\u00edda en el calentamiento del Gran Premio de Indonesia, que defini\u00f3 como \u00abuna de las m\u00e1s duras\u00bb que sufri\u00f3 en su carrera, por fortuna sin consecuencias f\u00edsicas de gravedad.<\/p>\n\n\n\n<figure class=\"wp-block-image size-full\"><a href=\"https:\/\/i0.wp.com\/elterritorialweb.com.ar\/web\/wp-content\/uploads\/2022\/03\/Screenshot_20220320-1724542.png\"><img data-recalc-dims=\"1\" decoding=\"async\" width=\"640\" height=\"646\" data-src=\"https:\/\/i0.wp.com\/elterritorialweb.com.ar\/web\/wp-content\/uploads\/2022\/03\/Screenshot_20220320-1724542.png?resize=640%2C646\" alt=\"\" class=\"wp-image-37109 lazyload\" data-srcset=\"https:\/\/i0.wp.com\/elterritorialweb.com.ar\/web\/wp-content\/uploads\/2022\/03\/Screenshot_20220320-1724542.png?w=691&amp;ssl=1 691w, https:\/\/i0.wp.com\/elterritorialweb.com.ar\/web\/wp-content\/uploads\/2022\/03\/Screenshot_20220320-1724542.png?resize=297%2C300&amp;ssl=1 297w, https:\/\/i0.wp.com\/elterritorialweb.com.ar\/web\/wp-content\/uploads\/2022\/03\/Screenshot_20220320-1724542.png?resize=150%2C150&amp;ssl=1 150w\" data-sizes=\"(max-width: 640px) 100vw, 640px\" src=\"data:image\/svg+xml;base64,PHN2ZyB3aWR0aD0iMSIgaGVpZ2h0PSIxIiB4bWxucz0iaHR0cDovL3d3dy53My5vcmcvMjAwMC9zdmciPjwvc3ZnPg==\" style=\"--smush-placeholder-width: 640px; --smush-placeholder-aspect-ratio: 640\/646;\" \/><\/a><\/figure>\n\n\n\n<p>El catal\u00e1n, de 27 a\u00f1os, perdi\u00f3 el control de la moto en la s\u00e9ptima curva del trazado de Mandalika, vol\u00f3 literalmente por el aire y se desliz\u00f3 varios metros sobre el asfalto hasta que pudo incorporarse por sus propios medios bajo estado de conmoci\u00f3n.<\/p>\n\n\n\n<p>El piloto fue declarado \u00abno apto\u00bb para correr por los m\u00e9dicos de la categor\u00eda y trasladado por protocolo hacia el hospital de Mataram para realizarse estudios complementarios, inform\u00f3 su equipo Repsol Honda<\/p>\n\n\n\n<figure class=\"wp-block-embed is-type-rich is-provider-twitter wp-block-embed-twitter\"><div class=\"wp-block-embed__wrapper\">\n<blockquote class=\"twitter-tweet\" data-width=\"550\" data-dnt=\"true\"><p lang=\"es\" dir=\"ltr\">Estamos bien despu\u00e9s de la fuerte ca\u00edda que hemos tenido esta ma\u00f1ana. Por precauci\u00f3n y para no coger m\u00e1s riesgos, hemos decidido no correr la carrera del <a href=\"https:\/\/twitter.com\/hashtag\/IndonesianGP?src=hash&amp;ref_src=twsrc%5Etfw\">#IndonesianGP<\/a>. (1\/3)<a href=\"https:\/\/t.co\/dqRNeKSPdQ\">pic.twitter.com\/dqRNeKSPdQ<\/a><\/p>&mdash; Marc M\u00e1rquez (@marcmarquez93) <a href=\"https:\/\/twitter.com\/marcmarquez93\/status\/1505511897994567682?ref_src=twsrc%5Etfw\">March 20, 2022<\/a><\/blockquote><script async src=\"https:\/\/platform.twitter.com\/widgets.js\" charset=\"utf-8\"><\/script>\n<\/div><\/figure>\n\n\n\n<p>\u00abHa sido una ca\u00edda bastante fuerte en el Warm Up (calentamiento) de esta ma\u00f1ana, quiz\u00e1s una de las m\u00e1s grandes que he tenido\u00bb, admiti\u00f3 M\u00e1rquez en declaraciones reproducidas por la agencia de noticias AFP.<\/p>\n\n\n\n<p>\u00abHe ido al hospital local y, aunque no hay problemas graves, se ha decidido que no deb\u00eda correr. Por supuesto que es una pena, pero es la mejor decisi\u00f3n\u00bb, acept\u00f3.<\/p>\n\n\n\n<figure class=\"wp-block-image size-full\"><a href=\"https:\/\/i0.wp.com\/elterritorialweb.com.ar\/web\/wp-content\/uploads\/2022\/03\/Screenshot_20220320-1729002.png\"><img data-recalc-dims=\"1\" decoding=\"async\" width=\"640\" height=\"531\" data-src=\"https:\/\/i0.wp.com\/elterritorialweb.com.ar\/web\/wp-content\/uploads\/2022\/03\/Screenshot_20220320-1729002.png?resize=640%2C531\" alt=\"\" class=\"wp-image-37111 lazyload\" data-srcset=\"https:\/\/i0.wp.com\/elterritorialweb.com.ar\/web\/wp-content\/uploads\/2022\/03\/Screenshot_20220320-1729002.png?w=709&amp;ssl=1 709w, https:\/\/i0.wp.com\/elterritorialweb.com.ar\/web\/wp-content\/uploads\/2022\/03\/Screenshot_20220320-1729002.png?resize=300%2C249&amp;ssl=1 300w\" data-sizes=\"(max-width: 640px) 100vw, 640px\" src=\"data:image\/svg+xml;base64,PHN2ZyB3aWR0aD0iMSIgaGVpZ2h0PSIxIiB4bWxucz0iaHR0cDovL3d3dy53My5vcmcvMjAwMC9zdmciPjwvc3ZnPg==\" style=\"--smush-placeholder-width: 640px; --smush-placeholder-aspect-ratio: 640\/531;\" \/><\/a><\/figure>\n\n\n\n<p>El espa\u00f1ol sufri\u00f3 cuatro accidentes en el circuito de Indonesia a lo largo del fin de semana: uno el viernes en los entrenamientos libres y dos en la sesi\u00f3n clasificatoria del s\u00e1bado.<\/p>\n\n\n\n<p>\u00ab\u00bfQu\u00e9 puedo decir? No ha sido nuestro fin de semana, hemos luchado y tenido problemas desde el principio\u00bb, lament\u00f3.<\/p>\n\n\n\n<p>Campe\u00f3n de la categor\u00eda en 2013, 2014, 2016, 2017, 2018 y 2019, M\u00e1rquez perdi\u00f3 toda la temporada 2020 por la fractura de un brazo en la primera competencia de ese a\u00f1o y tras volver de forma progresiva se perdi\u00f3 las \u00faltimos dos GP de la campa\u00f1a 2021 por otro siniestro que le dificult\u00f3 la visi\u00f3n.<\/p>\n","protected":false},"excerpt":{"rendered":"<p>El catal\u00e1n, de 27 a\u00f1os, perdi\u00f3 el control de la moto en la s\u00e9ptima curva del trazado de Mandalika, vol\u00f3 literalmente por el aire y se desliz\u00f3 varios metros sobre el asfalto hasta que pudo incorporarse por sus propios medios bajo estado de conmoci\u00f3n.<\/p>\n","protected":false},"author":2,"featured_media":37107,"comment_status":"open","ping_status":"open","sticky":false,"template":"","format":"standard","meta":{"om_disable_all_campaigns":false,"_monsterinsights_skip_tracking":false,"_monsterinsights_sitenote_active":false,"_monsterinsights_sitenote_note":"","_monsterinsights_sitenote_category":0,"_uf_show_specific_survey":0,"_uf_disable_surveys":false,"jetpack_post_was_ever_published":false,"_jetpack_newsletter_access":"","_jetpack_dont_email_post_to_subs":false,"_jetpack_newsletter_tier_id":0,"_jetpack_memberships_contains_paywalled_content":false,"_jetpack_memberships_contains_paid_content":false,"footnotes":"","jetpack_publicize_message":"","jetpack_publicize_feature_enabled":true,"jetpack_social_post_already_shared":false,"jetpack_social_options":{"image_generator_settings":{"template":"highway","default_image_id":0,"font":"","enabled":false},"version":2}},"categories":[6],"tags":[],"class_list":["post-37105","post","type-post","status-publish","format-standard","has-post-thumbnail","hentry","category-deportes"],"aioseo_notices":[],"views":10,"jetpack_publicize_connections":[],"jetpack_featured_media_url":"https:\/\/i0.wp.com\/elterritorialweb.com.ar\/web\/wp-content\/uploads\/2022\/03\/Screenshot_20220320-1722162.png?fit=720%2C654&ssl=1","jetpack_sharing_enabled":true,"_links":{"self":[{"href":"https:\/\/elterritorialweb.com.ar\/web\/wp-json\/wp\/v2\/posts\/37105","targetHints":{"allow":["GET"]}}],"collection":[{"href":"https:\/\/elterritorialweb.com.ar\/web\/wp-json\/wp\/v2\/posts"}],"about":[{"href":"https:\/\/elterritorialweb.com.ar\/web\/wp-json\/wp\/v2\/types\/post"}],"author":[{"embeddable":true,"href":"https:\/\/elterritorialweb.com.ar\/web\/wp-json\/wp\/v2\/users\/2"}],"replies":[{"embeddable":true,"href":"https:\/\/elterritorialweb.com.ar\/web\/wp-json\/wp\/v2\/comments?post=37105"}],"version-history":[{"count":2,"href":"https:\/\/elterritorialweb.com.ar\/web\/wp-json\/wp\/v2\/posts\/37105\/revisions"}],"predecessor-version":[{"id":37112,"href":"https:\/\/elterritorialweb.com.ar\/web\/wp-json\/wp\/v2\/posts\/37105\/revisions\/37112"}],"wp:featuredmedia":[{"embeddable":true,"href":"https:\/\/elterritorialweb.com.ar\/web\/wp-json\/wp\/v2\/media\/37107"}],"wp:attachment":[{"href":"https:\/\/elterritorialweb.com.ar\/web\/wp-json\/wp\/v2\/media?parent=37105"}],"wp:term":[{"taxonomy":"category","embeddable":true,"href":"https:\/\/elterritorialweb.com.ar\/web\/wp-json\/wp\/v2\/categories?post=37105"},{"taxonomy":"post_tag","embeddable":true,"href":"https:\/\/elterritorialweb.com.ar\/web\/wp-json\/wp\/v2\/tags?post=37105"}],"curies":[{"name":"wp","href":"https:\/\/api.w.org\/{rel}","templated":true}]}}