{"id":37131,"date":"2022-03-21T01:44:08","date_gmt":"2022-03-21T01:44:08","guid":{"rendered":"http:\/\/elterritorialweb.com.ar\/web\/?p=37131"},"modified":"2022-03-21T01:45:36","modified_gmt":"2022-03-21T01:45:36","slug":"frias-se-realizaran-actividades-en-el-marco-de-el-dia-internacional-del-sindrome-de-down","status":"publish","type":"post","link":"https:\/\/elterritorialweb.com.ar\/web\/frias-se-realizaran-actividades-en-el-marco-de-el-dia-internacional-del-sindrome-de-down\/","title":{"rendered":"FR\u00cdAS: SE REALIZARAN ACTIVIDADES EN EL MARCO DE \u00abEL D\u00cdA INTERNACIONAL DEL S\u00cdNDROME DE DOWN\u00bb"},"content":{"rendered":"\n<p>En el marco de \u00abEl D\u00eda Internacional del S\u00edndrome de Down\u00bb establecido por la Organizaci\u00f3n de las Naciones Unidas (ONU) en 2011, Cada 21 de marzo se realiza en todas partes del mundo jornadas recreativas para llamar a la reflexi\u00f3n a distintas comunidades sobre esta condici\u00f3n.<\/p>\n\n\n\n<p>Es por eso que en la ciudad de Fr\u00edas,  el dia lunes por la ma\u00f1ana a partir de las 9 a 11hs., se llevar\u00e1 acabo un encuentro con numerosas actividades,  con el prop\u00f3sito de informar a la sociedad sobre la importancia que tiene la fecha para las personas con s\u00edndrome de down.<\/p>\n\n\n\n<p>Dicho evento est\u00e1 organizado por dos instituciones del medio, el Instituto Terap\u00e9utico Integral \u00abCrecer\u00bb y la Escuela Municipal \u00bb Hacia la vida\u00bb de las cuales ambas autoridades coordinaron las intervenciones que se dar\u00e1n este lunes en la plaza 9 de julio de la ciudad de la amistad.<\/p>\n\n\n\n<p>Desde la organizaci\u00f3n informaron que los beneficiarios y alumnos de los dos establecimientos, propondr\u00e1n a los presentes, realizar distintas pr\u00e1cticas con ellos, como bailar, jugar, entre otras interacciones. <\/p>\n\n\n\n<p>Cabe destacar que dichas instituciones tienen como idea principal con esta jornada, de reforzar los conceptos de inclusi\u00f3n y velar por los derechos de las personas con esta patologia.<br>Tambien se pondr\u00e1 a disposici\u00f3n un c\u00f3digo QR para ampliar la informaci\u00f3n que cada participante pueda brindar.<\/p>\n\n\n\n<figure class=\"wp-block-image size-full\"><a href=\"https:\/\/i0.wp.com\/elterritorialweb.com.ar\/web\/wp-content\/uploads\/2022\/03\/IMG-20220320-WA0033.jpg\"><img data-recalc-dims=\"1\" decoding=\"async\" width=\"451\" height=\"800\" data-src=\"https:\/\/i0.wp.com\/elterritorialweb.com.ar\/web\/wp-content\/uploads\/2022\/03\/IMG-20220320-WA0033.jpg?resize=451%2C800\" alt=\"\" class=\"wp-image-37133 lazyload\" data-srcset=\"https:\/\/i0.wp.com\/elterritorialweb.com.ar\/web\/wp-content\/uploads\/2022\/03\/IMG-20220320-WA0033.jpg?w=451&amp;ssl=1 451w, https:\/\/i0.wp.com\/elterritorialweb.com.ar\/web\/wp-content\/uploads\/2022\/03\/IMG-20220320-WA0033.jpg?resize=169%2C300&amp;ssl=1 169w\" data-sizes=\"(max-width: 451px) 100vw, 451px\" src=\"data:image\/svg+xml;base64,PHN2ZyB3aWR0aD0iMSIgaGVpZ2h0PSIxIiB4bWxucz0iaHR0cDovL3d3dy53My5vcmcvMjAwMC9zdmciPjwvc3ZnPg==\" style=\"--smush-placeholder-width: 451px; --smush-placeholder-aspect-ratio: 451\/800;\" \/><\/a><\/figure>\n","protected":false},"excerpt":{"rendered":"<p>Las mismas ser\u00e1n, este lunes 21 de  9 a 11hs. en la Plaza 9 de julio de esa ciudad <\/p>\n","protected":false},"author":2,"featured_media":37132,"comment_status":"open","ping_status":"open","sticky":false,"template":"","format":"standard","meta":{"om_disable_all_campaigns":false,"_monsterinsights_skip_tracking":false,"_monsterinsights_sitenote_active":false,"_monsterinsights_sitenote_note":"","_monsterinsights_sitenote_category":0,"_uf_show_specific_survey":0,"_uf_disable_surveys":false,"jetpack_post_was_ever_published":false,"_jetpack_newsletter_access":"","_jetpack_dont_email_post_to_subs":false,"_jetpack_newsletter_tier_id":0,"_jetpack_memberships_contains_paywalled_content":false,"_jetpack_memberships_contains_paid_content":false,"footnotes":"","jetpack_publicize_message":"","jetpack_publicize_feature_enabled":true,"jetpack_social_post_already_shared":false,"jetpack_social_options":{"image_generator_settings":{"template":"highway","default_image_id":0,"font":"","enabled":false},"version":2}},"categories":[21],"tags":[],"class_list":["post-37131","post","type-post","status-publish","format-standard","has-post-thumbnail","hentry","category-locales"],"aioseo_notices":[],"views":73,"jetpack_publicize_connections":[],"jetpack_featured_media_url":"https:\/\/i0.wp.com\/elterritorialweb.com.ar\/web\/wp-content\/uploads\/2022\/03\/B9f8p51c8_1200x630__1.jpg?fit=1200%2C630&ssl=1","jetpack_sharing_enabled":true,"_links":{"self":[{"href":"https:\/\/elterritorialweb.com.ar\/web\/wp-json\/wp\/v2\/posts\/37131","targetHints":{"allow":["GET"]}}],"collection":[{"href":"https:\/\/elterritorialweb.com.ar\/web\/wp-json\/wp\/v2\/posts"}],"about":[{"href":"https:\/\/elterritorialweb.com.ar\/web\/wp-json\/wp\/v2\/types\/post"}],"author":[{"embeddable":true,"href":"https:\/\/elterritorialweb.com.ar\/web\/wp-json\/wp\/v2\/users\/2"}],"replies":[{"embeddable":true,"href":"https:\/\/elterritorialweb.com.ar\/web\/wp-json\/wp\/v2\/comments?post=37131"}],"version-history":[{"count":2,"href":"https:\/\/elterritorialweb.com.ar\/web\/wp-json\/wp\/v2\/posts\/37131\/revisions"}],"predecessor-version":[{"id":37136,"href":"https:\/\/elterritorialweb.com.ar\/web\/wp-json\/wp\/v2\/posts\/37131\/revisions\/37136"}],"wp:featuredmedia":[{"embeddable":true,"href":"https:\/\/elterritorialweb.com.ar\/web\/wp-json\/wp\/v2\/media\/37132"}],"wp:attachment":[{"href":"https:\/\/elterritorialweb.com.ar\/web\/wp-json\/wp\/v2\/media?parent=37131"}],"wp:term":[{"taxonomy":"category","embeddable":true,"href":"https:\/\/elterritorialweb.com.ar\/web\/wp-json\/wp\/v2\/categories?post=37131"},{"taxonomy":"post_tag","embeddable":true,"href":"https:\/\/elterritorialweb.com.ar\/web\/wp-json\/wp\/v2\/tags?post=37131"}],"curies":[{"name":"wp","href":"https:\/\/api.w.org\/{rel}","templated":true}]}}