{"id":37137,"date":"2022-03-21T01:50:51","date_gmt":"2022-03-21T01:50:51","guid":{"rendered":"http:\/\/elterritorialweb.com.ar\/web\/?p=37137"},"modified":"2022-03-21T01:52:38","modified_gmt":"2022-03-21T01:52:38","slug":"ciclo-teatral-santiagueno-por-el-dia-mundial-del-teatro","status":"publish","type":"post","link":"https:\/\/elterritorialweb.com.ar\/web\/ciclo-teatral-santiagueno-por-el-dia-mundial-del-teatro\/","title":{"rendered":"CICLO TEATRAL SANTIAGUE\u00d1O POR EL D\u00cdA MUNDIAL DEL TEATRO"},"content":{"rendered":"\n<p>A realizarse en el Paraninfo de la UNSE, un abanico de opciones estar\u00e1 disponible para que el p\u00fablico se reencuentro con el arte local.<\/p>\n\n\n\n<p>Con la idea, gesti\u00f3n y direcci\u00f3n de Fabi\u00e1n \u00c1valos, Sandra Camiletti y un equipo de actores y actrices que se sumaron a la experiencia; el ciclo cuenta con el apoyo del Instituto Nacional del Teatro, Universidad Nacional dr Santiago del Estero, Secretar\u00eda de Extensi\u00f3n Universitaria de UNSE y la Subsecretar\u00eda de Cultura de la Provincia.<\/p>\n\n\n\n<p>Las obras con sus d\u00edas y horarios que subir\u00e1n a escena son las siguentes:<\/p>\n\n\n\n<p><em>Viernes 25 de Marzo<\/em><br>&#8211;20 hs.: Las Primas Santiague\u00f1as Pand\u00e9micas (Comedia).<br>&#8211;21 hs.: Presentaci\u00f3n de libro (Edunse)<br>&#8211;22 hs.: Ellas (Teatro Danza)<\/p>\n\n\n\n<p><em>S\u00e1bado 26 de Marzo<\/em><br>&#8211;20 hs.: C\u00f3mo estar\u00e1n mis Helechos (Unipersonal Dr\u00e1matico)<br>&#8211;22 hs.: Por Ella Eva (Unipersonal Dr\u00e1matico)<br>&#8211;23.30hs.: Lectura Mensaje Anual Por el D\u00eda Internacional del Teatro<\/p>\n\n\n\n<p><em>Domingo 27 de Marzo<\/em><br>&#8211;18 hs.: Las aventuras de Jorgito (T\u00edteres para ni\u00f1os)<br>&#8211;20 hs.: El Patio de Atr\u00e1s (Comedia Dramatica). Cierre.<\/p>\n\n\n\n<p>Cabe destacar que el D\u00eda Mundial del Teatro se celebra cada 27 de marzo por iniciativa del Instituto Internacional del Teatro (ITI), qui\u00e9n instituy\u00f3 la fecha en el a\u00f1o 1961.<\/p>\n\n\n\n<p>Las entradas para cualquier obra se podr\u00e1n adquirir en el lugsr a precio popular de $300.<\/p>\n","protected":false},"excerpt":{"rendered":"<p>Las m\u00e1s destacadas y exitosas obras santiague\u00f1as suben a escena desde el 25 al 27 de marzo en comemoraci\u00f3n al D\u00eda Mundial del Teatro.<\/p>\n","protected":false},"author":2,"featured_media":37140,"comment_status":"open","ping_status":"open","sticky":false,"template":"","format":"standard","meta":{"om_disable_all_campaigns":false,"_monsterinsights_skip_tracking":false,"_monsterinsights_sitenote_active":false,"_monsterinsights_sitenote_note":"","_monsterinsights_sitenote_category":0,"_uf_show_specific_survey":0,"_uf_disable_surveys":false,"jetpack_post_was_ever_published":false,"_jetpack_newsletter_access":"","_jetpack_dont_email_post_to_subs":false,"_jetpack_newsletter_tier_id":0,"_jetpack_memberships_contains_paywalled_content":false,"_jetpack_memberships_contains_paid_content":false,"footnotes":"","jetpack_publicize_message":"","jetpack_publicize_feature_enabled":true,"jetpack_social_post_already_shared":false,"jetpack_social_options":{"image_generator_settings":{"template":"highway","default_image_id":0,"font":"","enabled":false},"version":2}},"categories":[20],"tags":[],"class_list":["post-37137","post","type-post","status-publish","format-standard","has-post-thumbnail","hentry","category-especysociales"],"aioseo_notices":[],"views":12,"jetpack_publicize_connections":[],"jetpack_featured_media_url":"https:\/\/i0.wp.com\/elterritorialweb.com.ar\/web\/wp-content\/uploads\/2022\/03\/IMG-20220320-WA00292.jpg?fit=768%2C487&ssl=1","jetpack_sharing_enabled":true,"_links":{"self":[{"href":"https:\/\/elterritorialweb.com.ar\/web\/wp-json\/wp\/v2\/posts\/37137","targetHints":{"allow":["GET"]}}],"collection":[{"href":"https:\/\/elterritorialweb.com.ar\/web\/wp-json\/wp\/v2\/posts"}],"about":[{"href":"https:\/\/elterritorialweb.com.ar\/web\/wp-json\/wp\/v2\/types\/post"}],"author":[{"embeddable":true,"href":"https:\/\/elterritorialweb.com.ar\/web\/wp-json\/wp\/v2\/users\/2"}],"replies":[{"embeddable":true,"href":"https:\/\/elterritorialweb.com.ar\/web\/wp-json\/wp\/v2\/comments?post=37137"}],"version-history":[{"count":1,"href":"https:\/\/elterritorialweb.com.ar\/web\/wp-json\/wp\/v2\/posts\/37137\/revisions"}],"predecessor-version":[{"id":37139,"href":"https:\/\/elterritorialweb.com.ar\/web\/wp-json\/wp\/v2\/posts\/37137\/revisions\/37139"}],"wp:featuredmedia":[{"embeddable":true,"href":"https:\/\/elterritorialweb.com.ar\/web\/wp-json\/wp\/v2\/media\/37140"}],"wp:attachment":[{"href":"https:\/\/elterritorialweb.com.ar\/web\/wp-json\/wp\/v2\/media?parent=37137"}],"wp:term":[{"taxonomy":"category","embeddable":true,"href":"https:\/\/elterritorialweb.com.ar\/web\/wp-json\/wp\/v2\/categories?post=37137"},{"taxonomy":"post_tag","embeddable":true,"href":"https:\/\/elterritorialweb.com.ar\/web\/wp-json\/wp\/v2\/tags?post=37137"}],"curies":[{"name":"wp","href":"https:\/\/api.w.org\/{rel}","templated":true}]}}