{"id":37141,"date":"2022-03-21T02:35:01","date_gmt":"2022-03-21T02:35:01","guid":{"rendered":"http:\/\/elterritorialweb.com.ar\/web\/?p=37141"},"modified":"2022-03-21T02:35:01","modified_gmt":"2022-03-21T02:35:01","slug":"el-municipio-en-tu-barrio-llevo-multiples-servicios-a-los-vecinos-de-loa-barrios-palermo-y-besares","status":"publish","type":"post","link":"https:\/\/elterritorialweb.com.ar\/web\/el-municipio-en-tu-barrio-llevo-multiples-servicios-a-los-vecinos-de-loa-barrios-palermo-y-besares\/","title":{"rendered":"\u00abEL MUNICIPIO EN TU BARRIO\u00bb LLEV\u00d3 M\u00daLTIPLES SERVICIOS A LOS VECINOS DE LOA BARRIOS PALERMO Y BESARES"},"content":{"rendered":"\n<p>Dicho programa, acerc\u00f3 durante tres d\u00edas diferentes servicios que ofrece el municipio a trav\u00e9s de sus diversas \u00e1reas, c\u00f3mo atenci\u00f3n m\u00e9dica, entrega de medicamentos, cortes de cabello, atenci\u00f3n veterinaria, asesoramiento legal, informaci\u00f3n sobre las tareas que se realizan en materia de seguridad, Boleto Estudiantil, Defenda al Consumidor, entre otras.<br>En la jornada del s\u00e1bado, la Secretar\u00eda de Servicios P\u00fablicos despleg\u00f3 un amplio operativo de limpieza, desmalezamiento, descacharreo y fumigaci\u00f3n en diferentes sectores de los barrios Palermo y Besares, que incluyeron los espacios verdes de la zona y las inmediaciones del Cementerio La Misericordia.<\/p>\n\n\n\n<figure class=\"wp-block-image size-large\"><a href=\"https:\/\/i0.wp.com\/elterritorialweb.com.ar\/web\/wp-content\/uploads\/2022\/03\/IMG-20220320-WA0017.jpg\"><img data-recalc-dims=\"1\" decoding=\"async\" width=\"640\" height=\"361\" data-src=\"https:\/\/i0.wp.com\/elterritorialweb.com.ar\/web\/wp-content\/uploads\/2022\/03\/IMG-20220320-WA0017.jpg?resize=640%2C361\" alt=\"\" class=\"wp-image-37143 lazyload\" data-srcset=\"https:\/\/i0.wp.com\/elterritorialweb.com.ar\/web\/wp-content\/uploads\/2022\/03\/IMG-20220320-WA0017.jpg?resize=1024%2C577&amp;ssl=1 1024w, https:\/\/i0.wp.com\/elterritorialweb.com.ar\/web\/wp-content\/uploads\/2022\/03\/IMG-20220320-WA0017.jpg?resize=300%2C169&amp;ssl=1 300w, https:\/\/i0.wp.com\/elterritorialweb.com.ar\/web\/wp-content\/uploads\/2022\/03\/IMG-20220320-WA0017.jpg?resize=768%2C432&amp;ssl=1 768w, https:\/\/i0.wp.com\/elterritorialweb.com.ar\/web\/wp-content\/uploads\/2022\/03\/IMG-20220320-WA0017.jpg?resize=1536%2C865&amp;ssl=1 1536w, https:\/\/i0.wp.com\/elterritorialweb.com.ar\/web\/wp-content\/uploads\/2022\/03\/IMG-20220320-WA0017.jpg?w=1600&amp;ssl=1 1600w, https:\/\/i0.wp.com\/elterritorialweb.com.ar\/web\/wp-content\/uploads\/2022\/03\/IMG-20220320-WA0017.jpg?w=1280 1280w\" data-sizes=\"(max-width: 640px) 100vw, 640px\" src=\"data:image\/svg+xml;base64,PHN2ZyB3aWR0aD0iMSIgaGVpZ2h0PSIxIiB4bWxucz0iaHR0cDovL3d3dy53My5vcmcvMjAwMC9zdmciPjwvc3ZnPg==\" style=\"--smush-placeholder-width: 640px; --smush-placeholder-aspect-ratio: 640\/361;\" \/><\/a><\/figure>\n\n\n\n<p>En este sentido, una importante cantidad de vecinos se sumaron a la iniciativa de realizar la limpieza y descacharreo de sus propios domicilios para retirar residuos y chatarra acumulada los que fueron retirados por el personal municipal.<br>En horas de la tarde se dio lugar a una feria de artesanos y emprendedores que se instalaron en la Plaza Besares para ofrecer una gran variedad de productos con el acompa\u00f1amiento de la Direcci\u00f3n de Turismo Municipal.<br>Estas acciones son impulsadas con el objetivo de dar a conocer las diferentes actividades de gesti\u00f3n municipal a la que los vecinos pueden tener acceso de manera gratuita. Como as\u00ed tambi\u00e9n brindar soluciones a diversas problem\u00e1ticas de manera m\u00e1s espec\u00edfica.<br>De manera exitosa se concret\u00f3 el operativo en este populoso sector el cual continuar\u00e1 replic\u00e1ndose en diferentes barrios de la ciudad durante las pr\u00f3ximas semanas.<\/p>\n","protected":false},"excerpt":{"rendered":"<p>La Municipalidad de La Banda complet\u00f3 una nueva jornada de m\u00faltiples prestaciones y servicios p\u00fablicos en el sector comprendido entre los barrios Palermo y Besares como parte del programa \u00abEl municipio en tu barrio\u00bb.<\/p>\n","protected":false},"author":2,"featured_media":37142,"comment_status":"open","ping_status":"open","sticky":false,"template":"","format":"standard","meta":{"om_disable_all_campaigns":false,"_monsterinsights_skip_tracking":false,"_monsterinsights_sitenote_active":false,"_monsterinsights_sitenote_note":"","_monsterinsights_sitenote_category":0,"_uf_show_specific_survey":0,"_uf_disable_surveys":false,"jetpack_post_was_ever_published":false,"_jetpack_newsletter_access":"","_jetpack_dont_email_post_to_subs":false,"_jetpack_newsletter_tier_id":0,"_jetpack_memberships_contains_paywalled_content":false,"_jetpack_memberships_contains_paid_content":false,"footnotes":"","jetpack_publicize_message":"","jetpack_publicize_feature_enabled":true,"jetpack_social_post_already_shared":false,"jetpack_social_options":{"image_generator_settings":{"template":"highway","default_image_id":0,"font":"","enabled":false},"version":2}},"categories":[21],"tags":[],"class_list":["post-37141","post","type-post","status-publish","format-standard","has-post-thumbnail","hentry","category-locales"],"aioseo_notices":[],"views":8,"jetpack_publicize_connections":[],"jetpack_featured_media_url":"https:\/\/i0.wp.com\/elterritorialweb.com.ar\/web\/wp-content\/uploads\/2022\/03\/IMG-20220320-WA0018.jpg?fit=1600%2C901&ssl=1","jetpack_sharing_enabled":true,"_links":{"self":[{"href":"https:\/\/elterritorialweb.com.ar\/web\/wp-json\/wp\/v2\/posts\/37141","targetHints":{"allow":["GET"]}}],"collection":[{"href":"https:\/\/elterritorialweb.com.ar\/web\/wp-json\/wp\/v2\/posts"}],"about":[{"href":"https:\/\/elterritorialweb.com.ar\/web\/wp-json\/wp\/v2\/types\/post"}],"author":[{"embeddable":true,"href":"https:\/\/elterritorialweb.com.ar\/web\/wp-json\/wp\/v2\/users\/2"}],"replies":[{"embeddable":true,"href":"https:\/\/elterritorialweb.com.ar\/web\/wp-json\/wp\/v2\/comments?post=37141"}],"version-history":[{"count":1,"href":"https:\/\/elterritorialweb.com.ar\/web\/wp-json\/wp\/v2\/posts\/37141\/revisions"}],"predecessor-version":[{"id":37144,"href":"https:\/\/elterritorialweb.com.ar\/web\/wp-json\/wp\/v2\/posts\/37141\/revisions\/37144"}],"wp:featuredmedia":[{"embeddable":true,"href":"https:\/\/elterritorialweb.com.ar\/web\/wp-json\/wp\/v2\/media\/37142"}],"wp:attachment":[{"href":"https:\/\/elterritorialweb.com.ar\/web\/wp-json\/wp\/v2\/media?parent=37141"}],"wp:term":[{"taxonomy":"category","embeddable":true,"href":"https:\/\/elterritorialweb.com.ar\/web\/wp-json\/wp\/v2\/categories?post=37141"},{"taxonomy":"post_tag","embeddable":true,"href":"https:\/\/elterritorialweb.com.ar\/web\/wp-json\/wp\/v2\/tags?post=37141"}],"curies":[{"name":"wp","href":"https:\/\/api.w.org\/{rel}","templated":true}]}}