{"id":37145,"date":"2022-03-21T03:08:01","date_gmt":"2022-03-21T03:08:01","guid":{"rendered":"http:\/\/elterritorialweb.com.ar\/web\/?p=37145"},"modified":"2022-03-21T03:34:18","modified_gmt":"2022-03-21T03:34:18","slug":"ramon-avila-fue-reelecto-presidente-del-circulo-se-periodistas-deportivos","status":"publish","type":"post","link":"https:\/\/elterritorialweb.com.ar\/web\/ramon-avila-fue-reelecto-presidente-del-circulo-se-periodistas-deportivos\/","title":{"rendered":"RAM\u00d3N \u00c1VILA FUE REELECTO PRESIDENTE DEL C\u00cdRCULO SE PERIODISTAS DEPORTIVOS"},"content":{"rendered":"\n<p>Ram\u00f3n \u00c1vila fue reelecto presidente del C\u00edrculo de Periodistas Deportivos de Santiago del Estero por un nuevo periodo (2021-2023), <\/p>\n\n\n\n<p>Con la fiscalizaci\u00f3n de la Direcci\u00f3n General de Personas Jur\u00eddicas de la Provincia, Dra. Sonia Moglia, y ante una gran concurrencia de socios, se trataron los puntos del Orden del D\u00eda. <\/p>\n\n\n\n<figure class=\"wp-block-image size-full\"><a href=\"https:\/\/i0.wp.com\/elterritorialweb.com.ar\/web\/wp-content\/uploads\/2022\/03\/FB_IMG_1647831692696.jpg\"><img data-recalc-dims=\"1\" decoding=\"async\" width=\"640\" height=\"441\" data-src=\"https:\/\/i0.wp.com\/elterritorialweb.com.ar\/web\/wp-content\/uploads\/2022\/03\/FB_IMG_1647831692696.jpg?resize=640%2C441\" alt=\"\" class=\"wp-image-37151 lazyload\" data-srcset=\"https:\/\/i0.wp.com\/elterritorialweb.com.ar\/web\/wp-content\/uploads\/2022\/03\/FB_IMG_1647831692696.jpg?w=720&amp;ssl=1 720w, https:\/\/i0.wp.com\/elterritorialweb.com.ar\/web\/wp-content\/uploads\/2022\/03\/FB_IMG_1647831692696.jpg?resize=300%2C207&amp;ssl=1 300w\" data-sizes=\"(max-width: 640px) 100vw, 640px\" src=\"data:image\/svg+xml;base64,PHN2ZyB3aWR0aD0iMSIgaGVpZ2h0PSIxIiB4bWxucz0iaHR0cDovL3d3dy53My5vcmcvMjAwMC9zdmciPjwvc3ZnPg==\" style=\"--smush-placeholder-width: 640px; --smush-placeholder-aspect-ratio: 640\/441;\" \/><\/a><\/figure>\n\n\n\n<p>En primer t\u00e9rmino, se aprob\u00f3 por unanimidad el acta anterior de la asamblea. <\/p>\n\n\n\n<p>Luego, se dio la aprobaci\u00f3n al ejercicio contable de los per\u00edodos 2019\/2020 y 2020\/2021 (arroj\u00f3 un super\u00e1vit de 461.000 pesos), mediante una votaci\u00f3n de los socios (28 a 17). <\/p>\n\n\n\n<p>Posteriormente, se desarrollaron los comicios y que contaron con la participaci\u00f3n del 55% del padr\u00f3n electoral de socios. Se impuso la Lista Azul y Blanca sobre la Lista Verde, por 44 a 22 sufragios.<\/p>\n\n\n\n<p>Cabe destacar que en la vida institucional del CPDSE (63 a\u00f1os), fue la primera vez que se oficializ\u00f3 un acto eleccionario, con una notable participaci\u00f3n de socios, en un verdadero acto democr\u00e1tico.<\/p>\n\n\n\n<figure class=\"wp-block-image size-full\"><a href=\"https:\/\/i0.wp.com\/elterritorialweb.com.ar\/web\/wp-content\/uploads\/2022\/03\/FB_IMG_1647831695239.jpg\"><img data-recalc-dims=\"1\" decoding=\"async\" width=\"640\" height=\"269\" data-src=\"https:\/\/i0.wp.com\/elterritorialweb.com.ar\/web\/wp-content\/uploads\/2022\/03\/FB_IMG_1647831695239.jpg?resize=640%2C269\" alt=\"\" class=\"wp-image-37153 lazyload\" data-srcset=\"https:\/\/i0.wp.com\/elterritorialweb.com.ar\/web\/wp-content\/uploads\/2022\/03\/FB_IMG_1647831695239.jpg?w=720&amp;ssl=1 720w, https:\/\/i0.wp.com\/elterritorialweb.com.ar\/web\/wp-content\/uploads\/2022\/03\/FB_IMG_1647831695239.jpg?resize=300%2C126&amp;ssl=1 300w\" data-sizes=\"(max-width: 640px) 100vw, 640px\" src=\"data:image\/svg+xml;base64,PHN2ZyB3aWR0aD0iMSIgaGVpZ2h0PSIxIiB4bWxucz0iaHR0cDovL3d3dy53My5vcmcvMjAwMC9zdmciPjwvc3ZnPg==\" style=\"--smush-placeholder-width: 640px; --smush-placeholder-aspect-ratio: 640\/269;\" \/><\/a><\/figure>\n\n\n\n<p><strong>LA NUEVA COMISI\u00d3N DIRECTIVA<\/strong><\/p>\n\n\n\n<p>Presidente: Ram\u00f3n \u00c1vila (Radio Panorama\/Pasi\u00f3n &amp; Deporte).<br>Vicepresidente: Pablo Abelleira (Tele Imagen Codificada).<br>Secretaria: Bel\u00e9n V\u00e9liz (TyC Sports Play).<br>Tesorero: Ren\u00e9 Paz (www.abcdeporte.com.ar).<br>Protesorero: Walter Melchert (Radio Eco Termas).<br>Vocal Titular 1: Mariano Jaime (Pasi\u00f3n &amp; Deporte).<br>Vocal Titular 2: Lorena Aranda (www.masdeportesfdez.com.ar).<br>Vocal Titular 3: DCV Mario L\u00f3pez (www.mariolopes.com.ar).<br>Vocal Suplente 1: Daniel Romero (Diario El Liberal).<br>Vocal Suplente 2: Lidia Ru\u00edz (Tele Imagen Codificada).<br>Revisor de Cuentas 1: Cr. Lucas Serafini (Radio Exclusiva).<br>Revisor de Cuentas 2: Ra\u00fal Carranza (Radio Satelital).<\/p>\n\n\n\n<p>Jurado de Honor:<br>Dr. Hugo Soria (Vitalicio).<br>Carlos Riccardo (Radio Exclusiva).<br>Dr. Jos\u00e9 Emilio Jozami.<br>Lic. Germ\u00e1n Robato (Radio Panorama).<br>Juan Manuel Carabajal (Radio Panorama).<\/p>\n\n\n\n<p>Fiscales:<br>Ing. Jos\u00e9 Cabo Barros (Radio Termas Digital)<br>Pablo Pereyra (Radio Panorama).<br>Apoderado: Pablo Silighini (S\u00f3lo P\u00e1del).<\/p>\n","protected":false},"excerpt":{"rendered":"<p>Tras la continuidad de la Asamblea General Ordinaria, que se desarroll\u00f3 el s\u00e1bado \u00faltimo en el complejo deportivo de UPCN.<\/p>\n","protected":false},"author":2,"featured_media":37147,"comment_status":"open","ping_status":"open","sticky":false,"template":"","format":"standard","meta":{"om_disable_all_campaigns":false,"_monsterinsights_skip_tracking":false,"_monsterinsights_sitenote_active":false,"_monsterinsights_sitenote_note":"","_monsterinsights_sitenote_category":0,"_uf_show_specific_survey":0,"_uf_disable_surveys":false,"jetpack_post_was_ever_published":false,"_jetpack_newsletter_access":"","_jetpack_dont_email_post_to_subs":false,"_jetpack_newsletter_tier_id":0,"_jetpack_memberships_contains_paywalled_content":false,"_jetpack_memberships_contains_paid_content":false,"footnotes":"","jetpack_publicize_message":"","jetpack_publicize_feature_enabled":true,"jetpack_social_post_already_shared":false,"jetpack_social_options":{"image_generator_settings":{"template":"highway","default_image_id":0,"font":"","enabled":false},"version":2}},"categories":[21],"tags":[],"class_list":["post-37145","post","type-post","status-publish","format-standard","has-post-thumbnail","hentry","category-locales"],"aioseo_notices":[],"views":12,"jetpack_publicize_connections":[],"jetpack_featured_media_url":"https:\/\/i0.wp.com\/elterritorialweb.com.ar\/web\/wp-content\/uploads\/2022\/03\/Screenshot_20220321-0005252.png?fit=720%2C461&ssl=1","jetpack_sharing_enabled":true,"_links":{"self":[{"href":"https:\/\/elterritorialweb.com.ar\/web\/wp-json\/wp\/v2\/posts\/37145","targetHints":{"allow":["GET"]}}],"collection":[{"href":"https:\/\/elterritorialweb.com.ar\/web\/wp-json\/wp\/v2\/posts"}],"about":[{"href":"https:\/\/elterritorialweb.com.ar\/web\/wp-json\/wp\/v2\/types\/post"}],"author":[{"embeddable":true,"href":"https:\/\/elterritorialweb.com.ar\/web\/wp-json\/wp\/v2\/users\/2"}],"replies":[{"embeddable":true,"href":"https:\/\/elterritorialweb.com.ar\/web\/wp-json\/wp\/v2\/comments?post=37145"}],"version-history":[{"count":2,"href":"https:\/\/elterritorialweb.com.ar\/web\/wp-json\/wp\/v2\/posts\/37145\/revisions"}],"predecessor-version":[{"id":37154,"href":"https:\/\/elterritorialweb.com.ar\/web\/wp-json\/wp\/v2\/posts\/37145\/revisions\/37154"}],"wp:featuredmedia":[{"embeddable":true,"href":"https:\/\/elterritorialweb.com.ar\/web\/wp-json\/wp\/v2\/media\/37147"}],"wp:attachment":[{"href":"https:\/\/elterritorialweb.com.ar\/web\/wp-json\/wp\/v2\/media?parent=37145"}],"wp:term":[{"taxonomy":"category","embeddable":true,"href":"https:\/\/elterritorialweb.com.ar\/web\/wp-json\/wp\/v2\/categories?post=37145"},{"taxonomy":"post_tag","embeddable":true,"href":"https:\/\/elterritorialweb.com.ar\/web\/wp-json\/wp\/v2\/tags?post=37145"}],"curies":[{"name":"wp","href":"https:\/\/api.w.org\/{rel}","templated":true}]}}