{"id":37158,"date":"2022-03-21T03:45:20","date_gmt":"2022-03-21T03:45:20","guid":{"rendered":"http:\/\/elterritorialweb.com.ar\/web\/?p=37158"},"modified":"2022-03-21T03:45:20","modified_gmt":"2022-03-21T03:45:20","slug":"la-obra-del-centro-comercial-a-cielo-abierto-culminara-con-la-semipeatonalizacion-de-la-calle-rivadavia","status":"publish","type":"post","link":"https:\/\/elterritorialweb.com.ar\/web\/la-obra-del-centro-comercial-a-cielo-abierto-culminara-con-la-semipeatonalizacion-de-la-calle-rivadavia\/","title":{"rendered":"LA OBRA DEL \u00abCENTRO COMERCIAL A CIELO ABIERTO\u00bb CULMINAR\u00c1 CON LA SEMIPEATONALIZACI\u00d3N DE LA CALLE RIVADAVIA"},"content":{"rendered":"\n<p><em>La licitaci\u00f3n para la obra tan esperada se ejecutar\u00e1 el pr\u00f3ximo 30 de Marzo del corriente en el sal\u00f3n de Acuerdos de la Municipalidad bajo los protocolos oficiales para su realizaci\u00f3n.<\/em><br>Este ambicioso proyecto inici\u00f3 con la ejecuci\u00f3n de obras de mejoramiento sobre calle Sarmiento, se extendi\u00f3 a calle Pellegrini y meses atr\u00e1s se habilit\u00f3 sobre calle Alem.<br>Los trabajos incluyeron mejoras en la iluminaci\u00f3n, nuevas se\u00f1alizaciones, habilitaci\u00f3n de espacios de descanso y mayores comodidades para el ascenso y descenso de los transe\u00fantes de diferentes veh\u00edculos.<br>\u00abCentro comercial a cielo abierto\u00bb es un proyecto enfocado en el fortalecimiento de las PYMES en el \u00e1rea central de la ciudad, una iniciativa asociada entre el Municipio de La Banda, conjuntamente con el Centro de Comercio e Industria de la ciudad y con el apoyo t\u00e9cnico profesional de la Confederaci\u00f3n Argentina de la Mediana Empresa (CAME) y la Federaci\u00f3n Argentina de Centros Comerciales a Cielo Abierto (FCCA).<\/p>\n\n\n\n<figure class=\"wp-block-image size-large\"><a href=\"https:\/\/i0.wp.com\/elterritorialweb.com.ar\/web\/wp-content\/uploads\/2022\/03\/IMG-20220320-WA0021.jpg\"><img data-recalc-dims=\"1\" decoding=\"async\" width=\"640\" height=\"418\" data-src=\"https:\/\/i0.wp.com\/elterritorialweb.com.ar\/web\/wp-content\/uploads\/2022\/03\/IMG-20220320-WA0021.jpg?resize=640%2C418\" alt=\"\" class=\"wp-image-37160 lazyload\" data-srcset=\"https:\/\/i0.wp.com\/elterritorialweb.com.ar\/web\/wp-content\/uploads\/2022\/03\/IMG-20220320-WA0021.jpg?resize=1024%2C668&amp;ssl=1 1024w, https:\/\/i0.wp.com\/elterritorialweb.com.ar\/web\/wp-content\/uploads\/2022\/03\/IMG-20220320-WA0021.jpg?resize=300%2C196&amp;ssl=1 300w, https:\/\/i0.wp.com\/elterritorialweb.com.ar\/web\/wp-content\/uploads\/2022\/03\/IMG-20220320-WA0021.jpg?resize=768%2C501&amp;ssl=1 768w, https:\/\/i0.wp.com\/elterritorialweb.com.ar\/web\/wp-content\/uploads\/2022\/03\/IMG-20220320-WA0021.jpg?w=1280&amp;ssl=1 1280w\" data-sizes=\"(max-width: 640px) 100vw, 640px\" src=\"data:image\/svg+xml;base64,PHN2ZyB3aWR0aD0iMSIgaGVpZ2h0PSIxIiB4bWxucz0iaHR0cDovL3d3dy53My5vcmcvMjAwMC9zdmciPjwvc3ZnPg==\" style=\"--smush-placeholder-width: 640px; --smush-placeholder-aspect-ratio: 640\/418;\" \/><\/a><\/figure>\n\n\n\n<p>Al respecto, el intendente Pablo Mirolo destac\u00f3 el esfuerzo de cada sector que se encuentra involucrado en el proceso de cambio, en lo arquitect\u00f3nico, la seguridad, el medio ambiente y los nuevos criterios comerciales que son algunos de los niveles a considerar en este proceso.<br>\u00a0\u201cEstamos orgullosos del trabajo conjunto que venimos realizando junto a Came con quienes estamos en dialogo permanente, participando de encuentros virtuales para continuar fortaleciendo el proyecto que se encuentra en su etapa final sobre calle Rivadavia\u201d, destac\u00f3 el jefe comunal.<br>Cabe destacar, que La Banda fue una de las primeras ciudades del NOA en adherirse al programa y gracias al trabajo en conjunto entre el municipio y el Centro de Comercio e Industria ya se ha renovado y modernizado gran parte del sector comercial de la ciudad.<\/p>\n","protected":false},"excerpt":{"rendered":"<p>La Municipalidad de La Banda iniciar\u00e1 la \u00faltima etapa de la obra de semipeatonalizaci\u00f3n de la calle Rivadav\u00eda con la que se concluir\u00e1 el proyecto de creaci\u00f3n de un \u00abCentro comercial a cielo abierto\u00bb que es desarrollado conjuntamente con la Confederaci\u00f3n Argentina de la Mediana Empresa (CAME).<\/p>\n","protected":false},"author":2,"featured_media":37159,"comment_status":"open","ping_status":"open","sticky":false,"template":"","format":"standard","meta":{"om_disable_all_campaigns":false,"_monsterinsights_skip_tracking":false,"_monsterinsights_sitenote_active":false,"_monsterinsights_sitenote_note":"","_monsterinsights_sitenote_category":0,"_uf_show_specific_survey":0,"_uf_disable_surveys":false,"jetpack_post_was_ever_published":false,"_jetpack_newsletter_access":"","_jetpack_dont_email_post_to_subs":false,"_jetpack_newsletter_tier_id":0,"_jetpack_memberships_contains_paywalled_content":false,"_jetpack_memberships_contains_paid_content":false,"footnotes":"","jetpack_publicize_message":"","jetpack_publicize_feature_enabled":true,"jetpack_social_post_already_shared":false,"jetpack_social_options":{"image_generator_settings":{"template":"highway","default_image_id":0,"font":"","enabled":false},"version":2}},"categories":[21],"tags":[],"class_list":["post-37158","post","type-post","status-publish","format-standard","has-post-thumbnail","hentry","category-locales"],"aioseo_notices":[],"views":16,"jetpack_publicize_connections":[],"jetpack_featured_media_url":"https:\/\/i0.wp.com\/elterritorialweb.com.ar\/web\/wp-content\/uploads\/2022\/03\/IMG-20220320-WA0020.jpg?fit=1500%2C850&ssl=1","jetpack_sharing_enabled":true,"_links":{"self":[{"href":"https:\/\/elterritorialweb.com.ar\/web\/wp-json\/wp\/v2\/posts\/37158","targetHints":{"allow":["GET"]}}],"collection":[{"href":"https:\/\/elterritorialweb.com.ar\/web\/wp-json\/wp\/v2\/posts"}],"about":[{"href":"https:\/\/elterritorialweb.com.ar\/web\/wp-json\/wp\/v2\/types\/post"}],"author":[{"embeddable":true,"href":"https:\/\/elterritorialweb.com.ar\/web\/wp-json\/wp\/v2\/users\/2"}],"replies":[{"embeddable":true,"href":"https:\/\/elterritorialweb.com.ar\/web\/wp-json\/wp\/v2\/comments?post=37158"}],"version-history":[{"count":1,"href":"https:\/\/elterritorialweb.com.ar\/web\/wp-json\/wp\/v2\/posts\/37158\/revisions"}],"predecessor-version":[{"id":37161,"href":"https:\/\/elterritorialweb.com.ar\/web\/wp-json\/wp\/v2\/posts\/37158\/revisions\/37161"}],"wp:featuredmedia":[{"embeddable":true,"href":"https:\/\/elterritorialweb.com.ar\/web\/wp-json\/wp\/v2\/media\/37159"}],"wp:attachment":[{"href":"https:\/\/elterritorialweb.com.ar\/web\/wp-json\/wp\/v2\/media?parent=37158"}],"wp:term":[{"taxonomy":"category","embeddable":true,"href":"https:\/\/elterritorialweb.com.ar\/web\/wp-json\/wp\/v2\/categories?post=37158"},{"taxonomy":"post_tag","embeddable":true,"href":"https:\/\/elterritorialweb.com.ar\/web\/wp-json\/wp\/v2\/tags?post=37158"}],"curies":[{"name":"wp","href":"https:\/\/api.w.org\/{rel}","templated":true}]}}